{"id":325406,"date":"2026-01-06T04:31:09","date_gmt":"2026-01-06T04:31:09","guid":{"rendered":"https:\/\/www.europesays.com\/es\/325406\/"},"modified":"2026-01-06T04:31:09","modified_gmt":"2026-01-06T04:31:09","slug":"gordon-ramsay-habla-por-primera-vez-sobre-la-boda-de-su-hija-y-revela-sus-secretos-fue-una-tarea-dificil","status":"publish","type":"post","link":"https:\/\/www.europesays.com\/es\/325406\/","title":{"rendered":"Gordon Ramsay habla por primera vez sobre la boda de su hija y revela sus secretos: \u201cFue una tarea dif\u00edcil\u00bb"},"content":{"rendered":"<p id=\"e1hlOtjrZC\" data-wc=\"112\">Las Navidades son unas fiestas especiales, marcadas por los reencuentros y los d\u00edas familiares, pero desde ahora tienen adem\u00e1s un significado m\u00e1s especial a\u00fan para la numeros\u00edsima familia de<strong>\u00a0Gordon Ramsay.<\/strong> Holly, la segunda de los seis hijos del prestigioso chef, <a class=\"hm-link ho-link\" href=\"https:\/\/www.hola.com\/actualidad\/20251227874963\/hija-chef-gordon-ramsay-boda-adam-peaty-beckham-invitados\/\" data-mrf-recirculation=\"article-body-link\" rel=\"nofollow noopener\" target=\"_blank\">se cas\u00f3 el \u00faltimo fin de semana del 2025<\/a> con el nadador Adam Peaty en la ciudad inglesa de Bath. Los vecinos se echaron a la calle para acompa\u00f1ar a los novios en su gran d\u00eda y disfrutar en primera l\u00ednea de este acontecimiento al que asistieron personalidades como los Beckham.<strong>\u00a0Una boda para el recuerdo de la que el ganador de 17 estrellas Michelin se ha pronunciado por primera vez.<\/strong><\/p>\n<p> <img src=\"https:\/\/www.europesays.com\/es\/wp-content\/uploads\/2026\/01\/4ce25559520f-gettyimages-2253710107.jpg\"   width=\"1024\" height=\"763\" loading=\"lazy\" decoding=\"async\" alt=\"El chef Gordon Ramsay en la boda de su hija Holly\" fetchpriority=\"auto\" class=\"image ho-image\"\/>\u00a9 Getty Images<\/p>\n<p id=\"eORT4sExfUT\" data-wc=\"106\">Due\u00f1o de un gran imperio gastron\u00f3mico, Ramsay se ha mostrado a\u00fan en una nube por todas las emociones que vivi\u00f3 al acompa\u00f1ar a su hija al altar en la Abad\u00eda de Bath. El primer momento impactante para \u00e9l fue ver a Holly con el mismo vestido de novia que llev\u00f3 su madre, Tana Ramsay, un look lleno de recuerdos para el chef. \u00ab<strong>Fue un poco impactante porque lo llev\u00f3 puesto durante la mayor parte de la noche<\/strong>\u00ab, ha dicho en This Morning, programa del canal ITV en el que ha reaparecido tras el gran acontecimiento que estuvo salpicado por la<a class=\"hm-link ho-link\" href=\"https:\/\/www.hola.com\/actualidad\/20251205871410\/gordon-ramsay-detalles-boda-hija-holly-polemica\/\" data-mrf-recirculation=\"article-body-link\" rel=\"nofollow noopener\" target=\"_blank\"> pol\u00e9mica con la familia del novio.<\/a><\/p>\n<p id=\"ejssAINUb7\" data-wc=\"118\">La novia llev\u00f3 un total de cinco vestidos. El principal, que cubri\u00f3 con una capa al llegar a la iglesia a bordo de un Rolls-Royce Phantom, lo firmaba Elie Saab y estaba inspirado en los looks nupciales de Kate Middleton y Grace Kelly. En la celebraci\u00f3n, que fue en Kin House, rescat\u00f3 el de su madre de 1996, una pieza que no tuvo ni siquiera que arreglar<strong>. Tambi\u00e9n en la fiesta eligi\u00f3 un minivestido de lentejuelas de Elie Saab y en el brunch del d\u00eda siguiente luci\u00f3 uno con espalda al aire y mangas de plumas de Philosophy Di\u202fLorenzo\u202fSerafini.<\/strong> En la preboda llev\u00f3 una creaci\u00f3n de Victoria Beckham, que dise\u00f1\u00f3 los estilismos rojos de las damas de honor.<\/p>\n<p> <img src=\"https:\/\/www.europesays.com\/es\/wp-content\/uploads\/2026\/01\/ba19f967a2d7-gettyimages-2253710019.jpg\"   width=\"700\" height=\"1024\" loading=\"lazy\" decoding=\"async\" alt=\"Las damas de honor de la boda de Holly Ramsay\" fetchpriority=\"auto\" class=\"image ho-image\"\/>\u00a9 Getty Images<\/p>\n<p id=\"ePF9smzQ5o\" data-wc=\"81\">El juez de la edici\u00f3n brit\u00e1nica de MasterChef intervino durante la ceremonia con un discurso que emocion\u00f3 a todos los all\u00ed presentes y del que se ha sincerado en televisi\u00f3n: \u00abEs dif\u00edcil, sinceramente. Quiero decir,<strong>\u00a0siendo padre de tres hijas, sue\u00f1as con que llegue ese momento\u00a0<\/strong>y, s\u00ed, te sientes como un desastre. Fue perfecto. Sali\u00f3 bien, y es que tienes que ser c\u00e1lido, emotivo, fue una tarea dif\u00edcil\u00bb. Tambi\u00e9n se encarg\u00f3 del men\u00fa, concretamente del solomillo Wellington y los maridajes.<\/p>\n<p id=\"ee5AcHohke\" data-wc=\"87\">Para preparar el mensaje que quer\u00eda transmitir a los novios, el presentador de Hell\u2019s Kitchen\u00a0cont\u00f3 con la ayuda de su hija mayor, Tilly. \u00abCreo que era Nochebuena. Estuve sentada en su habitaci\u00f3n durante una hora mientras \u00e9l lo le\u00eda y lo revisaba todo. No hizo falta retocarlo. Era perfecto. <strong>Hizo llorar a todo el mundo<\/strong>\u00ab, ha dicho la joven, que ha seguido sus pasos en el mundo de la cocina, ha lanzado su propia colecci\u00f3n de vajillas y es tambi\u00e9n muy conocida en las redes sociales.<\/p>\n<p> <img src=\"https:\/\/www.europesays.com\/es\/wp-content\/uploads\/2026\/01\/1f36227f226c-ramsay2.jpg\"   width=\"1024\" height=\"659\" loading=\"lazy\" decoding=\"async\" alt=\"Gordon Ramsay y su hija Tilly en This Morning\" fetchpriority=\"auto\" class=\"image ho-image\"\/>\u00a9 ITV<\/p>\n<p id=\"exysVz3h-f\" data-wc=\"110\"><strong>Tilly fue dama de honor del enlace, igual que su hermana Mega<\/strong><strong>n<\/strong>. Ambas ayudaron a la novia con todos los preparativos, le organizaron una divertida despedida de soltera a la que asisti\u00f3 Victoria Beckham y est\u00e1n plet\u00f3ricas de que todo saliese como Holly deseaba: \u00abFue muy, muy emotivo, pero incre\u00edble verla a ella y a Adam tan felices. Y s\u00ed, fue un gran d\u00eda para todos nosotros\u00bb. La mayor de los Ramsay tiene adem\u00e1s un papel clave en la historia de amor, ya que todo comenz\u00f3 cuando fich\u00f3 por el programa\u00a0Strictly Come Dancing (la versi\u00f3n brit\u00e1nica de\u00a0Bailando con las estrellas) en la misma edici\u00f3n que su ya cu\u00f1ado.\u00a0<\/p>\n","protected":false},"excerpt":{"rendered":"Las Navidades son unas fiestas especiales, marcadas por los reencuentros y los d\u00edas familiares, pero desde ahora tienen&hellip;\n","protected":false},"author":2,"featured_media":325407,"comment_status":"","ping_status":"","sticky":false,"template":"","format":"standard","meta":{"footnotes":""},"categories":[174],"tags":[517,3164,12168,255,146,147,25,24,256,71530,23],"class_list":{"0":"post-325406","1":"post","2":"type-post","3":"status-publish","4":"format-standard","5":"has-post-thumbnail","7":"category-famosos","8":"tag-actualidad","9":"tag-bodas","10":"tag-bodas-de-famosos","11":"tag-celebrities","12":"tag-entertainment","13":"tag-entretenimiento","14":"tag-es","15":"tag-espana","16":"tag-famosos","17":"tag-gordon-ramsay","18":"tag-spain"},"share_on_mastodon":{"url":"https:\/\/pubeurope.com\/@es\/115846282189354071","error":""},"_links":{"self":[{"href":"https:\/\/www.europesays.com\/es\/wp-json\/wp\/v2\/posts\/325406","targetHints":{"allow":["GET"]}}],"collection":[{"href":"https:\/\/www.europesays.com\/es\/wp-json\/wp\/v2\/posts"}],"about":[{"href":"https:\/\/www.europesays.com\/es\/wp-json\/wp\/v2\/types\/post"}],"author":[{"embeddable":true,"href":"https:\/\/www.europesays.com\/es\/wp-json\/wp\/v2\/users\/2"}],"replies":[{"embeddable":true,"href":"https:\/\/www.europesays.com\/es\/wp-json\/wp\/v2\/comments?post=325406"}],"version-history":[{"count":0,"href":"https:\/\/www.europesays.com\/es\/wp-json\/wp\/v2\/posts\/325406\/revisions"}],"wp:featuredmedia":[{"embeddable":true,"href":"https:\/\/www.europesays.com\/es\/wp-json\/wp\/v2\/media\/325407"}],"wp:attachment":[{"href":"https:\/\/www.europesays.com\/es\/wp-json\/wp\/v2\/media?parent=325406"}],"wp:term":[{"taxonomy":"category","embeddable":true,"href":"https:\/\/www.europesays.com\/es\/wp-json\/wp\/v2\/categories?post=325406"},{"taxonomy":"post_tag","embeddable":true,"href":"https:\/\/www.europesays.com\/es\/wp-json\/wp\/v2\/tags?post=325406"}],"curies":[{"name":"wp","href":"https:\/\/api.w.org\/{rel}","templated":true}]}}