{"id":325431,"date":"2026-01-06T04:55:11","date_gmt":"2026-01-06T04:55:11","guid":{"rendered":"https:\/\/www.europesays.com\/es\/325431\/"},"modified":"2026-01-06T04:55:11","modified_gmt":"2026-01-06T04:55:11","slug":"sara-carbonero-ingresada-de-urgencia-en-un-hospital-de-lanzarote-mientras-disfrutaba-de-sus-vacaciones","status":"publish","type":"post","link":"https:\/\/www.europesays.com\/es\/325431\/","title":{"rendered":"Sara Carbonero, ingresada de urgencia en un hospital de Lanzarote mientras disfrutaba de sus vacaciones"},"content":{"rendered":"<p class=\"paragraph\" id=\"paragraph_1\"><a href=\"https:\/\/www.elespanol.com\/corazon\/famosos\/20251005\/imagenes-dia-emotivo-poderoso-gesto-sara-carbonero-mujer-anonima-atraviesa-dificil-situacion\/1003743955515_3.html?utm_cmp_rs=linksinline\" rel=\"nofollow noopener\" target=\"_blank\"><strong>Sara Carbonero<\/strong><\/a> (41 a\u00f1os) ha sido <strong>ingresada de urgencia en Lanzarote<\/strong> mientras disfrutaba de unos d\u00edas de descanso, acompa\u00f1ada de su pareja, J<strong>os\u00e9 Luis Cabrera<\/strong>, y su amiga <strong>Isabel Jim\u00e9nez<\/strong> (43).<\/p>\n<p class=\"paragraph\" id=\"paragraph_2\">La periodista, que ha dado la bienvenida a 2026 en La Graciosa, <strong>sufri\u00f3 unas molestias el pasado viernes<\/strong>, 2 de enero, que la llevaron directamente a urgencias, seg\u00fan ha desvelado la revista Semana este lunes, d\u00eda 5.<\/p>\n<p class=\"paragraph\" id=\"paragraph_3\">Carbonero <strong>comenz\u00f3 a encontrarse mal<\/strong> y decidi\u00f3 acudir a un hospital, donde decidieron ingresarla de manera inmediata para mantenerla en <strong>observaci\u00f3n<\/strong> y realizarle distintas pruebas, teniendo en cuenta su historial m\u00e9dico.<\/p>\n<p><img loading=\"lazy\" decoding=\"async\" alt=\"Sara Carbonero en la gala ELLE x Hope.\" height=\"180\" src=\"https:\/\/www.europesays.com\/es\/wp-content\/uploads\/2026\/01\/894170668_250075079_320x180.jpg\" width=\"320\" data-lazy-status=\"processed\" data-lazy-info=\"remove loading item 1\"\/><\/p>\n<p class=\"paragraph\" id=\"paragraph_4\">Por el momento, se desconoce el parte exacto y el alcance del problema. Seg\u00fan el citado medio, <strong>no se descarta un traslado a otro hospital fuera de Lanzarote<\/strong>.<\/p>\n<p class=\"paragraph\" id=\"paragraph_5\">Un inesperado rev\u00e9s, pues la periodista deportiva <strong>se encontraba disfrutando de sus vacaciones con total normalidad<\/strong>. Ella misma compart\u00eda im\u00e1genes de su escapada junto a un emotivo texto en el que desvelaba sus deseos para el a\u00f1o entrante.<\/p>\n<p class=\"paragraph\" id=\"paragraph_6\">\u00abLas \u00faltimas horas de 2025 y las primeras de 2026 no han podido ser mejores. Ba\u00f1o en el mar, la isla m\u00e1s bonita y una compa\u00f1\u00eda de lujo. \u00daltimamente aparezco poco por aqu\u00ed, pero<strong> quer\u00eda desearos a todos un a\u00f1o lleno de paz y tranquilidad<\/strong>, de momentos que cuenten y de personas que sumen\u00bb, escrib\u00eda la manchega.<\/p>\n<p class=\"paragraph\" id=\"paragraph_7\">\u00abDesde hace unos a\u00f1os,<strong> mi deseo siempre es el mismo<\/strong>. <strong>Mucha salud y mucho amor para todos<\/strong>\u00ab, confesaba Carbonero sin imaginar que d\u00edas m\u00e1s tarde ingresar\u00eda en el hospital.<\/p>\n<p><img decoding=\"async\" alt=\"Sara Carbonero en la gala ELLE x Hope 2024.\" data-imgm=\"true\" height=\"180\" loading=\"lazy\"  src=\"https:\/\/www.europesays.com\/es\/wp-content\/uploads\/2026\/01\/894170668_250075076_1024x576.jpg\"  width=\"320\"\/><\/p>\n<p>                                                            Sara Carbonero en la gala ELLE x Hope 2024.<\/p>\n<p>                    Gtres<\/p>\n<p class=\"paragraph\" id=\"paragraph_8\">De momento, <strong>su entorno mantiene la m\u00e1xima discreci\u00f3n<\/strong> a la espera de que la propia periodista o sus allegados decidan informar con m\u00e1s detalle.<\/p>\n<p class=\"paragraph\" id=\"paragraph_9\">A su lado se encuentra su pareja, quien no se ha separado de ella en ning\u00fan momento, seg\u00fan la informaci\u00f3n que maneja la revista. Este mismo medio, por otro lado, asegura que el padre de sus hijos, <strong>Iker Casillas<\/strong> (44), <strong>est\u00e1 al tanto de lo ocurrido y muy pendiente de la evoluci\u00f3n de Sara<\/strong> Carbonero.<\/p>\n<p>Su historial m\u00e9dico<\/p>\n<p class=\"paragraph\" id=\"paragraph_10\">Hasta ahora <strong>se desconoce si el ingreso est\u00e1 relacionado con el c\u00e1ncer de ovarios que le fue diagnosticado en 2019<\/strong>, en una revisi\u00f3n rutinaria cuando ten\u00eda 35 a\u00f1os. Tras ello fue operada y comenz\u00f3 el tratamiento indicado.<\/p>\n<p class=\"paragraph\" id=\"paragraph_11\">Dos a\u00f1os m\u00e1s tarde, <strong>en febrero de 2021<\/strong>, <strong>volvi\u00f3 a ser ingresada y operada por una complicaci\u00f3n relacionada con la enfermedad<\/strong> en la Cl\u00ednica Universidad de Navarra. Una intervenci\u00f3n que los m\u00e9dicos calificaron de exitosa.<\/p>\n<p class=\"paragraph\" id=\"paragraph_12\"><strong>A finales de 2022<\/strong>, Sara Carbonero <strong>se enfrent\u00f3 a otra operaci\u00f3n de urgencia<\/strong> en la misma cl\u00ednica, de la que recibi\u00f3 el alta una semana despu\u00e9s y que ella describi\u00f3 como un susto m\u00e1s en su proceso.<\/p>\n<p class=\"paragraph\" id=\"paragraph_13\">En 2024, <strong>cinco a\u00f1os despu\u00e9s de su diagn\u00f3stico<\/strong>, la manchega <strong>consigui\u00f3 hablar p\u00fablicamente de su enfermedad<\/strong>. Lo hizo en la IV edici\u00f3n de ELLE x Hope, la gala ben\u00e9fica de ELLE en apoyo a la lucha contra el c\u00e1ncer.<\/p>\n<p class=\"paragraph\" id=\"paragraph_14\">\u00abHe mirado mucho para adentro y me he dado cuenta de que esta traves\u00eda, a lo largo de este desierto, se hace mucho mejor acompa\u00f1ada; que <strong>hay que normalizar el c\u00e1ncer<\/strong>, que mostrarnos vulnerables no es malo, sino todo lo contrario. Nadie es perfecto ni lo pretendemos\u00bb, expres\u00f3 entonces.<\/p>\n<p class=\"paragraph\" id=\"paragraph_15\">En estos a\u00f1os, la manchega tambi\u00e9n ha aprendido sobre el <strong>poder del amor<\/strong>. \u00abEs tan potente, que es capaz de transformarlo todo\u00bb, asegur\u00f3 en aquel discurso. Un gesto que pr\u00e1cticamente repiti\u00f3 hace unos d\u00edas para dar la bienvenida al 2026: \u00abMucha salud y mucho amor para todos\u00bb.<\/p>\n","protected":false},"excerpt":{"rendered":"Sara Carbonero (41 a\u00f1os) ha sido ingresada de urgencia en Lanzarote mientras disfrutaba de unos d\u00edas de descanso,&hellip;\n","protected":false},"author":2,"featured_media":325432,"comment_status":"","ping_status":"","sticky":false,"template":"","format":"standard","meta":{"footnotes":""},"categories":[174],"tags":[255,146,147,25,24,256,12312,166,15968,23],"class_list":{"0":"post-325431","1":"post","2":"type-post","3":"status-publish","4":"format-standard","5":"has-post-thumbnail","7":"category-famosos","8":"tag-celebrities","9":"tag-entertainment","10":"tag-entretenimiento","11":"tag-es","12":"tag-espana","13":"tag-famosos","14":"tag-isabel-jimenez","15":"tag-salud","16":"tag-sara-carbonero","17":"tag-spain"},"share_on_mastodon":{"url":"https:\/\/pubeurope.com\/@es\/115846376573317607","error":""},"_links":{"self":[{"href":"https:\/\/www.europesays.com\/es\/wp-json\/wp\/v2\/posts\/325431","targetHints":{"allow":["GET"]}}],"collection":[{"href":"https:\/\/www.europesays.com\/es\/wp-json\/wp\/v2\/posts"}],"about":[{"href":"https:\/\/www.europesays.com\/es\/wp-json\/wp\/v2\/types\/post"}],"author":[{"embeddable":true,"href":"https:\/\/www.europesays.com\/es\/wp-json\/wp\/v2\/users\/2"}],"replies":[{"embeddable":true,"href":"https:\/\/www.europesays.com\/es\/wp-json\/wp\/v2\/comments?post=325431"}],"version-history":[{"count":0,"href":"https:\/\/www.europesays.com\/es\/wp-json\/wp\/v2\/posts\/325431\/revisions"}],"wp:featuredmedia":[{"embeddable":true,"href":"https:\/\/www.europesays.com\/es\/wp-json\/wp\/v2\/media\/325432"}],"wp:attachment":[{"href":"https:\/\/www.europesays.com\/es\/wp-json\/wp\/v2\/media?parent=325431"}],"wp:term":[{"taxonomy":"category","embeddable":true,"href":"https:\/\/www.europesays.com\/es\/wp-json\/wp\/v2\/categories?post=325431"},{"taxonomy":"post_tag","embeddable":true,"href":"https:\/\/www.europesays.com\/es\/wp-json\/wp\/v2\/tags?post=325431"}],"curies":[{"name":"wp","href":"https:\/\/api.w.org\/{rel}","templated":true}]}}