{"id":325455,"date":"2026-01-06T05:16:12","date_gmt":"2026-01-06T05:16:12","guid":{"rendered":"https:\/\/www.europesays.com\/es\/325455\/"},"modified":"2026-01-06T05:16:12","modified_gmt":"2026-01-06T05:16:12","slug":"aragon-cadete-gana-a-cataluna-en-cuartos-con-33-puntos-y-21-rebotes-de-keita","status":"publish","type":"post","link":"https:\/\/www.europesays.com\/es\/325455\/","title":{"rendered":"Arag\u00f3n cadete gana a Catalu\u00f1a en cuartos con 33 puntos y 21 rebotes de Keita"},"content":{"rendered":"<p class=\"ft-text\"><strong>Arag\u00f3n <\/strong>avanza a las semifinales del <strong>Campeonato de Espa\u00f1a <\/strong>cadete masculino que se est\u00e1 celebrando en Zaragoza. El combinado aragon\u00e9s se ha impuesto este lunes a Catalu\u00f1a en el cruce de cuartos de final por <strong>67-73 <\/strong>con otra actuaci\u00f3n estelar de <strong>Soumalia Keita, <\/strong>canterano llegado este curso al<strong> Casademont Zaragoza<\/strong> y que juega en el equipo U22 del club aragon\u00e9s.<\/p>\n<p class=\"ft-text\">El interior ha disputado 36 minutos de la eliminatoria sumando <strong>33 puntos y 21 rebotes para 49 cr\u00e9ditos de valoraci\u00f3n, <\/strong>siendo con diferencia el jugador m\u00e1s diferencial del partido. Ha firmado una carta de tiro de 13\/16 en tiros de dos y 7\/12 en tiros libres al haber recibido ocho faltas personales. Adem\u00e1s, Tovar ha aportado 19 puntos y 7 rebotes y Gimeno, 13 puntos.<\/p>\n<p class=\"ft-text\">Ahora Arag\u00f3n se medir\u00e1 a la<strong> Comunidad Valenciana en semifinales<\/strong>, despu\u00e9s de que los levantinos se hayan impuesto a Canarias por 81-72. E<strong>l equipo femenino super\u00f3 a La Rioja por 62-44<\/strong> y ahora le espera Navarra en la pelea por los puestos del 9 al 12 este martes a las 11.30 horas. Luc\u00eda Fern\u00e1ndez, con 17 puntos, ha sido la m\u00e1xima anotadora.<\/p>\n<p class=\"ft-text\">Por su parte, el c<strong>onjunto infantil masculino ha ca\u00eddo en su partido de cuartos de final <\/strong>frente a la Comunidad Valenciana por 85-53. Pardos, con 24 puntos, ha sido el m\u00e1s destacado de los aragoneses.<\/p>\n<p class=\"ft-text\">El equipo <strong>infantil femenino no ha podido hacer nada <\/strong>en su cruce de cuartos de final ante Andaluc\u00eda, cayendo por 65-14 en un encuentro dominado por las andaluzas de principio a fin.<\/p>\n","protected":false},"excerpt":{"rendered":"Arag\u00f3n avanza a las semifinales del Campeonato de Espa\u00f1a cadete masculino que se est\u00e1 celebrando en Zaragoza. El&hellip;\n","protected":false},"author":2,"featured_media":325456,"comment_status":"","ping_status":"","sticky":false,"template":"","format":"standard","meta":{"footnotes":""},"categories":[269],"tags":[4499,299,298,15593,5369,1980,11059,168,25,24,4355,23,167],"class_list":{"0":"post-325455","1":"post","2":"type-post","3":"status-publish","4":"format-standard","5":"has-post-thumbnail","7":"category-baloncesto","8":"tag-aragon","9":"tag-baloncesto","10":"tag-basketball","11":"tag-cadete","12":"tag-casademont-zaragoza","13":"tag-cataluna","14":"tag-cuartos","15":"tag-deportes","16":"tag-es","17":"tag-espana","18":"tag-gana","19":"tag-spain","20":"tag-sports"},"share_on_mastodon":{"url":"https:\/\/pubeurope.com\/@es\/115846459220382014","error":""},"_links":{"self":[{"href":"https:\/\/www.europesays.com\/es\/wp-json\/wp\/v2\/posts\/325455","targetHints":{"allow":["GET"]}}],"collection":[{"href":"https:\/\/www.europesays.com\/es\/wp-json\/wp\/v2\/posts"}],"about":[{"href":"https:\/\/www.europesays.com\/es\/wp-json\/wp\/v2\/types\/post"}],"author":[{"embeddable":true,"href":"https:\/\/www.europesays.com\/es\/wp-json\/wp\/v2\/users\/2"}],"replies":[{"embeddable":true,"href":"https:\/\/www.europesays.com\/es\/wp-json\/wp\/v2\/comments?post=325455"}],"version-history":[{"count":0,"href":"https:\/\/www.europesays.com\/es\/wp-json\/wp\/v2\/posts\/325455\/revisions"}],"wp:featuredmedia":[{"embeddable":true,"href":"https:\/\/www.europesays.com\/es\/wp-json\/wp\/v2\/media\/325456"}],"wp:attachment":[{"href":"https:\/\/www.europesays.com\/es\/wp-json\/wp\/v2\/media?parent=325455"}],"wp:term":[{"taxonomy":"category","embeddable":true,"href":"https:\/\/www.europesays.com\/es\/wp-json\/wp\/v2\/categories?post=325455"},{"taxonomy":"post_tag","embeddable":true,"href":"https:\/\/www.europesays.com\/es\/wp-json\/wp\/v2\/tags?post=325455"}],"curies":[{"name":"wp","href":"https:\/\/api.w.org\/{rel}","templated":true}]}}