{"id":325471,"date":"2026-01-06T05:27:18","date_gmt":"2026-01-06T05:27:18","guid":{"rendered":"https:\/\/www.europesays.com\/es\/325471\/"},"modified":"2026-01-06T05:27:18","modified_gmt":"2026-01-06T05:27:18","slug":"vuelve-la-serie-de-moviles-xiaomi-mas-vendida-ano-tras-ano-cuando-podras-comprar-el-redmi-note-15-en-espana","status":"publish","type":"post","link":"https:\/\/www.europesays.com\/es\/325471\/","title":{"rendered":"Vuelve la serie de m\u00f3viles Xiaomi m\u00e1s vendida a\u00f1o tras a\u00f1o. Cu\u00e1ndo podr\u00e1s comprar el REDMI Note 15 en Espa\u00f1a"},"content":{"rendered":"<p>Xiaomi tiene tres marcas de m\u00f3viles y m\u00faltiples series en cada una de ellas, y hay algunas que se venden muy bien. Pero <strong>los aut\u00e9nticos reyes de la gama media<\/strong>, la familia que mejor se vende a\u00f1o tras a\u00f1o, son los REDMI Note.\u00a0<\/p>\n<p>Y es que son los favoritos de los fans, y quien suele probarlos y comprarse uno acaba encantado\/a por lo general -siempre hay excepciones, claro. Por ello, hace tiempo que esper\u00e1bamos este anuncio:<strong> la fecha de los REDMI Note 15 en Espa\u00f1a.<\/strong><\/p>\n<p>REDMI Note 15, fecha y precio de su salida en Espa\u00f1a<\/p>\n<p>Fue el verano del a\u00f1o pasado, en agosto de 2025, cuando <a class=\"text-outboundlink\" href=\"https:\/\/www.mundoxiaomi.com\/moviles\/abran-paso-al-xiaomi-redmi-note-15-pro-llega-rey-gama-media\" data-vars-post-title=\"Abran paso al Xiaomi REDMI Note 15 Pro+: llega el Rey de la gama media\" data-vars-post-url=\"https:\/\/www.mundoxiaomi.com\/moviles\/abran-paso-al-xiaomi-redmi-note-15-pro-llega-rey-gama-media\" rel=\"nofollow noopener\" target=\"_blank\">la familia REDMI Note present\u00f3 su nueva serie, los Note 15<\/a>. Desde ese punto y hora, los m\u00f3viles empezaron a vender muy bien en el mercado chino. Y desde entonces nos pregunt\u00e1bamos <strong>cu\u00e1ndo iban a salir de forma global<\/strong>, hasta que esa pregunta tuvo respuesta el mes pasado, en diciembre.<\/p>\n<p>                   <img class=\"\" height=\"355\" width=\"800\" loading=\"lazy\" decoding=\"async\"  fetchpriority=\"high\"  src=\"https:\/\/www.europesays.com\/es\/wp-content\/uploads\/2026\/01\/1767677237_2_450_1000.jpeg\" alt=\"Redmi Note 15 2\"\/><\/p>\n<p>Pero los modelos <a class=\"text-outboundlink\" href=\"https:\/\/www.mundoxiaomi.com\/noticias\/mejores-gama-media-mundo-estan-aqui-familia-redmi-note-15-llega-a-nivel-global-a-espera-su-lanzamiento-espana\" data-vars-post-title=\"Los Redmi Note 15 debutan a nivel Global como los mejores gamas media del mundo: ahora solo falta su llegada a Espa\u00f1a\" data-vars-post-url=\"https:\/\/www.mundoxiaomi.com\/noticias\/mejores-gama-media-mundo-estan-aqui-familia-redmi-note-15-llega-a-nivel-global-a-espera-su-lanzamiento-espana\" rel=\"nofollow noopener\" target=\"_blank\">salieron en solo algunas partes de Europa<\/a>, como Italia y Polonia, y a\u00fan no eran oficiales en otros mercados como el de Espa\u00f1a. Pues eso acaba de ser resuelto y ya tenemos la fecha:<strong> el 15 de enero, la semana pr\u00f3xima, a las 10 de la ma\u00f1ana<\/strong> ser\u00e1 su presentaci\u00f3n en Espa\u00f1a. No conocemos a\u00fan el precio, pero s\u00ed detalles<\/p>\n<p>Seg\u00fan <a rel=\"nofollow, sponsored, noopener, noreferrer\" target=\"_blank\" class=\"js-ecommerce\" id=\"link-ecommerce-1\" href=\"https:\/\/www.mundoxiaomi.com\/redirect?url=https%3A%2F%2Fwww.mi.com%2Fes%2Fevent%2F2026%2Fredmi-note-15-series-product-launch%2F&amp;category=moviles&amp;ecomPostExpiration=everlasting&amp;postId=245383\" data-vars-affiliate-url=\"https:\/\/www.mi.com\/es\/event\/2026\/redmi-note-15-series-product-launch\/\">la web de Xiaomi<\/a>:<\/p>\n<ul>\n<li value=\"1\">los REDMI Note 15 montan <strong>una generosa bater\u00eda de 6580 mAh<\/strong> \u00abq<strong>ue ofrece hasta 2 d\u00edas de uso<\/strong>\u00ab<\/li>\n<li value=\"2\">Est\u00e1n fabricados en una carcasa con<strong> estructura REDMI Titan, soportando ca\u00eddas de hasta 2 metros y medio<\/strong>. Adem\u00e1s tienen resistencia IP66\/IP68 al polvo y al agua.<\/li>\n<li value=\"3\">Y en cuanto a la c\u00e1mara, tenemos un llamativo m\u00f3dulo trasero de cuatro orificios y <strong>una lente principal de 200 megap\u00edxeles impulsada por un motor IA.\u00a0<\/strong><\/li>\n<li value=\"4\"><strong>E<\/strong><strong>l brillo m\u00e1ximo de su pantalla es de 3200 nits<\/strong>, un pico enorme que garantiza ver el m\u00f3vil incluso con el sol d\u00e1ndole de lleno.<\/li>\n<li value=\"5\">\u00a0Adem\u00e1s, monta un <strong>sistema de refrigeraci\u00f3n &#8216;IceLoop&#8217;<\/strong> para asegurarse que el terminal no se sobrecalienta.<\/li>\n<\/ul>\n<p>                   <img class=\"centro_sinmarco\" height=\"800\" width=\"800\" loading=\"lazy\" decoding=\"async\"  fetchpriority=\"high\"  src=\"https:\/\/www.europesays.com\/es\/wp-content\/uploads\/2026\/01\/1767677238_395_450_1000.jpeg\" alt=\"Redmi Note 15 1\"\/><\/p>\n<p>De momento y hasta que llegue el d\u00eda 15, estos son los datos oficiales de los REDMI Note 15 que veremos salir a la venta en Espa\u00f1a. Ese d\u00eda podremos traeros la ficha completa de cada modelo, que desde ya<strong> prometen ser uno de los multiventas m\u00f3viles del 2026.\u00a0<\/strong><\/p>\n<p>V\u00eda | <a rel=\"nofollow, sponsored, noopener, noreferrer\" target=\"_blank\" class=\"js-ecommerce\" id=\"link-ecommerce-2\" href=\"https:\/\/www.mundoxiaomi.com\/redirect?url=https%3A%2F%2Fwww.mi.com%2Fes%2Fevent%2F2026%2Fredmi-note-15-series-product-launch%2F&amp;category=moviles&amp;ecomPostExpiration=everlasting&amp;postId=245383\" data-vars-affiliate-url=\"https:\/\/www.mi.com\/es\/event\/2026\/redmi-note-15-series-product-launch\/\">Xiaomi Espa\u00f1a<\/a><\/p>\n<p>En Mundo Xiaomi | <a class=\"text-outboundlink\" href=\"https:\/\/www.mundoxiaomi.com\/accesorios\/nuevo-cable-carga-xiaomi-tiene-detalle-que-busco-siempre-todos-conector-angulo\" data-vars-post-title=\"El nuevo cable de carga de Xiaomi tiene el detalle que busco siempre en todos: el conector en \u00e1ngulo \" data-vars-post-url=\"https:\/\/www.mundoxiaomi.com\/accesorios\/nuevo-cable-carga-xiaomi-tiene-detalle-que-busco-siempre-todos-conector-angulo\" rel=\"nofollow noopener\" target=\"_blank\">El nuevo cable de carga de Xiaomi tiene el detalle que busco siempre en todos: el conector en \u00e1ngulo<\/a><\/p>\n","protected":false},"excerpt":{"rendered":"Xiaomi tiene tres marcas de m\u00f3viles y m\u00faltiples series en cada una de ellas, y hay algunas que&hellip;\n","protected":false},"author":2,"featured_media":325472,"comment_status":"","ping_status":"","sticky":false,"template":"","format":"standard","meta":{"footnotes":""},"categories":[81],"tags":[119,123,124,25,24,117,121,122,23,118,120],"class_list":{"0":"post-325471","1":"post","2":"type-post","3":"status-publish","4":"format-standard","5":"has-post-thumbnail","7":"category-ciencia-y-tecnologia","8":"tag-ciencia","9":"tag-ciencia-y-tecnologia","10":"tag-cienciaytecnologia","11":"tag-es","12":"tag-espana","13":"tag-science","14":"tag-science-and-technology","15":"tag-scienceandtechnology","16":"tag-spain","17":"tag-technology","18":"tag-tecnologia"},"share_on_mastodon":{"url":"https:\/\/pubeurope.com\/@es\/115846502632609379","error":""},"_links":{"self":[{"href":"https:\/\/www.europesays.com\/es\/wp-json\/wp\/v2\/posts\/325471","targetHints":{"allow":["GET"]}}],"collection":[{"href":"https:\/\/www.europesays.com\/es\/wp-json\/wp\/v2\/posts"}],"about":[{"href":"https:\/\/www.europesays.com\/es\/wp-json\/wp\/v2\/types\/post"}],"author":[{"embeddable":true,"href":"https:\/\/www.europesays.com\/es\/wp-json\/wp\/v2\/users\/2"}],"replies":[{"embeddable":true,"href":"https:\/\/www.europesays.com\/es\/wp-json\/wp\/v2\/comments?post=325471"}],"version-history":[{"count":0,"href":"https:\/\/www.europesays.com\/es\/wp-json\/wp\/v2\/posts\/325471\/revisions"}],"wp:featuredmedia":[{"embeddable":true,"href":"https:\/\/www.europesays.com\/es\/wp-json\/wp\/v2\/media\/325472"}],"wp:attachment":[{"href":"https:\/\/www.europesays.com\/es\/wp-json\/wp\/v2\/media?parent=325471"}],"wp:term":[{"taxonomy":"category","embeddable":true,"href":"https:\/\/www.europesays.com\/es\/wp-json\/wp\/v2\/categories?post=325471"},{"taxonomy":"post_tag","embeddable":true,"href":"https:\/\/www.europesays.com\/es\/wp-json\/wp\/v2\/tags?post=325471"}],"curies":[{"name":"wp","href":"https:\/\/api.w.org\/{rel}","templated":true}]}}