{"id":325479,"date":"2026-01-06T05:31:09","date_gmt":"2026-01-06T05:31:09","guid":{"rendered":"https:\/\/www.europesays.com\/es\/325479\/"},"modified":"2026-01-06T05:31:09","modified_gmt":"2026-01-06T05:31:09","slug":"en-directo-maduro-se-declara-inocente-ante-un-tribunal-de-nueva-york-todavia-soy-el-presidente-de-venezuela-la-voz-de-galicia","status":"publish","type":"post","link":"https:\/\/www.europesays.com\/es\/325479\/","title":{"rendered":"En directo | Maduro se declara inocente ante un tribunal de Nueva York: \u00abTodav\u00eda soy el presidente de Venezuela\u00bb &#8211; La Voz de Galicia"},"content":{"rendered":"<ol>\n<li><a href=\"https:\/\/news.google.com\/rss\/articles\/CBMihAJBVV95cUxOZHJ3RDQ0eU91VTJsby0tc2o3WmZ2MmRHU0lsT0kzR0FVSVVCdVdNU2V4OVpya2phdG5ORDJBQVJPOWZPMmxMdUZnVk9pdHRDZkVFTzFudHpMdEcyUnRrdjFzUFN1U280UnR3SXpLdU9jV0tfcHdUQkJtbEtLamZCeU5QTkI3Rk01U1BGdlZJa1o2U1h4d09QWVdDMjJWRUdsNzFBUHlIWWFlZVZ1Rzh1ZnFnSy1nMzl1SHpPUXdvRGxBenpvR003bzNNcnhiRjNNWlNHZEdqY0xxXzBXbXpZT250UGZmN24xazNqRFVZNzkxOGJLSUZJRC14bUJTMm4wYkFmYw?oc=5\" target=\"_blank\" rel=\"nofollow noopener\">En directo | Maduro se declara inocente ante un tribunal de Nueva York: \u00abTodav\u00eda soy el presidente de Venezuela\u00bb<\/a>&nbsp;&nbsp;La Voz de Galicia<\/li>\n<li><a href=\"https:\/\/news.google.com\/rss\/articles\/CBMigwFBVV95cUxPc3h5eW01b2ZmRjdLNTRJbklNWXNmMWlLcXdpVklTZlFYVm1MRFN2eEJiSnpTNFRzX3doWWxoMFZpQ3NJcnMxRmdfRWJrT0VUZGgwUjJrSXJPNjZuSy0wemQyRGNvNmVaVnpkUXJWVThBX2VOOHp2UnY5bE4wMGFudHF5Y9IBgwFBVV95cUxPaVZNUG5KenppRWhFR3NQTy1HLURaTDlidjF0N0k3ZlZpSUhFdXFyNTFEcEgwN3NfNXRmTnhTbThoWkNTbDVRMUhJa2tqV3ZxOWZWLTRxN1ZpU3V3MjlQWmpqaVZsZXZiNHIyTFJobG0zclFkWDdUblFRcjctRW1xWTVDZw?oc=5\" target=\"_blank\" rel=\"nofollow noopener\">Maduro comparece en Nueva York ante un tribunal y se declara inocente de todos los cargos: \u00abSigo siendo el presidente de mi pa\u00eds\u00bb<\/a>&nbsp;&nbsp;El Mundo<\/li>\n<li><a href=\"https:\/\/news.google.com\/rss\/articles\/CBMijwFBVV95cUxPRHYtRFM3RFNZR0U0M3FYcjJJRnAzMXlqcjRpeTdFeWlXNWtfT0h2VF9OLXZRSVJ4VF9idzJhSk5RYlg0V1I5Z0wtOVlwaVpWT3ZtSnV6eUpXR0hfSFFOSkFxeDE2UHZ1SVB6al83SnlfakpiSml4cWJkczN0X2NBa1Z0WDFWNzdWMXZqUkxhUQ?oc=5\" target=\"_blank\" rel=\"nofollow noopener\">El juicio del siglo ya ha empezado y no sabemos cu\u00e1ndo acabar\u00e1: Maduro y Flores se declaran inocentes<\/a>&nbsp;&nbsp;El Confidencial<\/li>\n<li><a href=\"https:\/\/news.google.com\/rss\/articles\/CBMi-AFBVV95cUxNVDlIc3FmcmFyWUFHVndHVXhxRHZ6cm5lM3BqVzdUcVU5dm5SVzMya0NfTHhmeWowYWsxT2VITzhMSDBmeDhtSW9ReGpkRXBPRU5hWGt1NHIzUDNxREFoUzRGNGRWWk94SXFyeTBZLVJwTU1iblNjSUtVTHZsN0RobnVLbzl1Yk1oMFJ1M0hzVlFKdklJRk1CTGlqMGduSlFjZ1pLLXZLSzl2ZTdQd05mMzdOcG1GNTRkVmhKSjFwYjlSYW1DRGlKZDctWlhRYk9mZ1gwYmR6bnAwaTRhMURVM1JRWU5tM0VCd3BWVHl6a2FMMXk0Um9nS9IB-AFBVV95cUxOMThtUzFPR19VLTFPRm53aTM1aVE3TnlLWXpuVVFqYXM4bXZSS3Q2Q3VVUTlaWHBJbVZoWDJ6TEl1cndsdFJZTmFNOVU0SFpPX3NrbU9rUVAwbFgzdW5xSUlDMnprcXBMRUV4a0xmMjA1V2Y3M1M5RHdMVEFYcDlJZEJhVWxSbng4ZHVacU55UDZxTFR1SlFCWTVETG9Tc2c4T0tHSWhOdWtua2FBQ1ppRUhTTWJLN0c0ZzYxM3p1YkI3eE1mUTlhRWkwNEplVmh1Z1MxUy0xVWdRYkhDRzNPeXNBc0ZUZThJZ2FlWHo5LXVxdXN3eTZpZw?oc=5\" target=\"_blank\" rel=\"nofollow noopener\">\u00abSoy una persona decente y soy todav\u00eda el presidente de mi pa\u00eds\u00bb: as\u00ed ha sido la primera declaraci\u00f3n de Maduro<\/a>&nbsp;&nbsp;Onda Cero<\/li>\n<li><a href=\"https:\/\/news.google.com\/rss\/articles\/CBMizAFBVV95cUxPS2dEdmdDVWFRajQ1SXFCTEMwUjdPdkxlZXdwVlRxSnFJYS1id2RWLXdUTUM4ODFUNFczRUxiRjI5VzVRV1BGYjhfWUVvR0tuc28wSUw4Znc1S0ZQamI1T2Fodkt6NWJ2bk5vRHJkT1JWVW1TU0ZGdHpqVU94U2VER1pzVFhyTDFvYTJrWUxUQzJRdXBMdl9hQUZZblpBWmFGdFoxalpQbjgtUE52dEh5ZTIyellZNWl4c1Q3SnNXTDlfZTNmRkIxWVFuNFU?oc=5\" target=\"_blank\" rel=\"nofollow noopener\">La Fiscal\u00eda de Nueva York contra Maduro: acusaciones de tr\u00e1fico de drogas y la aparici\u00f3n de &#8216;el Pollo&#8217; Carvajal<\/a>&nbsp;&nbsp;elDiario.es<\/li>\n<\/ol>\n","protected":false},"excerpt":{"rendered":"En directo | Maduro se declara inocente ante un tribunal de Nueva York: \u00abTodav\u00eda soy el presidente de&hellip;\n","protected":false},"author":2,"featured_media":324198,"comment_status":"","ping_status":"","sticky":false,"template":"","format":"standard","meta":{"footnotes":""},"categories":[5],"tags":[17,18,4331,25,24,13,14,11,19,20,9,1194,10,15,16,1195,23,12,21,22,1192],"class_list":{"0":"post-325479","1":"post","2":"type-post","3":"status-publish","4":"format-standard","5":"has-post-thumbnail","7":"category-titulares","8":"tag-breaking-news","9":"tag-breakingnews","10":"tag-ee-uu","11":"tag-es","12":"tag-espana","13":"tag-featured-news","14":"tag-featurednews","15":"tag-headlines","16":"tag-latest-news","17":"tag-latestnews","18":"tag-news","19":"tag-nicolas-maduro","20":"tag-noticias","21":"tag-noticias-destacadas","22":"tag-noticiasdestacadas","23":"tag-petroleo","24":"tag-spain","25":"tag-titulares","26":"tag-ultimas-noticias","27":"tag-ultimasnoticias","28":"tag-venezuela"},"share_on_mastodon":{"url":"https:\/\/pubeurope.com\/@es\/115846518031255558","error":""},"_links":{"self":[{"href":"https:\/\/www.europesays.com\/es\/wp-json\/wp\/v2\/posts\/325479","targetHints":{"allow":["GET"]}}],"collection":[{"href":"https:\/\/www.europesays.com\/es\/wp-json\/wp\/v2\/posts"}],"about":[{"href":"https:\/\/www.europesays.com\/es\/wp-json\/wp\/v2\/types\/post"}],"author":[{"embeddable":true,"href":"https:\/\/www.europesays.com\/es\/wp-json\/wp\/v2\/users\/2"}],"replies":[{"embeddable":true,"href":"https:\/\/www.europesays.com\/es\/wp-json\/wp\/v2\/comments?post=325479"}],"version-history":[{"count":0,"href":"https:\/\/www.europesays.com\/es\/wp-json\/wp\/v2\/posts\/325479\/revisions"}],"wp:featuredmedia":[{"embeddable":true,"href":"https:\/\/www.europesays.com\/es\/wp-json\/wp\/v2\/media\/324198"}],"wp:attachment":[{"href":"https:\/\/www.europesays.com\/es\/wp-json\/wp\/v2\/media?parent=325479"}],"wp:term":[{"taxonomy":"category","embeddable":true,"href":"https:\/\/www.europesays.com\/es\/wp-json\/wp\/v2\/categories?post=325479"},{"taxonomy":"post_tag","embeddable":true,"href":"https:\/\/www.europesays.com\/es\/wp-json\/wp\/v2\/tags?post=325479"}],"curies":[{"name":"wp","href":"https:\/\/api.w.org\/{rel}","templated":true}]}}