{"id":325483,"date":"2026-01-06T05:41:09","date_gmt":"2026-01-06T05:41:09","guid":{"rendered":"https:\/\/www.europesays.com\/es\/325483\/"},"modified":"2026-01-06T05:41:09","modified_gmt":"2026-01-06T05:41:09","slug":"mario-casas-elige-paris-para-compartir-primera-fotografia-con-melyssa-pinto","status":"publish","type":"post","link":"https:\/\/www.europesays.com\/es\/325483\/","title":{"rendered":"Mario Casas elige Par\u00eds para compartir primera fotograf\u00eda con Melyssa Pinto"},"content":{"rendered":"<p data-journey-content=\"true\" data-node-id=\"3\" class=\"css-6wxqfj emevuu60\"><strong data-node-id=\"3.0\">Mario Casas y Melyssa Pinto ya no se esconden.<\/strong> O s\u00ed, pero no tanto como antes. Parece que despu\u00e9s de m\u00e1s de un a\u00f1o de relaci\u00f3n la pareja ha decidido dar un paso m\u00e1s y compartir sus primeras im\u00e1genes juntos. Aunque s\u00ed que <a href=\"https:\/\/www.diezminutos.es\/famosos-corazon\/famosos-espanoles\/a68728803\/melyssa-pinto-habla-relacion-mario-casas\/\" target=\"_blank\" data-vars-ga-outbound-link=\"https:\/\/www.diezminutos.es\/famosos-corazon\/famosos-espanoles\/a68728803\/melyssa-pinto-habla-relacion-mario-casas\/\" data-vars-ga-ux-element=\"Hyperlink\" data-vars-ga-call-to-action=\"hab\u00edan tenido dulces palabras de apoyo\" data-node-id=\"3.2\" class=\"body-link css-177bzfx emevuu60\" rel=\"nofollow noopener\">hab\u00edan tenido dulces palabras de apoyo<\/a> entre ellos, incluso <a href=\"https:\/\/www.diezminutos.es\/famosos-corazon\/famosos-espanoles\/a69576650\/melyssa-pinto-pone-nota-mario-casas-novio\/\" target=\"_blank\" data-vars-ga-outbound-link=\"https:\/\/www.diezminutos.es\/famosos-corazon\/famosos-espanoles\/a69576650\/melyssa-pinto-pone-nota-mario-casas-novio\/\" data-vars-ga-ux-element=\"Hyperlink\" data-vars-ga-call-to-action=\"Melyssa le hab\u00eda puesto nota como novio\" data-node-id=\"3.4\" class=\"body-link css-177bzfx emevuu60\" rel=\"nofollow noopener\">Melyssa le hab\u00eda puesto nota como novio<\/a>, hasta ahora les hab\u00edamos visto disfrutar de los mismos destinos, las mismas puestas de sol, los mismos paisajes&#8230; <strong data-node-id=\"3.6\">pero nunca hab\u00edan compartido un posado para sus redes sociales, <\/strong>lo hab\u00edan dejado todo en insinuantes muestras de apoyo y cari\u00f1o pero nada serio. Esto ha cambiado este 5 de enero en el que la pareja, que hab\u00eda sido captada disfrutando de un viaje a Disneyland Par\u00eds, ha aprovechado para compartir su primer posado juntos. <\/p>\n<p data-journey-content=\"true\" data-node-id=\"7\" class=\"css-6wxqfj emevuu60\">Escondida en un carrusel de fotograf\u00edas en las que posa \u00fanicamente \u00e9l,<strong data-node-id=\"7.1\"> Mario Casas ha compartido una imagen junto a Melyssa Pinto en blanco y negro y de espaldas<\/strong>, abrazados, viendo el m\u00edtico castillo de Disney. \u00c9l lleva una sudadera de Gru\u00f1\u00f3n, el enanito de Blancanieves, y ella una de Minnie. Una imagen que no ha sido la \u00fanica. Dos fotograf\u00edas m\u00e1s adelante, ambos posaban frente a un Buzz Lightyear copi\u00e1ndole la pose.<\/p>\n<p data-journey-content=\"true\" data-node-id=\"9\" class=\"css-6wxqfj emevuu60\">Aunque en las im\u00e1genes no se les ve la cara, <strong data-node-id=\"9.1\">Mario ha dejado claro la identidad de su acompa\u00f1ante etiquet\u00e1ndola<\/strong> en las fotograf\u00edas: su chica, Melyssa Pinto. \u00abFelices reyes\u00bb, escrib\u00eda simplemente etiquetando a Disney. <\/p>\n<p data-journey-content=\"true\" data-node-id=\"13\" class=\"css-6wxqfj emevuu60\">Por su parte,<strong data-node-id=\"13.1\"> Melyssa no ha subido ning\u00fan tipo de contenido del viaje<\/strong>, dejando su perfil sin utilizar desde que felicitara el a\u00f1o el 1 de enero. Una publicaci\u00f3n a la que Sheila Casas contestaba felicit\u00e1ndole tambi\u00e9n el 2026, mostr\u00e1ndole que es parte de la familia. <\/p>\n<p><img src=\"https:\/\/www.europesays.com\/es\/wp-content\/uploads\/2026\/01\/1767678069_249_323095e3-d675-4360-ad79-c3a735f161a1_1681830139.file.png\" alt=\"Headshot of Aroa D\u00edaz\" title=\"Headshot of Aroa D\u00edaz\" width=\"100%\" height=\"100%\" decoding=\"async\" loading=\"lazy\" class=\"css-o0wq4v ev8dhu53\"\/><\/p>\n<p>Aroa D\u00edaz es experta en realities, televisi\u00f3n y actualidad en general. No hay momento del d\u00eda en el que no tenga encendida la televisi\u00f3n conociendo los \u00faltimos desvelos de los famosos, disfrutando de los realities como Supervivientes o de los concursos m\u00e1s rocambolescos. Las \u00faltimas novedades de los famosos del coraz\u00f3n son su perdici\u00f3n y la actualidad de las Casas Reales, su gran pasi\u00f3n. \u00a0\u00a0<\/p>\n<p>En sus ratos libres disfruta de las pel\u00edculas y series de moda, y bucea por los cat\u00e1logos de las plataformas de podcast buscando nuevas entrevistas y charlas de famosos.<\/p>\n<p>Adem\u00e1s, no ha parado de formarse en todos los aspectos convirti\u00e9ndose en una periodista 360: locuci\u00f3n, doblaje, grabaci\u00f3n de v\u00eddeo, periodismo m\u00f3vil, producci\u00f3n de podcast y SEO. Actualmente est\u00e1 form\u00e1ndose en el M\u00e1ster universitario de Periodismo y Comunicaci\u00f3n Digital: Datos y Nuevas Narrativas de la UOC.<\/p>\n<p>Graduada en periodismo por la Universidad Rey Juan Carlos, no ha parado de trabajar desde que obtuvo su t\u00edtulo all\u00e1 por el 2013. Despu\u00e9s de un breve impass en Palma de Mallorca, volvi\u00f3 a Legan\u00e9s donde arranc\u00f3 su experiencia con Legan\u00e9s Activo. En este tiempo he pasado por las redacciones de varios medios recayendo finalmente en Hearst Espa\u00f1a (Telenovela, Qu\u00e9 me dices y Diez Minutos). Tambi\u00e9n tiene experiencia en diferentes radios. \u00a0<\/p>\n","protected":false},"excerpt":{"rendered":"Mario Casas y Melyssa Pinto ya no se esconden. O s\u00ed, pero no tanto como antes. Parece que&hellip;\n","protected":false},"author":2,"featured_media":325484,"comment_status":"","ping_status":"","sticky":false,"template":"","format":"standard","meta":{"footnotes":""},"categories":[174],"tags":[255,253,146,147,25,24,256,23],"class_list":{"0":"post-325483","1":"post","2":"type-post","3":"status-publish","4":"format-standard","5":"has-post-thumbnail","7":"category-famosos","8":"tag-celebrities","9":"tag-discover","10":"tag-entertainment","11":"tag-entretenimiento","12":"tag-es","13":"tag-espana","14":"tag-famosos","15":"tag-spain"},"share_on_mastodon":{"url":"https:\/\/pubeurope.com\/@es\/115846557362391816","error":""},"_links":{"self":[{"href":"https:\/\/www.europesays.com\/es\/wp-json\/wp\/v2\/posts\/325483","targetHints":{"allow":["GET"]}}],"collection":[{"href":"https:\/\/www.europesays.com\/es\/wp-json\/wp\/v2\/posts"}],"about":[{"href":"https:\/\/www.europesays.com\/es\/wp-json\/wp\/v2\/types\/post"}],"author":[{"embeddable":true,"href":"https:\/\/www.europesays.com\/es\/wp-json\/wp\/v2\/users\/2"}],"replies":[{"embeddable":true,"href":"https:\/\/www.europesays.com\/es\/wp-json\/wp\/v2\/comments?post=325483"}],"version-history":[{"count":0,"href":"https:\/\/www.europesays.com\/es\/wp-json\/wp\/v2\/posts\/325483\/revisions"}],"wp:featuredmedia":[{"embeddable":true,"href":"https:\/\/www.europesays.com\/es\/wp-json\/wp\/v2\/media\/325484"}],"wp:attachment":[{"href":"https:\/\/www.europesays.com\/es\/wp-json\/wp\/v2\/media?parent=325483"}],"wp:term":[{"taxonomy":"category","embeddable":true,"href":"https:\/\/www.europesays.com\/es\/wp-json\/wp\/v2\/categories?post=325483"},{"taxonomy":"post_tag","embeddable":true,"href":"https:\/\/www.europesays.com\/es\/wp-json\/wp\/v2\/tags?post=325483"}],"curies":[{"name":"wp","href":"https:\/\/api.w.org\/{rel}","templated":true}]}}