{"id":325491,"date":"2026-01-06T05:48:11","date_gmt":"2026-01-06T05:48:11","guid":{"rendered":"https:\/\/www.europesays.com\/es\/325491\/"},"modified":"2026-01-06T05:48:11","modified_gmt":"2026-01-06T05:48:11","slug":"la-bronquiolitis-ataca-en-cordoba-a-los-bebes-de-mas-de-6-meses-sin-vacunar","status":"publish","type":"post","link":"https:\/\/www.europesays.com\/es\/325491\/","title":{"rendered":"La bronquiolitis &#8216;ataca&#8217; en C\u00f3rdoba a los beb\u00e9s de m\u00e1s de 6 meses sin vacunar"},"content":{"rendered":"<p class=\"ft-text ft-helper-closenews\"><strong>U<\/strong><a class=\"ft-link ft-link--decoration\" href=\"https:\/\/www.diariocordoba.com\/cordoba-ciudad\/2025\/09\/22\/comienza-cordoba-campana-vacunacion-frente-121829311.html\" rel=\"nofollow noopener\" target=\"_blank\"><strong>n avance muy importante que est\u00e1 logrando la vacuna frente al virus respiratorio sincitial (VRS<\/strong><\/a><strong>),<\/strong> principal causante de la <a class=\"ft-link ft-link--decoration\" href=\"https:\/\/www.diariocordoba.com\/tags\/bronquiolitis\/\" rel=\"nofollow noopener\" target=\"_blank\">bronquiolitis<\/a>, es que <strong>est\u00e1 evitando<\/strong>, desde que comenz\u00f3 a aplicarse en 2023,<strong> hasta un 80% de hospitalizaciones<\/strong> en beb\u00e9s de menos de 6 meses y en menores de 2 a\u00f1os de alto riesgo , que es la poblaci\u00f3n que se beneficia en Andaluc\u00eda de esta vacuna gratuita.<\/p>\n<p class=\"ft-text\">Sin embargo, <strong>la bronquiolitis no solo afecta a los ni\u00f1os menores de seis meses,<\/strong> \u00absino que tambi\u00e9n perjudica a beb\u00e9s de m\u00e1s edad, a los que les vendr\u00eda muy bien recibir la vacuna, aunque sea de forma privada\u00bb, apunta<a class=\"ft-link ft-link--decoration\" href=\"https:\/\/www.diariocordoba.com\/cordoba-ciudad\/2025\/01\/25\/quintudemia-asienta-cordoba-cinco-virus-113654667.html\" rel=\"nofollow noopener\" target=\"_blank\"> la pediatra del hospital San Juan de Dios de C\u00f3rdoba Gema L\u00f3pez, <\/a>que recalca que \u00abestamos apreciando este invierno en <a class=\"ft-link ft-link--decoration\" href=\"https:\/\/www.diariocordoba.com\/cordoba\/cordoba\/\" rel=\"nofollow noopener\" target=\"_blank\">C\u00f3rdoba<\/a> m\u00e1s casos de bronquiolitis en ni\u00f1os de m\u00e1s de 6 meses sin vacunar,<strong> algunos de los cuales est\u00e1n necesitando ingreso\u00bb<\/strong>.<\/p>\n<p><img decoding=\"async\" src=\"https:\/\/www.europesays.com\/es\/wp-content\/uploads\/2026\/01\/70062a6f-0ef0-41b8-892c-866eb46e8eac_alta-libre-aspect-ratio_default_0.jpg\" width=\"1200\" height=\"800\" alt=\"Vacuna frente al virus VRS, principal causante de la bronquiolitis.\" class=\"ft-helper-img-rd\" loading=\"lazy\"\/><\/p>\n<p class=\"ft-helper-fontColor-quaternary ft-helper-fontSize-body-S ft-helper-spacer-t-xxs\">Vacuna frente al virus VRS, principal causante de la bronquiolitis.  \/ FRANCISCO GONZALEZ<\/p>\n<p>Indicios de la bronquiolitis<\/p>\n<p class=\"ft-text\">Gema L\u00f3pez detalla que <strong>los principales indicios de que un peque\u00f1o puede tener bronquiolitis <\/strong>son <strong>fiebre que no puede controlarse con antit\u00e9rmicos<\/strong>; que rechace tomas; que empiece a respirar de forma agitada y r\u00e1pida, que se le hundan las costillas, entre otros.<\/p>\n<p class=\"ft-text\"><strong>Con respecto a la <\/strong><a class=\"ft-link ft-link--decoration\" href=\"https:\/\/www.diariocordoba.com\/tags\/gripe\/\" rel=\"nofollow noopener\" target=\"_blank\"><strong>gripe<\/strong><\/a><strong>,<\/strong> esta pediatra expone que est\u00e1 afectando bastante este invierno a los ni\u00f1os que est\u00e1n sin vacunar, que son los que tienen m\u00e1s de 6 a\u00f1os y que no poseen cobertura vacunal gratuita, aunque recomienda a las familias que a sus hijos de m\u00e1s de 6 a\u00f1os les pongan esta vacuna de forma privada por los beneficios que puede aportar, como menor riesgo de otitis y neumon\u00eda.<\/p>\n<p><img decoding=\"async\" src=\"https:\/\/www.europesays.com\/es\/wp-content\/uploads\/2026\/01\/dc945553-a7b0-43a3-bc39-ee7ebb833a60_alta-libre-aspect-ratio_default_0.jpg\" width=\"1200\" height=\"800\" alt=\"Urgencias pedi\u00e1tricas del hospital San Juan de Dios de C\u00f3rdoba.\" class=\"ft-helper-img-rd\" loading=\"lazy\"\/><\/p>\n<p class=\"ft-helper-fontColor-quaternary ft-helper-fontSize-body-S ft-helper-spacer-t-xxs\">Urgencias pedi\u00e1tricas del hospital San Juan de Dios de C\u00f3rdoba.  \/ C\u00d3RDOBA<\/p>\n<p>Otras patolog\u00edas asociadas a la gripe<\/p>\n<p class=\"ft-text\">\u00abLa enfermedad gripal deja las defensas muy vulnerables y al organismo muy expuesto a sufrir otras infecciones\u00bb, advierte esta especialista. La conjunci\u00f3n en estos d\u00edas de casos de gripe, bronquiolitis, rinovirus (catarro habitual) y norovirus (virus que causa cuadros intestinales) provoca que en estas fechas <strong>alrededor del 80% de las urgencias pedi\u00e1tricas atendidas en el <\/strong><a class=\"ft-link ft-link--decoration\" href=\"https:\/\/www.diariocordoba.com\/tags\/hospital-san-juan-de-dios\/\" rel=\"nofollow noopener\" target=\"_blank\"><strong>hospital San Juan de Dios<\/strong><\/a><strong> est\u00e1n relacionadas con esas infecciones. <\/strong><\/p>\n<p data-close=\"closedContent\" class=\"subscribeHideForDisplay\">Suscr\u00edbete para seguir leyendo<\/p>\n","protected":false},"excerpt":{"rendered":"Un avance muy importante que est\u00e1 logrando la vacuna frente al virus respiratorio sincitial (VRS), principal causante de&hellip;\n","protected":false},"author":2,"featured_media":325492,"comment_status":"","ping_status":"","sticky":false,"template":"","format":"standard","meta":{"footnotes":""},"categories":[92],"tags":[6832,5668,3473,40845,2760,25,24,7749,165,71998,2932,47088,166,23,12353,8177],"class_list":{"0":"post-325491","1":"post","2":"type-post","3":"status-publish","4":"format-standard","5":"has-post-thumbnail","7":"category-salud","8":"tag-6832","9":"tag-ataca","10":"tag-bebes","11":"tag-bronquiolitis","12":"tag-cordoba","13":"tag-es","14":"tag-espana","15":"tag-gripe","16":"tag-health","17":"tag-hospital-san-juan-de-dios","18":"tag-ninos","19":"tag-pediatra","20":"tag-salud","21":"tag-spain","22":"tag-urgencias","23":"tag-vacuna"},"share_on_mastodon":{"url":"https:\/\/pubeurope.com\/@es\/115846585003592144","error":""},"_links":{"self":[{"href":"https:\/\/www.europesays.com\/es\/wp-json\/wp\/v2\/posts\/325491","targetHints":{"allow":["GET"]}}],"collection":[{"href":"https:\/\/www.europesays.com\/es\/wp-json\/wp\/v2\/posts"}],"about":[{"href":"https:\/\/www.europesays.com\/es\/wp-json\/wp\/v2\/types\/post"}],"author":[{"embeddable":true,"href":"https:\/\/www.europesays.com\/es\/wp-json\/wp\/v2\/users\/2"}],"replies":[{"embeddable":true,"href":"https:\/\/www.europesays.com\/es\/wp-json\/wp\/v2\/comments?post=325491"}],"version-history":[{"count":0,"href":"https:\/\/www.europesays.com\/es\/wp-json\/wp\/v2\/posts\/325491\/revisions"}],"wp:featuredmedia":[{"embeddable":true,"href":"https:\/\/www.europesays.com\/es\/wp-json\/wp\/v2\/media\/325492"}],"wp:attachment":[{"href":"https:\/\/www.europesays.com\/es\/wp-json\/wp\/v2\/media?parent=325491"}],"wp:term":[{"taxonomy":"category","embeddable":true,"href":"https:\/\/www.europesays.com\/es\/wp-json\/wp\/v2\/categories?post=325491"},{"taxonomy":"post_tag","embeddable":true,"href":"https:\/\/www.europesays.com\/es\/wp-json\/wp\/v2\/tags?post=325491"}],"curies":[{"name":"wp","href":"https:\/\/api.w.org\/{rel}","templated":true}]}}