{"id":325503,"date":"2026-01-06T05:54:45","date_gmt":"2026-01-06T05:54:45","guid":{"rendered":"https:\/\/www.europesays.com\/es\/325503\/"},"modified":"2026-01-06T05:54:45","modified_gmt":"2026-01-06T05:54:45","slug":"la-comunidad-de-madrid-registra-casi-31-millones-de-prestamos-bibliotecarios-a-lo-largo-de-2025","status":"publish","type":"post","link":"https:\/\/www.europesays.com\/es\/325503\/","title":{"rendered":"La Comunidad de Madrid registra casi 3,1 millones de pr\u00e9stamos bibliotecarios a lo largo de 2025"},"content":{"rendered":"<p>Los libros con mayor demanda para p\u00fablico adulto han sido <a name=\"_Hlk218258477\" id=\"_Hlk218258477\">La asistenta, de Freida McFadden<\/a>; Victoria de Paloma S\u00e1nchez-Garnica; La grieta del silencio de Javier Castillo; El ni\u00f1o que perdi\u00f3 la guerra de Julia Navarro; La cartera de Francesca Giannone; El secreto de la asistenta de Freida McFadden; El Clan de Carmen Mola; La asistenta te vigila de Freida McFadden; Las que no duermen NASH de Dolores Redondo, y Un animal salvaje de Jo\u00ebl Dicker.<\/p>\n<p>Respecto a los t\u00edtulos para los m\u00e1s peque\u00f1os, durante el mismo per\u00edodo han sido Naruto, de Masashi Kishimoto; Super patata de Laperla; Doraemon, edici\u00f3n a color de Fujiko F. Fujio; Animalotes de Aaron Blabey; Garfield de Jim Davis; Detective Conan de Gosho Aoyama; Hooky de M\u00edriam Bonastre Tur; \u00c9rase una vez el cuerpo humano de Ram\u00f3n Llobet Colom\u00e9; My Hero Academia de Kohei Horikoshi, y Un pringao total \u00a0de Jeff Kinney.<\/p>\n<p>En eBiblio Madrid, los libros electr\u00f3nicos m\u00e1s prestados han sido <a name=\"_Hlk204606444\" id=\"_Hlk204606444\">La pen\u00ednsula de las casas vac\u00edas, de David Ucl\u00e9s<\/a>; La cartera, de Francesca Giannone; El puente d\u00f3nde habitan las mariposas, de Nazareth Castellanos; El infinito en un junco, de Irene Vallejo; El hombre en busca de sentido, de Viktor Frankl; y La riada, de Michael McDowell.<\/p>\n<p>Entre los audiolibros m\u00e1s solicitados se encuentran: El factor Rache, de Caroline O\u2019Donoghue; El retrato de casada, de Maggie O\u2019Farrell; Nada es verdad, de\u00a0Ver\u00f3nica Raimio; Los d\u00edas perfectos, de Jacobo Bergarache, y La muy catastr\u00f3fica visita al zoo, de Jo\u00ebl Dicker.<\/p>\n<p>Tambi\u00e9n se han facilitado a trav\u00e9s de este servicio publicaciones como revistas, peri\u00f3dicos y material audiovisual, siendo las pel\u00edculas m\u00e1s vistas En tr\u00e1nsito, El 47, Amelie, The best intentions, Alanis, De tal padre, tal hijo, La delicadeza, Perfect days, La comuna, La sociedad literaria.<\/p>\n<p><a name=\"_Hlk218257642\" id=\"_Hlk218257642\"\/><a name=\"_Hlk218258644\" id=\"_Hlk218258644\">Unos dos millones de usuarios disfrutan del Carn\u00e9 \u00danico de las Bibliotecas<\/a> que permite el acceso a todos los servicios p\u00fablicos de lectura entre los que se incluye el tanto pr\u00e9stamo en estos espacios como el servicio en formato digital de eBiblio Madrid.<\/p>\n<p>\n\u00a0<\/p>\n","protected":false},"excerpt":{"rendered":"Los libros con mayor demanda para p\u00fablico adulto han sido La asistenta, de Freida McFadden; Victoria de Paloma&hellip;\n","protected":false},"author":2,"featured_media":325504,"comment_status":"","ping_status":"","sticky":false,"template":"","format":"standard","meta":{"footnotes":""},"categories":[5],"tags":[17,18,25,24,13,14,11,19,20,9,10,15,16,23,12,21,22],"class_list":{"0":"post-325503","1":"post","2":"type-post","3":"status-publish","4":"format-standard","5":"has-post-thumbnail","7":"category-titulares","8":"tag-breaking-news","9":"tag-breakingnews","10":"tag-es","11":"tag-espana","12":"tag-featured-news","13":"tag-featurednews","14":"tag-headlines","15":"tag-latest-news","16":"tag-latestnews","17":"tag-news","18":"tag-noticias","19":"tag-noticias-destacadas","20":"tag-noticiasdestacadas","21":"tag-spain","22":"tag-titulares","23":"tag-ultimas-noticias","24":"tag-ultimasnoticias"},"share_on_mastodon":{"url":"https:\/\/pubeurope.com\/@es\/115846608491265035","error":""},"_links":{"self":[{"href":"https:\/\/www.europesays.com\/es\/wp-json\/wp\/v2\/posts\/325503","targetHints":{"allow":["GET"]}}],"collection":[{"href":"https:\/\/www.europesays.com\/es\/wp-json\/wp\/v2\/posts"}],"about":[{"href":"https:\/\/www.europesays.com\/es\/wp-json\/wp\/v2\/types\/post"}],"author":[{"embeddable":true,"href":"https:\/\/www.europesays.com\/es\/wp-json\/wp\/v2\/users\/2"}],"replies":[{"embeddable":true,"href":"https:\/\/www.europesays.com\/es\/wp-json\/wp\/v2\/comments?post=325503"}],"version-history":[{"count":0,"href":"https:\/\/www.europesays.com\/es\/wp-json\/wp\/v2\/posts\/325503\/revisions"}],"wp:featuredmedia":[{"embeddable":true,"href":"https:\/\/www.europesays.com\/es\/wp-json\/wp\/v2\/media\/325504"}],"wp:attachment":[{"href":"https:\/\/www.europesays.com\/es\/wp-json\/wp\/v2\/media?parent=325503"}],"wp:term":[{"taxonomy":"category","embeddable":true,"href":"https:\/\/www.europesays.com\/es\/wp-json\/wp\/v2\/categories?post=325503"},{"taxonomy":"post_tag","embeddable":true,"href":"https:\/\/www.europesays.com\/es\/wp-json\/wp\/v2\/tags?post=325503"}],"curies":[{"name":"wp","href":"https:\/\/api.w.org\/{rel}","templated":true}]}}