{"id":325507,"date":"2026-01-06T06:03:09","date_gmt":"2026-01-06T06:03:09","guid":{"rendered":"https:\/\/www.europesays.com\/es\/325507\/"},"modified":"2026-01-06T06:03:09","modified_gmt":"2026-01-06T06:03:09","slug":"el-sporting-saca-a-caicedo-y-cortes-y-apunta-a-karrikaburu","status":"publish","type":"post","link":"https:\/\/www.europesays.com\/es\/325507\/","title":{"rendered":"El Sporting saca a Caicedo y Cort\u00e9s y apunta a Karrikaburu"},"content":{"rendered":"<p class=\"ft-text ft-helper-closenews\">La operaci\u00f3n salida se abri\u00f3 este lunes, v\u00edspera de Reyes, de manera abrupta para el Real Sporting de Gij\u00f3n con las bajas de<strong> \u00d3scar Cort\u00e9s y Jordy Caicedo<\/strong>, movimientos que liberan margen para acometer nuevas incorporaciones en el mercado de invierno. El foco de la comisi\u00f3n deportiva del Grupo Orlegi est\u00e1 puesto prioritariamente en la llegada de un delantero centro. Adem\u00e1s, el club tambi\u00e9n trabaja en la incorporaci\u00f3n de un central y, en \u00faltimo t\u00e9rmino, de un extremo, una vez confirmada la salida de Cort\u00e9s. El primer objetivo que maneja el Sporting es el delantero de la Real Sociedad <strong>Jon Karrikaburu<\/strong>, tal y como avanz\u00f3 LA NUEVA ESPA\u00d1A.<\/p>\n<p class=\"ft-text\">El club rojiblanco ya ha iniciado contactos con la entidad txuri-urdin para plantear una cesi\u00f3n con opci\u00f3n de compra por el atacante, de 24 a\u00f1os. Sin embargo, la operaci\u00f3n se ha complicado en las \u00faltimas horas con la posible irrupci\u00f3n del Racing de Santander, que busca reforzar su delantera tras la venta de Jeremy Ar\u00e9valo al VfB Stuttgart. El club c\u00e1ntabro ha sondeado la situaci\u00f3n de<strong> Karrikaburu <\/strong>despu\u00e9s de comprobar que la opci\u00f3n de Urko Izeta es pr\u00e1cticamente inviable y tras perder durante varias semanas a Asier Villalibre. Karrika fue muy feliz en Santander. Y si se da esta v\u00eda, se podr\u00eda esfumar la opci\u00f3n de que acabe en el Sporting. Pero todo est\u00e1 abierto por ahora.<\/p>\n<p class=\"ft-text\">En Mareo sit\u00faan a Karrikaburu como la primera opci\u00f3n para este mercado invernal, aunque son conscientes de la dura competencia, especialmente ante un Racing con mayor m\u00fasculo econ\u00f3mico y que, adem\u00e1s, es un entorno conocido para el delantero, donde ya fue importante como cedido en la temporada 2024-2025. El Zaragoza ha estado en la pelea. El Sporting, que prioriza el mercado nacional para reforzar el ataque, maneja alternativas por si no prospera una operaci\u00f3n compleja y cuyo desenlace no se espera a corto plazo. Tambi\u00e9n se revisan opciones en el mercado internacional, aunque la preferencia sigue siendo un delantero con conocimiento de la categor\u00eda.<\/p>\n<p class=\"ft-text\">En cualquier caso, el club gan\u00f3 algo de ox\u00edgeno econ\u00f3mico con los movimientos realizados este lunes. En una jornada muy activa en Mareo, el Grupo Orlegi cerr\u00f3 la rescisi\u00f3n del contrato de Caicedo \u2014tal y como avanz\u00f3 LA NUEVA ESPA\u00d1A en su edici\u00f3n digital\u2014, al que a\u00fan le restaba un a\u00f1o m\u00e1s de vinculaci\u00f3n con el Atlas FC. Al mismo tiempo, se confirm\u00f3 el principio de acuerdo entre el Glasgow Rangers y el Club Atl\u00e9tico Hurac\u00e1n para la cesi\u00f3n de Cort\u00e9s, lo que supuso la cancelaci\u00f3n de su pr\u00e9stamo en Gij\u00f3n.<\/p>\n<p class=\"ft-text\">Desde Argentina, varios medios informaron tambi\u00e9n de contactos entre Hurac\u00e1n y Caicedo, aunque sin precisar el estado real de las negociaciones. De manera parad\u00f3jica, los dos descartes del Sporting podr\u00edan acabar encontrando acomodo en el mismo destino. Este lunes, el club decidi\u00f3 apartar provisionalmente a Caicedo y Cort\u00e9s mientras se resolv\u00edan sus salidas, mientras que Kembo, el tercer jugador se\u00f1alado en este mercado de enero, se mantuvo dentro de la din\u00e1mica del equipo.<\/p>\n<p data-close=\"closedContent\" class=\"subscribeHideForDisplay\">Suscr\u00edbete para seguir leyendo<\/p>\n","protected":false},"excerpt":{"rendered":"La operaci\u00f3n salida se abri\u00f3 este lunes, v\u00edspera de Reyes, de manera abrupta para el Real Sporting de&hellip;\n","protected":false},"author":2,"featured_media":325508,"comment_status":"","ping_status":"","sticky":false,"template":"","format":"standard","meta":{"footnotes":""},"categories":[268],"tags":[384,283,4784,1798,12706,168,25,24,280,282,12850,281,23,4782,167],"class_list":{"0":"post-325507","1":"post","2":"type-post","3":"status-publish","4":"format-standard","5":"has-post-thumbnail","7":"category-futbol","8":"tag-apunta","9":"tag-argentina","10":"tag-caicedo","11":"tag-club","12":"tag-cortes","13":"tag-deportes","14":"tag-es","15":"tag-espana","16":"tag-football","17":"tag-futbol","18":"tag-saca","19":"tag-soccer","20":"tag-spain","21":"tag-sporting","22":"tag-sports"},"share_on_mastodon":{"url":"https:\/\/pubeurope.com\/@es\/115846644012877915","error":""},"_links":{"self":[{"href":"https:\/\/www.europesays.com\/es\/wp-json\/wp\/v2\/posts\/325507","targetHints":{"allow":["GET"]}}],"collection":[{"href":"https:\/\/www.europesays.com\/es\/wp-json\/wp\/v2\/posts"}],"about":[{"href":"https:\/\/www.europesays.com\/es\/wp-json\/wp\/v2\/types\/post"}],"author":[{"embeddable":true,"href":"https:\/\/www.europesays.com\/es\/wp-json\/wp\/v2\/users\/2"}],"replies":[{"embeddable":true,"href":"https:\/\/www.europesays.com\/es\/wp-json\/wp\/v2\/comments?post=325507"}],"version-history":[{"count":0,"href":"https:\/\/www.europesays.com\/es\/wp-json\/wp\/v2\/posts\/325507\/revisions"}],"wp:featuredmedia":[{"embeddable":true,"href":"https:\/\/www.europesays.com\/es\/wp-json\/wp\/v2\/media\/325508"}],"wp:attachment":[{"href":"https:\/\/www.europesays.com\/es\/wp-json\/wp\/v2\/media?parent=325507"}],"wp:term":[{"taxonomy":"category","embeddable":true,"href":"https:\/\/www.europesays.com\/es\/wp-json\/wp\/v2\/categories?post=325507"},{"taxonomy":"post_tag","embeddable":true,"href":"https:\/\/www.europesays.com\/es\/wp-json\/wp\/v2\/tags?post=325507"}],"curies":[{"name":"wp","href":"https:\/\/api.w.org\/{rel}","templated":true}]}}