{"id":325509,"date":"2026-01-06T06:04:14","date_gmt":"2026-01-06T06:04:14","guid":{"rendered":"https:\/\/www.europesays.com\/es\/325509\/"},"modified":"2026-01-06T06:04:14","modified_gmt":"2026-01-06T06:04:14","slug":"una-carrera-marcada-por-exitos-y-boda-a-la-vista-en-2026","status":"publish","type":"post","link":"https:\/\/www.europesays.com\/es\/325509\/","title":{"rendered":"una carrera marcada por \u00e9xitos y \u00bfboda a la vista en 2026?"},"content":{"rendered":"<p id=\"esWmto7C96\" data-wc=\"75\"><strong>Bradley\u00a0<\/strong><strong>Cooper\u00a0<\/strong>est\u00e1 de celebraci\u00f3n. El actor nacido en <strong>Filadelfia\u00a0<\/strong>cumple 51 a\u00f1os el d\u00eda de hoy tras un 2025 cargado de buenos momentos. Despu\u00e9s del estreno a nivel mundial el 10 de octubre en el New York Film festival de <strong>Is This Thing Going On?<\/strong> , dirigida por la estrella de <strong>Hollywood\u00a0<\/strong>y protagonizada por <strong>Will\u00a0<\/strong><strong>Arnett\u00a0<\/strong>y <strong>Laura\u00a0<\/strong><strong>Dern<\/strong>, pudimos ver im\u00e1genes de la pel\u00edcula en el tr\u00e1iler publicado el 25 de noviembre.<\/p>\n<p> <img src=\"https:\/\/www.europesays.com\/es\/wp-content\/uploads\/2026\/01\/f4eefc5edf25-new-york-new-york-bradley-cooper-speaks-onstage-during-the-is-this-thing-on-worl.jpg\"   width=\"1024\" height=\"682\" loading=\"lazy\" decoding=\"async\" alt=\"Bradley Cooper durante el festival de cine neoyorquino\" fetchpriority=\"auto\" class=\"image ho-image\"\/>\u00a9 Slaven VlasicBradley Cooper durante el festival de cine neoyorquino<\/p>\n<p id=\"eJAOvd7y0C\" data-wc=\"77\">Este filme supone su tercer trabajo como director, despu\u00e9s de <strong>Maestro<\/strong>, estrenada en 2023, y <strong>A\u00a0<\/strong><strong>Star\u00a0<\/strong><strong>Is\u00a0<\/strong><strong>Born<\/strong>, estrenada en el 2018. En ambas pel\u00edculas, Cooper act\u00faa como personaje principal de la trama, menos en este \u00faltimo trabajo, que lo ha definido como una catarsis.<strong>\u00a0\u00abA veces te das cuenta de que vas en piloto autom\u00e1tico, y pierdes tu br\u00fajula\u00bb<\/strong> asegur\u00f3 para la revista estadounidense Variety,\u00a0donde tambi\u00e9n dijo que esta pel\u00edcula explora una transformaci\u00f3n vital.\u00a0<\/p>\n<p> <img src=\"https:\/\/www.europesays.com\/es\/wp-content\/uploads\/2026\/01\/3c9885894b1c-new-york-new-york-gigi-hadid-and-bradley-cooper-are-seen-in-the-east-village-on-.jpg\"   width=\"682\" height=\"1024\" loading=\"lazy\" decoding=\"async\" alt=\"La famosa pareja lleva dos a\u00f1os de relaci\u00f3n\" fetchpriority=\"auto\" class=\"image ho-image\"\/>\u00a9 The Hapa BlondeLa famosa pareja lleva dos a\u00f1os de relaci\u00f3n<\/p>\n<p id=\"e33vgRpMnrh\" data-wc=\"73\">En lo personal, el int\u00e9rprete atraviesa un buen momento. Despu\u00e9s de su relaci\u00f3n con la supermodelo Irina Shayk que termin\u00f3 en el 2019, el cineasta lleva desde octubre del 2023 saliendo con <a class=\"hm-link ho-link\" href=\"https:\/\/www.hola.com\/us-es\/moda\/20251023863414\/gigi-hadid-reinterpreta-estilo-cowboy-invierno\/\" data-mrf-recirculation=\"article-body-link\" rel=\"nofollow noopener\" target=\"_blank\">Gigi Hadid,<\/a> que hab\u00eda finalizado su compromiso sentimental con con Zayn Malik en el 2021. De ambas relaciones salieron dos ni\u00f1os peque\u00f1os: <strong>Lea<\/strong>, de 8 a\u00f1os, hija de Cooper y Shayk, y <strong>Khai<\/strong>, de 5 a\u00f1os, hija de Hadid y Malik.\u00a0<\/p>\n<p> <img src=\"https:\/\/www.europesays.com\/es\/wp-content\/uploads\/2026\/01\/b802859bc4d0-new-york-new-york-gigi-hadid-attends-the-2025-met-gala-celebrating-superfine-tai.jpg\"   width=\"682\" height=\"1024\" loading=\"lazy\" decoding=\"async\" alt=\"Gigi Hadid, la exitosa modelo que sale con el cineasta \" fetchpriority=\"auto\" class=\"image ho-image\"\/>\u00a9 Dimitrios KambourisGigi Hadid, la exitosa modelo que sale con el cineasta <\/p>\n<p id=\"e0rwJqtfBIW\" data-wc=\"68\">Varios medios han hablado sobre una supuesta boda para este 2026, y fuentes cercanas dicen que el actor de Resac\u00f3n en Las Vegas\u00a0estar\u00eda considerando en <a class=\"hm-link ho-link\" href=\"https:\/\/www.hola.com\/actualidad\/20251223874390\/bradley-cooper-gigi-hadid-detalle-pedida-matrimonio\/?utm_source=chatgpt.com\" data-mrf-recirculation=\"article-body-link\" rel=\"nofollow noopener\" target=\"_blank\">pedirle matrimonio<\/a> a la hermana de Bella Hadid. Es m\u00e1s, el \u00e1ngel de Victoria&#8217;s Secret subi\u00f3 el pasado mayo una fotograf\u00eda celebrando su 30 cumplea\u00f1os junto al actor en el que se pod\u00eda apreciar <a class=\"hm-link ho-link\" href=\"https:\/\/www.hola.com\/actualidad\/20250504829973\/gigi-hadid-bradley-cooper-beso-apasionado-anillo-dedo\/\" data-mrf-recirculation=\"article-body-link\" rel=\"nofollow noopener\" target=\"_blank\">un sospechoso anillo\u00a0<\/a>en la mano de Gigi.\u00a0<\/p>\n<p> <img src=\"https:\/\/www.europesays.com\/es\/wp-content\/uploads\/2026\/01\/5907d7427371-b955ce9f5528f2253c095311a7f30c9bgigihadid17463137813624665170111533443129957.jpg\"   width=\"982\" height=\"1024\" loading=\"lazy\" decoding=\"async\" alt=\"GIGI HADID Y\u00a0BRADLEY COOPER DOS A\u00d1OS DE\u00a0RELACI\u00d3N, MENSAJES DE AMOR Y RUMORES DE\u00a0COMPROMISO\" fetchpriority=\"auto\" class=\"image ho-image\"\/>La foto donde se puede ver el anillo de Gigi<\/p>\n<p id=\"eZqQKK-UxS\" data-wc=\"101\">Adem\u00e1s, el cinco veces nominado al \u00d3scar le habr\u00eda pedido permiso a Yolanda Hadid, madre de su pareja, para formalizar la pedida de mano, un acto que refleja la caballerosidad del actor. Ambos adoptan un estilo de vida saludable, intentando alejarse de grandes celebraciones que puedan incitar a que consuman alcohol. Cooper ha confesado en varias ocasiones los problemas de alcoholismo que hab\u00eda sufrido en el pasado y que le hab\u00edan llevado a dejarlo a los 29 a\u00f1os. Por su parte, Gigi tambi\u00e9n habr\u00eda decidido llevar un estilo de vida m\u00e1s saludable para alinearse con el compromiso personal de su novio.<\/p>\n<p> <img src=\"https:\/\/www.europesays.com\/es\/wp-content\/uploads\/2026\/01\/961c4a0a5cba-gettyimages-2234991741.jpg\"   width=\"929\" height=\"1024\" loading=\"lazy\" decoding=\"async\" alt=\"Bradley Cooper y Gigi Hadid en una fiesta en Nueva York el 14 de septiembre de 2025\" fetchpriority=\"auto\" class=\"image ho-image\"\/>\u00a9 Getty ImagesBradley Cooper y Gigi Hadid en una fiesta en Nueva York el 14 de septiembre de 2025<\/p>\n<p id=\"e8f10l3qNA\" data-wc=\"79\">Tambi\u00e9n est\u00e1 muy comprometido con el ejercicio f\u00edsico y con sus entrenamientos, sobre todo a la hora de adaptar su cuerpo a alg\u00fan papel ficticio que le demande estar de una manera u otra. <a class=\"hm-link ho-link\" href=\"https:\/\/www.hola.com\/actualidad\/20250629840950\/bradley-cooper-historia-mas-intima-pase-de-vestirme-como-mi-padre-a-banarlo\/\" data-mrf-recirculation=\"article-body-link\" rel=\"nofollow noopener\" target=\"_blank\">Bradley Cooper<\/a> est\u00e1 en una etapa feliz en su vida, sacando adelante grandes proyectos en su carrera dentro del mundo del cine y teniendo al lado a un nuevo amor con el que podr\u00eda subir al altar este 2026, aunque ahora no sepamos nada seguro.<\/p>\n","protected":false},"excerpt":{"rendered":"Bradley\u00a0Cooper\u00a0est\u00e1 de celebraci\u00f3n. El actor nacido en Filadelfia\u00a0cumple 51 a\u00f1os el d\u00eda de hoy tras un 2025 cargado&hellip;\n","protected":false},"author":2,"featured_media":325510,"comment_status":"","ping_status":"","sticky":false,"template":"","format":"standard","meta":{"footnotes":""},"categories":[174],"tags":[517,53362,255,146,147,25,24,256,23],"class_list":{"0":"post-325509","1":"post","2":"type-post","3":"status-publish","4":"format-standard","5":"has-post-thumbnail","7":"category-famosos","8":"tag-actualidad","9":"tag-bradley-cooper","10":"tag-celebrities","11":"tag-entertainment","12":"tag-entretenimiento","13":"tag-es","14":"tag-espana","15":"tag-famosos","16":"tag-spain"},"share_on_mastodon":{"url":"https:\/\/pubeurope.com\/@es\/115846647892133146","error":""},"_links":{"self":[{"href":"https:\/\/www.europesays.com\/es\/wp-json\/wp\/v2\/posts\/325509","targetHints":{"allow":["GET"]}}],"collection":[{"href":"https:\/\/www.europesays.com\/es\/wp-json\/wp\/v2\/posts"}],"about":[{"href":"https:\/\/www.europesays.com\/es\/wp-json\/wp\/v2\/types\/post"}],"author":[{"embeddable":true,"href":"https:\/\/www.europesays.com\/es\/wp-json\/wp\/v2\/users\/2"}],"replies":[{"embeddable":true,"href":"https:\/\/www.europesays.com\/es\/wp-json\/wp\/v2\/comments?post=325509"}],"version-history":[{"count":0,"href":"https:\/\/www.europesays.com\/es\/wp-json\/wp\/v2\/posts\/325509\/revisions"}],"wp:featuredmedia":[{"embeddable":true,"href":"https:\/\/www.europesays.com\/es\/wp-json\/wp\/v2\/media\/325510"}],"wp:attachment":[{"href":"https:\/\/www.europesays.com\/es\/wp-json\/wp\/v2\/media?parent=325509"}],"wp:term":[{"taxonomy":"category","embeddable":true,"href":"https:\/\/www.europesays.com\/es\/wp-json\/wp\/v2\/categories?post=325509"},{"taxonomy":"post_tag","embeddable":true,"href":"https:\/\/www.europesays.com\/es\/wp-json\/wp\/v2\/tags?post=325509"}],"curies":[{"name":"wp","href":"https:\/\/api.w.org\/{rel}","templated":true}]}}