{"id":325555,"date":"2026-01-06T06:50:09","date_gmt":"2026-01-06T06:50:09","guid":{"rendered":"https:\/\/www.europesays.com\/es\/325555\/"},"modified":"2026-01-06T06:50:09","modified_gmt":"2026-01-06T06:50:09","slug":"aparece-un-emotivo-homenaje-en-la-tumba-de-matthew-perry-dos-anos-despues-de-su-muerte","status":"publish","type":"post","link":"https:\/\/www.europesays.com\/es\/325555\/","title":{"rendered":"Aparece un emotivo homenaje en la tumba de Matthew Perry, dos a\u00f1os despu\u00e9s de su muerte"},"content":{"rendered":"<p class=\"c-paragraph\">El actor <a href=\"https:\/\/www.20minutos.es\/tags\/temas\/matthew-perry.html\" title=\"Matthew Perry\" rel=\"nofollow noopener\" target=\"_blank\">Matthew Perry<\/a> fue encontrado sin vida el 28 de octubre de 2023 en el jacuzzi de su casa en Los \u00c1ngeles, California, a los 54 a\u00f1os\u00a0y la autopsia oficial determin\u00f3 que muri\u00f3 por los<b> \u00abefectos agudos de la ketamina\u00bb<\/b>, un anest\u00e9sico que tambi\u00e9n se usa como terapia para depresi\u00f3n o de forma recreativa.\u00a0<\/p>\n<p class=\"c-paragraph\">Detr\u00e1s dejaba una exitosa carrera y millones de fans,<b> sobre todo por su papel de Chandler Bing en la serie Friends,<\/b> una de las comedias m\u00e1s vistas y reconocibles de la historia de la televisi\u00f3n.\u00a0<\/p>\n<p class=\"c-paragraph\">Los homenajes tras el fallecimiento fueron constantes y masivos, empezando por sus compa\u00f1eros de reparto.\u00a0Jennifer Aniston, Courteney Cox, Lisa Kudrow, Matt LeBlanc y David Schwimmer publicaron una declaraci\u00f3n conjunta en la que <b>compartieron que estaban \u00abcompletamente devastados por la p\u00e9rdida de Matthew\u00bb.<\/b><\/p>\n<p class=\"c-paragraph\">El actor fue enterrado en el cementerio Forest Lawn Memorial Park de Los \u00c1ngeles, pero de una forma muy discreta. <b>Su tumba no ten\u00eda una placa con su nombre para respetar la privacidad de la familia<\/b>.\u00a0<\/p>\n<p class=\"c-paragraph\">Ahora, m\u00e1s de dos a\u00f1os despu\u00e9s de su muerte se ha instalado una placa que muestra su nombre, fechas de nacimiento y fallecimiento y la inscripci\u00f3n \u00abMuch Loved \u2014 Friend \u2014\u00bb <b>como homenaje a su papel ic\u00f3nico en la serie en un juego de palabras en ingl\u00e9s<\/b>, destacando la palabra &#8216;friend&#8217; con dos guiones.\u00a0<\/p>\n<p class=\"c-paragraph\">La l\u00e1pida, perteneciente a un nicho a la altura del suelo, est\u00e1 ahora identificada. La tumba de Perry est\u00e1 ubicada en la parte del cementerio conocida como Sanctuary of Treasured Love en Forest Lawn Memorial Park, en Hollywood Hills, <b>cerca de la tumba de otros actores como Michael Clarke Duncan, Carrie Fisher o Bette Davis.<\/b><\/p>\n","protected":false},"excerpt":{"rendered":"El actor Matthew Perry fue encontrado sin vida el 28 de octubre de 2023 en el jacuzzi de&hellip;\n","protected":false},"author":2,"featured_media":325556,"comment_status":"","ping_status":"","sticky":false,"template":"","format":"standard","meta":{"footnotes":""},"categories":[174],"tags":[12335,255,19640,146,147,25,24,256,6552,23,18158,16743],"class_list":{"0":"post-325555","1":"post","2":"type-post","3":"status-publish","4":"format-standard","5":"has-post-thumbnail","7":"category-famosos","8":"tag-aparece","9":"tag-celebrities","10":"tag-emotivo","11":"tag-entertainment","12":"tag-entretenimiento","13":"tag-es","14":"tag-espana","15":"tag-famosos","16":"tag-homenaje","17":"tag-spain","18":"tag-tumba","19":"tag-un"},"share_on_mastodon":{"url":"https:\/\/pubeurope.com\/@es\/115846829319652908","error":""},"_links":{"self":[{"href":"https:\/\/www.europesays.com\/es\/wp-json\/wp\/v2\/posts\/325555","targetHints":{"allow":["GET"]}}],"collection":[{"href":"https:\/\/www.europesays.com\/es\/wp-json\/wp\/v2\/posts"}],"about":[{"href":"https:\/\/www.europesays.com\/es\/wp-json\/wp\/v2\/types\/post"}],"author":[{"embeddable":true,"href":"https:\/\/www.europesays.com\/es\/wp-json\/wp\/v2\/users\/2"}],"replies":[{"embeddable":true,"href":"https:\/\/www.europesays.com\/es\/wp-json\/wp\/v2\/comments?post=325555"}],"version-history":[{"count":0,"href":"https:\/\/www.europesays.com\/es\/wp-json\/wp\/v2\/posts\/325555\/revisions"}],"wp:featuredmedia":[{"embeddable":true,"href":"https:\/\/www.europesays.com\/es\/wp-json\/wp\/v2\/media\/325556"}],"wp:attachment":[{"href":"https:\/\/www.europesays.com\/es\/wp-json\/wp\/v2\/media?parent=325555"}],"wp:term":[{"taxonomy":"category","embeddable":true,"href":"https:\/\/www.europesays.com\/es\/wp-json\/wp\/v2\/categories?post=325555"},{"taxonomy":"post_tag","embeddable":true,"href":"https:\/\/www.europesays.com\/es\/wp-json\/wp\/v2\/tags?post=325555"}],"curies":[{"name":"wp","href":"https:\/\/api.w.org\/{rel}","templated":true}]}}