{"id":325557,"date":"2026-01-06T06:51:12","date_gmt":"2026-01-06T06:51:12","guid":{"rendered":"https:\/\/www.europesays.com\/es\/325557\/"},"modified":"2026-01-06T06:51:12","modified_gmt":"2026-01-06T06:51:12","slug":"como-reformar-un-edificio-modernista-sin-traicionarlo-la-nueva-vida-de-una-joya-de-sagnier-en-barcelona-icon-design","status":"publish","type":"post","link":"https:\/\/www.europesays.com\/es\/325557\/","title":{"rendered":"C\u00f3mo reformar un edificio modernista sin traicionarlo: la nueva vida de una joya de Sagnier en Barcelona | ICON Design"},"content":{"rendered":"<p class=\"\">Una buena restauraci\u00f3n es un di\u00e1logo y una convivencia. Por eso solo puede hacerse a capas, permitiendo que el pasado hable. Tambi\u00e9n evitando que se imponga. En simple: se trata de cuidar. De intentar que el presente ponga al d\u00eda los logros originales, a veces restaur\u00e1ndolos, otras subray\u00e1ndolos y, con frecuencia, simplemente no estrope\u00e1ndolos al actualizarlos. En el mundo contempor\u00e1neo es indispensable hacer convivir elementos fr\u00e1giles con tecnolog\u00edas anta\u00f1o inexistentes procurando que su huella en el edificio sea honesta. De eso va este proyecto, de limpieza, honestidad y actualizaci\u00f3n de la vida burguesa. Frente a un edificio finisecular y modernista de viviendas en el <a href=\"https:\/\/elpais.com\/noticias\/distrito-eixample\/\" target=\"_blank\" rel=\"noreferrer nofollow noopener\" title=\"https:\/\/elpais.com\/noticias\/distrito-eixample\/\">Eixample<\/a> barcelon\u00e9s,<a href=\"https:\/\/elpais.com\/cultura\/del-tirador-a-la-ciudad\/2024-02-20\/cuidar-el-patrimonio-sin-momificarlo.html\" target=\"_blank\" rel=\"noreferrer nofollow noopener\" title=\"https:\/\/elpais.com\/cultura\/del-tirador-a-la-ciudad\/2024-02-20\/cuidar-el-patrimonio-sin-momificarlo.html\"> los arquitectos Anna, Eugeni y Jaume Bach observan el pasado<\/a>, lo reparan, lo corrigen y tratan de anticiparse al futuro. <\/p>\n<p><img decoding=\"auto\" class=\"_re lazyload a_m-v\" height=\"482\"  width=\"414\"  src=\"https:\/\/www.europesays.com\/es\/wp-content\/uploads\/2026\/01\/ETLPDTBJDVGZFFXU6WNEFFZ5SU.jpg\" loading=\"lazy\"\/>La entrada del edificio.Eugeni Bach<img decoding=\"auto\" class=\"_re lazyload a_m-v\" height=\"508\"  width=\"414\"  src=\"https:\/\/www.europesays.com\/es\/wp-content\/uploads\/2026\/01\/CTIHWR7CSZE55PWJNKBBYW27SI.jpg\" loading=\"lazy\"\/>La soluci\u00f3n para abrir la ventana del ba\u00f1o sin renunciar a bajar el techo.Eugeni Bach<\/p>\n<p class=\"\">En poco m\u00e1s de un siglo, todo ha cambiado en esas estancias. Las cocinas se han ampliado y se han abierto. Los ba\u00f1os se han multiplicado. Ocupan lugares m\u00e1s c\u00e9ntricos y han perdido secretismo. Las normativas de higiene y ventilaci\u00f3n han reforzado los tabiques y multiplicado los tubos de aire. El confort y la intimidad se han dado la mano en los aseos donde se ha impuesto la est\u00e9tica cl\u00ednica marcada por<a href=\"https:\/\/elpais.com\/elpais\/2020\/11\/30\/album\/1606728287_209629.html\" target=\"_blank\" rel=\"noreferrer nofollow noopener\" title=\"https:\/\/elpais.com\/elpais\/2020\/11\/30\/album\/1606728287_209629.html\"> Le Corbusier<\/a>. Las \u00e9pocas hablan con la vigencia de sus logros, pero tambi\u00e9n con lo que agotan. Y, m\u00e1s sutilmente, con lo que intentaron lograr. En las casas de hoy el escaparate, la representatividad, ha dejado paso a la comodidad. El confort le ha ganado la batalla a la imagen. Sin embargo, ser\u00eda un error pensar que ese cambio de prioridades est\u00e1 re\u00f1ido con el cuidado, con la cultura e incluso con la belleza: cuidamos la casa que nos cuida.<\/p>\n<p class=\"\">Este edificio de viviendas centenario que han remodelado los Bach no es un inmueble cualquiera. Es uno de los casi 300 que <a href=\"https:\/\/elpais.com\/eps\/2023-10-25\/historia-del-arte-crucificado.html\" target=\"_self\" rel=\"nofollow noopener\" title=\"https:\/\/elpais.com\/eps\/2023-10-25\/historia-del-arte-crucificado.html\">Enric Sagnier Villavecchia<\/a> levant\u00f3 en Barcelona. Sagnier fue un arquitecto modernista, pero tambi\u00e9n neocl\u00e1sico en sus primeros edificios: en su vivienda, la Casa Sagnier en Rambla Catalu\u00f1a, o en la Aduana, que levant\u00f3 junto al puerto. Lleg\u00f3 a ser incluso neog\u00f3tico en la Casa Pascual Pons, que arranca el Paseo de Gracia. Y termin\u00f3 dise\u00f1ando neomedieval en su edificio m\u00e1s notable \u2014la Caixa de Pensions\u2014 y tambi\u00e9n en el m\u00e1s tard\u00edo, que termin\u00f3 su hijo. Hoy, el Templo Expiatorio Sagrado Coraz\u00f3n, en la cima del Tibidabo, corona la ciudad.<\/p>\n<p><img decoding=\"auto\" class=\"_re lazyload a_m-h\" height=\"414\"  width=\"414\"  src=\"https:\/\/www.europesays.com\/es\/wp-content\/uploads\/2026\/01\/ABMVGD3QZBGYDPPGXBGJFH2XME.jpg\" loading=\"lazy\"\/>Los arquitectos han achaflanado la entrada a los dormitorios para permitir acceder de forma independiente.Eugeni Bach<img decoding=\"auto\" class=\"_re lazyload a_m-v\" height=\"556\"  width=\"414\"  src=\"https:\/\/www.europesays.com\/es\/wp-content\/uploads\/2026\/01\/4M3PQ4VI6NFF7BNDYWJS3QWHMI.jpg\" loading=\"lazy\"\/>Techos altos, molduras de yeso y detalles en madera conviven en este edificio de viviendas.Eugeni Bach<\/p>\n<p class=\"\">La vida de Sagnier fue tan legendaria que termin\u00f3 siendo el arquitecto titular de Montserrat. Sin embargo, lo que determin\u00f3 su huella fueron las docenas de edificios de viviendas entre medianeras que tejen el urbanismo barcelon\u00e9s. Uno de esos inmuebles modernistas \u2014con pisos de techos y puertas muy altos y esmerados mosaicos hidr\u00e1ulicos dibujando alfombras cer\u00e1micas en el suelo, vidrieras coloreadas y serigrafiadas y rosetones de yeso para colgar l\u00e1mparas de gas\u2014 ha sido remodelado por los Bach con el mismo oficio y cuidado con los que Sagnier trabaj\u00f3 durante 50 a\u00f1os en Barcelona con cristaleros como <a href=\"https:\/\/elpais.com\/espana\/catalunya\/2020-11-01\/el-rico-patrimonio-de-los-cementerios-de-barcelona-desde-casa.html\" target=\"_blank\" rel=\"noreferrer nofollow noopener\" title=\"https:\/\/elpais.com\/espana\/catalunya\/2020-11-01\/el-rico-patrimonio-de-los-cementerios-de-barcelona-desde-casa.html\">Antoni Rigalt<\/a>, forjadores como Carles Torrebadell y mosaiquistas como Llu\u00eds Bru. <\/p>\n<p class=\"\">La intervenci\u00f3n en el edificio de Sagnier actualiza los pisos pero no los transforma. Mejora la vida en su interior, pero no los disfraza ni momifica. Con todo, el nuevo trabajo de los arquitectos est\u00e1 plagado de detalles: \u201cEl roset\u00f3n traviesamente atravesado por el tubo de aire en uno de los techos, o el medio c\u00edrculo, como un halo, en lo alto de la ventana de un ba\u00f1o para poder abrir las compuertas, sin renunciar a bajar el techo para esconder las instalaciones\u201d, muestra Eugeni. Los cambios no son solo limpieza y t\u00e9cnica. \u201cLos colores de los techos y las paredes son distintos en cada piso. Derivan de las cer\u00e1micas hidr\u00e1ulicas que dibujan alfombras en las estancias\u201d, explica Anna. Pero conviven con los zurcidos cer\u00e1micos en gris que se\u00f1alan los lugares donde esas cer\u00e1micas eran irrecuperables. <\/p>\n<p><img decoding=\"auto\" class=\"_re lazyload a_m-v\" height=\"621\"  width=\"414\"  src=\"https:\/\/www.europesays.com\/es\/wp-content\/uploads\/2026\/01\/RQ5RG6YA3FEKLKJ65Q4FLRESQ4.jpg\" loading=\"lazy\"\/>Las baldosas hidr\u00e1ulicas del suelo son originales e inspiran los colores de paredes y techos.Eugeni Bach<img decoding=\"auto\" class=\"_re lazyload a_m-v\" height=\"539\"  width=\"414\"  src=\"https:\/\/www.europesays.com\/es\/wp-content\/uploads\/2026\/01\/MHM4AQSRPZAVJCODA6JXXEOML4.jpg\" loading=\"lazy\"\/>Las vidrieras tambi\u00e9n reflejan la colaboraci\u00f3n de Sagnier con artesanos de su tiempo.Eugeni Bach<\/p>\n<p class=\"\">A los pisos se accede por el centro, al lado de la calle queda la vida privada: los dormitorios. Ah\u00ed, unas marcas de madera en el suelo evocan el antiguo per\u00edmetro de las habitaciones. Los dormitorios tienen ahora una entrada achaflanada para poder llegar a uno sin atravesar el otro. Esas decisiones, como tambi\u00e9n <a href=\"https:\/\/elpais.com\/icon-design\/2024-10-03\/el-fracaso-de-unir-cocina-y-salon-ha-llegado-el-fin-de-las-cocinas-abiertas.html\" target=\"_blank\" rel=\"noreferrer nofollow noopener\" title=\"https:\/\/elpais.com\/icon-design\/2024-10-03\/el-fracaso-de-unir-cocina-y-salon-ha-llegado-el-fin-de-las-cocinas-abiertas.html\">la de acercar la cocina al comedor<\/a>, o la de disimular la marca del hueco del ascensor, indican cambios de \u00e9poca. Son correcciones. Por eso hay altura y dignidad en este di\u00e1logo. El mismo cuidado existe en las encimeras de Macael que buscan la vida eterna en los nuevos ba\u00f1os y cocinas. Los dameros rojiblancos de esos suelos son tambi\u00e9n de cer\u00e1mica, como los pavimentos originales. Actualizan la ambici\u00f3n arquitect\u00f3nica. <\/p>\n<p class=\"\"><a href=\"https:\/\/elpais.com\/eps\/2021-05-14\/anna-y-eugeni-bach-la-primera-manera-de-ser-sostenibles-seria-no-hacer-si-no-es-necesario.html\" target=\"_blank\" rel=\"noreferrer nofollow noopener\" title=\"https:\/\/elpais.com\/eps\/2021-05-14\/anna-y-eugeni-bach-la-primera-manera-de-ser-sostenibles-seria-no-hacer-si-no-es-necesario.html\">Anna y Eugeni Bach so\u00f1aron con trabajar juntos<\/a> cuando se conocieron. Ten\u00edan 20 a\u00f1os y fue en una fiesta. La fiesta era en el edificio Finlandia-talo de<a href=\"https:\/\/elpais.com\/icon-design\/arte\/2021-10-26\/vida-obra-y-muerte-de-alvar-aalto-el-arquitecto-que-lo-construyo-todo-en-finlandia-gracias-a-su-mujer-aino.html\" target=\"_self\" rel=\"nofollow noopener\" title=\"https:\/\/elpais.com\/icon-design\/arte\/2021-10-26\/vida-obra-y-muerte-de-alvar-aalto-el-arquitecto-que-lo-construyo-todo-en-finlandia-gracias-a-su-mujer-aino.html\"> Alvar Aalto<\/a>. Acababan de empezar a estudiar Arquitectura. Anna es finlandesa y sus primeros proyectos dejan ver la marca n\u00f3rdica del trabajo con la madera, del juego, el color y el cuidado por los materiales, el medio ambiente y la buena vida. Han pasado 30 a\u00f1os. Anna habla perfectamente catal\u00e1n y castellano. \u201cHemos sabido mezclar distancia y cercan\u00eda\u201d, dice. Y es cierto que sus proyectos siguen empleando madera que abriga. Aqu\u00ed, un z\u00f3calo alto y verdoso recorre, unific\u00e1ndolas, todas las estancias de la casa. \u201cSe confunde con armarios y con puertas, que ocultan un ba\u00f1o\u201d, indica Eugeni. Esa parte l\u00fadica es tambi\u00e9n marca de la casa en el trabajo de Jaume Bach, el padre de Eugeni con el que Anna trabaj\u00f3 al llegar a Espa\u00f1a. <\/p>\n<p><img decoding=\"auto\" class=\"_re lazyload a_m-v\" height=\"448\"  width=\"414\"  src=\"https:\/\/www.europesays.com\/es\/wp-content\/uploads\/2026\/01\/FZPPMD6M6FETPBJV7EDYQN7HWI.jpg\" loading=\"lazy\"\/>Los arquitectos han achaflanado la entrada a los dormitorios para permitir acceder de forma independiente.Eugeni Bach<img decoding=\"auto\" class=\"_re lazyload a_m-v\" height=\"507\"  width=\"414\"  src=\"https:\/\/www.europesays.com\/es\/wp-content\/uploads\/2026\/01\/WIW6JBDBQBHVJJTGSEVHQGQKHY.jpg\" loading=\"lazy\"\/>Techos altos, molduras de yeso y detalles en madera conviven en este edificio de viviendas.Eugeni Bach<\/p>\n<p class=\"\">Desde este edificio se aprecian los cambios que dibujan otra Barcelona. La magia de las chimeneas de <a href=\"https:\/\/elpais.com\/ccaa\/2012\/11\/17\/catalunya\/1353189088_630914.html\" target=\"_blank\" rel=\"noreferrer nofollow noopener\" title=\"https:\/\/elpais.com\/ccaa\/2012\/11\/17\/catalunya\/1353189088_630914.html\">la Pedrera<\/a>, y las curvas que asombraron a los barceloneses a principios del siglo XX, seguir\u00e1n deslumbrando a los nuevos habitantes de estos pisos. Pero esos inquilinos ya no ser\u00e1n los burgueses de las provincias que poblaron el ensanche. <a href=\"https:\/\/elpais.com\/espana\/catalunya\/2020-12-16\/cerda-vidas-que-no-importan-y-la-pandemia.html\" target=\"_self\" rel=\"nofollow noopener\" title=\"https:\/\/elpais.com\/espana\/catalunya\/2020-12-16\/cerda-vidas-que-no-importan-y-la-pandemia.html\">Idelfonso Cerd\u00e0<\/a> ide\u00f3 patios de convivencia vecinal. Algunos han sido recuperados. Otros se han convertido en jardines de hoteles de lujo. Sucede en este patio de manzana. La propia casa que Sagnier hizo para \u00e9l y su familia es hoy el hotel Casa Sagnier. El papa Pio XI hizo marqu\u00e9s a Enric Sagnier en 1923. En su escudo nobiliario el arquitecto habl\u00f3 de casas. Y de belleza: \u201cSe\u00f1or, am\u00e9 la hermosura de tu casa\u201d, escribi\u00f3 ese hombre polifac\u00e9tico, un notable violinista, que eligi\u00f3 la arquitectura para experimentar en la vida. Los Bach recogen ese legado. Y juegan con \u00e9l.<\/p>\n","protected":false},"excerpt":{"rendered":"Una buena restauraci\u00f3n es un di\u00e1logo y una convivencia. Por eso solo puede hacerse a capas, permitiendo que&hellip;\n","protected":false},"author":2,"featured_media":325558,"comment_status":"","ping_status":"","sticky":false,"template":"","format":"standard","meta":{"footnotes":""},"categories":[173],"tags":[801,16269,229,233,231,230,210,1980,232,234,146,147,25,24,53354,75394,75395,23],"class_list":{"0":"post-325557","1":"post","2":"type-post","3":"status-publish","4":"format-standard","5":"has-post-thumbnail","7":"category-arte-y-diseno","8":"tag-arquitectura","9":"tag-arquitectura-moderna","10":"tag-arte","11":"tag-arte-y-diseno","12":"tag-arts","13":"tag-arts-and-design","14":"tag-barcelona","15":"tag-cataluna","16":"tag-design","17":"tag-diseno","18":"tag-entertainment","19":"tag-entretenimiento","20":"tag-es","21":"tag-espana","22":"tag-icon-design","23":"tag-pedrera","24":"tag-reformation","25":"tag-spain"},"share_on_mastodon":{"url":"https:\/\/pubeurope.com\/@es\/115846832832056861","error":""},"_links":{"self":[{"href":"https:\/\/www.europesays.com\/es\/wp-json\/wp\/v2\/posts\/325557","targetHints":{"allow":["GET"]}}],"collection":[{"href":"https:\/\/www.europesays.com\/es\/wp-json\/wp\/v2\/posts"}],"about":[{"href":"https:\/\/www.europesays.com\/es\/wp-json\/wp\/v2\/types\/post"}],"author":[{"embeddable":true,"href":"https:\/\/www.europesays.com\/es\/wp-json\/wp\/v2\/users\/2"}],"replies":[{"embeddable":true,"href":"https:\/\/www.europesays.com\/es\/wp-json\/wp\/v2\/comments?post=325557"}],"version-history":[{"count":0,"href":"https:\/\/www.europesays.com\/es\/wp-json\/wp\/v2\/posts\/325557\/revisions"}],"wp:featuredmedia":[{"embeddable":true,"href":"https:\/\/www.europesays.com\/es\/wp-json\/wp\/v2\/media\/325558"}],"wp:attachment":[{"href":"https:\/\/www.europesays.com\/es\/wp-json\/wp\/v2\/media?parent=325557"}],"wp:term":[{"taxonomy":"category","embeddable":true,"href":"https:\/\/www.europesays.com\/es\/wp-json\/wp\/v2\/categories?post=325557"},{"taxonomy":"post_tag","embeddable":true,"href":"https:\/\/www.europesays.com\/es\/wp-json\/wp\/v2\/tags?post=325557"}],"curies":[{"name":"wp","href":"https:\/\/api.w.org\/{rel}","templated":true}]}}