{"id":325579,"date":"2026-01-06T07:11:12","date_gmt":"2026-01-06T07:11:12","guid":{"rendered":"https:\/\/www.europesays.com\/es\/325579\/"},"modified":"2026-01-06T07:11:12","modified_gmt":"2026-01-06T07:11:12","slug":"bell-haynes-supera-a-llompart-y-yusta-sigue-escalando-en-los-rankings-historicos-del-casademont-zaragoza","status":"publish","type":"post","link":"https:\/\/www.europesays.com\/es\/325579\/","title":{"rendered":"Bell-Haynes supera a Llompart y Yusta sigue escalando en los rankings hist\u00f3ricos del Casademont Zaragoza"},"content":{"rendered":"<p class=\"ft-text\">Como en casi todos los partidos de esta temporada en el <strong>Casdemont Zaragoza, <\/strong>independientemente del resultado, <strong>Santi Yusta y Trae Bell-Haynes<\/strong> fueron de lo mejor del equipo aragon\u00e9s en L\u00e9rida. Claves en una victoria clave (77-87), ambos sumaron para que el equipo de <strong>Jes\u00fas Ram\u00edrez <\/strong>pudiera imponerse en el Barris Nord y tambi\u00e9n para ir acumulando puntos, asistencias y otros datos estad\u00edsticos que les hacen avanzar en los rankings hist\u00f3ricos del club aragon\u00e9s en la m\u00e1xima categor\u00eda.<\/p>\n<p class=\"ft-text\"><strong>Santi Yusta y<\/strong>a se ha situado como el jugador que m\u00e1s minutos ha defendido la camiseta del Casademont Zaragoza en la ACB (3.210), superando a <strong>Norel (2.965) y Benzing (2.822), <\/strong>y con sus extraordinarias medias de este curso es tambi\u00e9n el que m\u00e1s puntos ha celebrado con el club aragon\u00e9s (1.535). Asimismo, se sit\u00faa como el jugador con m\u00e1s recuperaciones de la historia (171).<\/p>\n<p class=\"ft-text\">Desde esta jornada ha adelantado tambi\u00e9n al malogrado<strong> Stevan Jelovac<\/strong> para situarse como segundo jugador con m\u00e1s cr\u00e9ditos de valoraci\u00f3n en la historia del club. El madrile\u00f1o acumula 1.473 por los 1.460 del interior serbio y sigue acehando al l\u00edder hist\u00f3rico, <strong>Henk Norel, <\/strong>que suma 1.746.<\/p>\n<p class=\"ft-text\">Pero el capit\u00e1n no es el \u00fanico que avanza en estos rankings hist\u00f3ricos. <strong>Trae Bell-Haynes <\/strong>tambi\u00e9n sigue acumulando asistencias y este fin de semana ha superado la cifra que ostentaba el actual secretario t\u00e9cnico del club, <strong>Pedro Llompart. <\/strong>El canadiense suma ya 403 asistencias por las 397 del exjugador balear. Y est\u00e1 a tan solo 16 de hacerse con la primera plaza que ocupa<strong> Tom\u00e1s Bellas (419).<\/strong><\/p>\n","protected":false},"excerpt":{"rendered":"Como en casi todos los partidos de esta temporada en el Casdemont Zaragoza, independientemente del resultado, Santi Yusta&hellip;\n","protected":false},"author":2,"featured_media":325580,"comment_status":"","ping_status":"","sticky":false,"template":"","format":"standard","meta":{"footnotes":""},"categories":[269],"tags":[299,298,26088,5369,168,25,24,26089,831,41892,19586,23,167,5378,26090,11979],"class_list":{"0":"post-325579","1":"post","2":"type-post","3":"status-publish","4":"format-standard","5":"has-post-thumbnail","7":"category-baloncesto","8":"tag-baloncesto","9":"tag-basketball","10":"tag-bell","11":"tag-casademont-zaragoza","12":"tag-deportes","13":"tag-es","14":"tag-espana","15":"tag-haynes","16":"tag-liga-acb","17":"tag-llompart","18":"tag-santi-yusta","19":"tag-spain","20":"tag-sports","21":"tag-supera","22":"tag-trae-bell-haynes","23":"tag-yusta"},"share_on_mastodon":{"url":"https:\/\/pubeurope.com\/@es\/115846911318688335","error":""},"_links":{"self":[{"href":"https:\/\/www.europesays.com\/es\/wp-json\/wp\/v2\/posts\/325579","targetHints":{"allow":["GET"]}}],"collection":[{"href":"https:\/\/www.europesays.com\/es\/wp-json\/wp\/v2\/posts"}],"about":[{"href":"https:\/\/www.europesays.com\/es\/wp-json\/wp\/v2\/types\/post"}],"author":[{"embeddable":true,"href":"https:\/\/www.europesays.com\/es\/wp-json\/wp\/v2\/users\/2"}],"replies":[{"embeddable":true,"href":"https:\/\/www.europesays.com\/es\/wp-json\/wp\/v2\/comments?post=325579"}],"version-history":[{"count":0,"href":"https:\/\/www.europesays.com\/es\/wp-json\/wp\/v2\/posts\/325579\/revisions"}],"wp:featuredmedia":[{"embeddable":true,"href":"https:\/\/www.europesays.com\/es\/wp-json\/wp\/v2\/media\/325580"}],"wp:attachment":[{"href":"https:\/\/www.europesays.com\/es\/wp-json\/wp\/v2\/media?parent=325579"}],"wp:term":[{"taxonomy":"category","embeddable":true,"href":"https:\/\/www.europesays.com\/es\/wp-json\/wp\/v2\/categories?post=325579"},{"taxonomy":"post_tag","embeddable":true,"href":"https:\/\/www.europesays.com\/es\/wp-json\/wp\/v2\/tags?post=325579"}],"curies":[{"name":"wp","href":"https:\/\/api.w.org\/{rel}","templated":true}]}}