{"id":325583,"date":"2026-01-06T07:13:11","date_gmt":"2026-01-06T07:13:11","guid":{"rendered":"https:\/\/www.europesays.com\/es\/325583\/"},"modified":"2026-01-06T07:13:11","modified_gmt":"2026-01-06T07:13:11","slug":"nace-su-primer-hijo-en-comun","status":"publish","type":"post","link":"https:\/\/www.europesays.com\/es\/325583\/","title":{"rendered":"nace su primer hijo en com\u00fan"},"content":{"rendered":"<p id=\"eNBSkyqyiY\" data-wc=\"104\">Hace exactamente doce meses,<strong>\u00a0In\u00e9s Ybarra\u00a0<\/strong>protagonizaba<a class=\"hm-link ho-link\" href=\"https:\/\/www.hola.com\/fashion\/tendencias\/20250115739856\/ines-ybarra-creatividad-sin-limites\/\" data-mrf-recirculation=\"article-body-link\" rel=\"nofollow noopener\" target=\"_blank\">\u00a0la portada de FASHION<\/a> con un excepcional reportaje en el que ped\u00eda al 2025 \u00abque me permita recoger frutos de lo sembrado, y salud para mis seres queridos y para m\u00ed\u00bb. Lo que no imaginaba es que la vida le iba a dar mucho m\u00e1s y que un a\u00f1o despu\u00e9s llegar\u00eda el mejor regalo de su vida: su primer hijo en com\u00fan. El 2026 ha comenzado de la mejor manera para la directora de arte y<strong>\u00a0Jaime Ardid Mart\u00ednez-Bordi\u00fa<\/strong>, quienes se han convertido en padres de un beb\u00e9 que ha multiplicado la felicidad de toda la familia.<\/p>\n<p> <img src=\"https:\/\/www.europesays.com\/es\/wp-content\/uploads\/2026\/01\/a33045806bda-whatsapp-image-2026-01-05-at-201339.jpg\"   width=\"633\" height=\"1024\" loading=\"lazy\" decoding=\"async\" alt=\"In\u00e9s Ybarra con su beb\u00e9 reci\u00e9n nacido\" fetchpriority=\"auto\" class=\"image ho-image\"\/>\u00a9 tatelo_<\/p>\n<p id=\"egsEsHWoTk6\" data-wc=\"91\">La pareja ha llevado con total discreci\u00f3n el embarazo, anunciado en primicia por \u00a1HOLA! en septiembre, cuando ya se encontraba en el tercer trimestre.<strong>\u00a0Todo su entorno esperaba con ilusi\u00f3n al peque\u00f1o, que tiene dos hermanos mayores nacidos del primer matrimonio del ejecutivo<\/strong>, con la inversora Carmen Panadero Reyes. Adem\u00e1s, podr\u00e1 compartir juegos y experiencias con<a class=\"hm-link ho-link\" href=\"https:\/\/www.hola.com\/actualidad\/20251027863986\/khali-el-assir-y-juanjo-franco-se-convierten-en-padres\/\" data-mrf-recirculation=\"article-body-link\" rel=\"nofollow noopener\" target=\"_blank\">\u00a0Talita, la hija de Khali El Assir y Juan Jos\u00e9 Franco<\/a>, primo de Jaime. Con ella se lleva solo dos meses, ya que la ni\u00f1a naci\u00f3 el pasado 27 de octubre, como publicamos en exclusiva.\u00a0<\/p>\n<p id=\"e7YJ8jlBk4\" data-wc=\"110\"><strong>El beb\u00e9 llega poco despu\u00e9s de una fecha se\u00f1alada: el primer<\/strong><strong>\u00a0<\/strong>aniversario de boda de sus padres. In\u00e9s y Jaime contrajeron matrimonio en Segovia, cuyas calles recorrieron con una animada tuna hasta la casona medieval que posee en la ciudad la familia de la novia, una joya del siglo XII que reformaron con la ayuda de Bel\u00e9n Benjumea y posee un precioso jard\u00edn con privilegiadas vistas. \u00a0All\u00ed, alejados de los focos y rodeados de un reducido n\u00famero de invitados, pronunciaron el \u00abs\u00ed, quiero\u00bb en una ceremonia civil a la que asistieron \u00a0Pilar Medina Sidonia y su hijo Tom\u00e1s Terry, Maximiliano de Habsburgo, Ana Gamazo Hohenlohe y las hermanas Ordov\u00e1s Llad\u00f3.<\/p>\n<p> <img src=\"https:\/\/www.europesays.com\/es\/wp-content\/uploads\/2026\/01\/98482a8f65fb-881e3d3cbe3e-captura-de-pantalla-2024-09-29-171633-1.jpg\"   width=\"614\" height=\"1024\" loading=\"lazy\" decoding=\"async\" alt=\"La pareja el d\u00eda de su boda\" fetchpriority=\"auto\" class=\"image ho-image\"\/>\u00a9 Redes socialesIn\u00e9s y Jaime, el d\u00eda de su boda en Segovia<\/p>\n<p id=\"e-bH_zTJktt\" data-wc=\"125\">Con una creatividad sin l\u00edmites, I<strong>n\u00e9s Ybarra es fot\u00f3grafa, directora art\u00edstica y fundadora de la firma de dise\u00f1o mobiliario Casahari<\/strong>. Tambi\u00e9n se siente vinculada con la moda y ha posado para dise\u00f1adores como Javier Simorra y Mois\u00e9s Nieto. <strong>Su marido es CEO de ARD Investment &amp; Development<\/strong>, que se asoci\u00f3 con la cadena Six Senses para abrir un hotel en el sevillano cortijo de La Caprichosa. La empresa tambi\u00e9n ha participado en la remodelaci\u00f3n de edificios como los hoteles Bless de Madrid y el AC Avenida Am\u00e9rica, adem\u00e1s de otros proyectos hoteleros en Espa\u00f1a, Portugal y Estados Unidos. Igualmente, la compa\u00f1\u00eda ha reformado el famoso edificio del n\u00famero 8 de la calle Hermanos B\u00e9cquer de la capital, entre otros que han pertenecido a la familia.\u00a0<\/p>\n<p>Dos dinast\u00edas unidas para siempre<\/p>\n<p data-wc=\"96\" id=\"eJy-v5M0Z_V\">El reci\u00e9n nacido es el nexo de uni\u00f3n eterna entre dos importantes sagas.<strong>\u00a0In\u00e9s Ybarra es la segunda de las tres hijas que el periodista y empresario Enrique Ybarra e Ybarra tuvo con Ernestina Pasch<\/strong>. Su tata-tatarabuelo era el empresario bilba\u00edno Jos\u00e9 Mar\u00eda Ybarra Guti\u00e9rrez de Caviedes, cofundador de la Feria de Sevilla. Su bisabuelo era Gabriel Ybarra dela Revilla, cofundador del peri\u00f3dico regional El Pueblo Vasco; y su abuelo, el empresario Javier de Ybarra y Berg\u00e9, presidente de la Diputaci\u00f3n de Vizcaya, alcalde de Bilbao y presidente del diario\u00a0El Correo\u00a0al que mat\u00f3 ETA.<\/p>\n<p> <img src=\"https:\/\/www.europesays.com\/es\/wp-content\/uploads\/2025\/11\/a9760ce559c8-jaime-e-ins.jpg\"   width=\"1024\" height=\"1024\" loading=\"lazy\" decoding=\"async\" alt=\"Jaime Ardid e Ines Ybarra\" fetchpriority=\"auto\" class=\"image ho-image\"\/>\u00a9 Javier Alonso \/ inesybarra_Jaime Ardid e In\u00e9s Ybarra, en un montaje<\/p>\n<p data-wc=\"92\" id=\"ex4KmSElbO\">Por su parte, <strong>Jaime Ardid Mart\u00ednez-Bordi\u00fa es el hijo mediano de Rafael Ardid Villoslada y Mariola Mart\u00ednez-Bordi\u00fa, la nieta menos conocida de Franco.\u00a0<\/strong>Su boda, que<a class=\"hm-link ho-link\" href=\"https:\/\/www.hola.com\/actualidad\/20240927720921\/boda-mariola-martinez-bordiu-jaime-ardid\/\" data-mrf-recirculation=\"article-body-link\" rel=\"nofollow noopener\" target=\"_blank\">\u00a0fue portada de \u00a1HOLA!<\/a> y se retransmiti\u00f3 en televisi\u00f3n, se celebr\u00f3 en el Palacio de El Pardo y entre los invitados estaban don Juan Carlos y do\u00f1a Sof\u00eda, el rey Sime\u00f3n de Bulgaria y Margarita G\u00f3mez Acebo, los grandes duques de Rusia, la princesa Mar\u00eda Gabriela de Saboya y Gonzalo de Borb\u00f3n, Tessa de Baviera, la duquesa de Alba con su hijo Carlos y Aline Griffith.<\/p>\n","protected":false},"excerpt":{"rendered":"Hace exactamente doce meses,\u00a0In\u00e9s Ybarra\u00a0protagonizaba\u00a0la portada de FASHION con un excepcional reportaje en el que ped\u00eda al 2025&hellip;\n","protected":false},"author":2,"featured_media":325584,"comment_status":"","ping_status":"","sticky":false,"template":"","format":"standard","meta":{"footnotes":""},"categories":[174],"tags":[517,255,146,147,25,24,256,23],"class_list":{"0":"post-325583","1":"post","2":"type-post","3":"status-publish","4":"format-standard","5":"has-post-thumbnail","7":"category-famosos","8":"tag-actualidad","9":"tag-celebrities","10":"tag-entertainment","11":"tag-entretenimiento","12":"tag-es","13":"tag-espana","14":"tag-famosos","15":"tag-spain"},"share_on_mastodon":{"url":"https:\/\/pubeurope.com\/@es\/115846919290742219","error":""},"_links":{"self":[{"href":"https:\/\/www.europesays.com\/es\/wp-json\/wp\/v2\/posts\/325583","targetHints":{"allow":["GET"]}}],"collection":[{"href":"https:\/\/www.europesays.com\/es\/wp-json\/wp\/v2\/posts"}],"about":[{"href":"https:\/\/www.europesays.com\/es\/wp-json\/wp\/v2\/types\/post"}],"author":[{"embeddable":true,"href":"https:\/\/www.europesays.com\/es\/wp-json\/wp\/v2\/users\/2"}],"replies":[{"embeddable":true,"href":"https:\/\/www.europesays.com\/es\/wp-json\/wp\/v2\/comments?post=325583"}],"version-history":[{"count":0,"href":"https:\/\/www.europesays.com\/es\/wp-json\/wp\/v2\/posts\/325583\/revisions"}],"wp:featuredmedia":[{"embeddable":true,"href":"https:\/\/www.europesays.com\/es\/wp-json\/wp\/v2\/media\/325584"}],"wp:attachment":[{"href":"https:\/\/www.europesays.com\/es\/wp-json\/wp\/v2\/media?parent=325583"}],"wp:term":[{"taxonomy":"category","embeddable":true,"href":"https:\/\/www.europesays.com\/es\/wp-json\/wp\/v2\/categories?post=325583"},{"taxonomy":"post_tag","embeddable":true,"href":"https:\/\/www.europesays.com\/es\/wp-json\/wp\/v2\/tags?post=325583"}],"curies":[{"name":"wp","href":"https:\/\/api.w.org\/{rel}","templated":true}]}}