{"id":325585,"date":"2026-01-06T07:14:13","date_gmt":"2026-01-06T07:14:13","guid":{"rendered":"https:\/\/www.europesays.com\/es\/325585\/"},"modified":"2026-01-06T07:14:13","modified_gmt":"2026-01-06T07:14:13","slug":"pistas-para-refugiarse-en-la-cultura","status":"publish","type":"post","link":"https:\/\/www.europesays.com\/es\/325585\/","title":{"rendered":"Pistas para refugiarse en la cultura"},"content":{"rendered":"<p>Francia afronta un 2026 repleto de eventos culturales y entre ellos destaca la agenda de exposiciones en Par\u00eds. Si 2024 estuvo marcado por una gran  &#8230; retrospectiva sobre el 150\u00ba aniversario del impresionismo en el Museo d&#8217;Orsay, el mismo monumental centro cultural conmemora ahora que se cumplen 150 a\u00f1os de la pintura el &#8216;Baile en el Moulin de la Galette&#8217; de Renoir. Por ese motivo, expondr\u00e1 a partir del 17 de marzo, gracias a la colaboraci\u00f3n con la National Gallery de Londres y el Museo de Bellas Artes de Boston, las obras m\u00e1s importantes de uno de los principales representantes de la corriente impresionista, junto con Monet.En el 50\u00ba aniversario de la muerte de Alexander Calder, la Fundaci\u00f3n Louis Vuitton dedica una amplia retrospectiva al escultor estadounidense, que justo empez\u00f3 a vivir en la capital francesa en 1926. A partir de mediados de abril, la sala de arte contempor\u00e1neo mostrar\u00e1 300 obras de Calder, entre ellas sus esculturas m\u00f3viles y los retratos que hizo con hilo de hierro. Tambi\u00e9n se expondr\u00e1n sus m\u00faltiples colaboraciones de este artista con Frank Gehry, autor del Guggenheim Bilbao. <\/p>\n<ol class=\"v-cmp-u-b__u\">\n<li class=\"v-cmp-u-b__l\">\n<p>\nReino Unido.<br \/>\nArte, moda y m\u00fasica.\n<\/p>\n<p>Retornos hist\u00f3ricos y festivales internacionales<\/p>\n<\/li>\n<\/ol>\n<p><img decoding=\"async\" loading=\"lazy\" src=\"https:\/\/www.europesays.com\/es\/wp-content\/uploads\/2026\/01\/Imagen Londres-kH2D--1920x1344@El Correo.jpg\" class=\"v-a-img\" width=\"1920\" height=\"1344\" alt=\"\" data-voc-vtm-id=\"in-text-traffic\"\/><\/p>\n<p><img loading=\"lazy\" decoding=\"async\" src=\"https:\/\/www.europesays.com\/es\/wp-content\/uploads\/2026\/01\/Imagen Londres-kH2D--1920x1344@El Correo.jpg\" class=\"v-mdl__img-z\" width=\"1920\" height=\"1344\" alt=\"\"\/><\/p>\n<p class=\"v-p\">El calendario cultural del Reino Unido para 2026 se perfila muy ambicioso, con propuestas destinadas a renovar la relaci\u00f3n entre instituciones, ciudadan\u00eda y patrimonio. Entre los acontecimientos m\u00e1s esperados sobresale la primera presentaci\u00f3n en el Reino Unido del Tapiz de Bayeux, cuya llegada al Museo Brit\u00e1nico entre septiembre de 2026 y julio de 2027, tras a\u00f1os de negociaciones entre las autoridades brit\u00e1nicas y francesas, constituye un acontecimiento de enorme peso simb\u00f3lico al permitir contemplar en Londres la c\u00e9lebre obra bordada del siglo XI que narra la conquista normanda.<\/p>\n<p class=\"v-p\">Otra cita relevante ser\u00e1 la exposici\u00f3n &#8216;Queen Elizabeth II: Her Life in Style&#8217;, que abrir\u00e1 en abril en la King&#8217;s Gallery del Palacio de Buckingham y reunir\u00e1 cerca de doscientos conjuntos utilizados por la monarca a lo largo de su vida, acompa\u00f1ados de bocetos y materiales in\u00e9ditos que ilustran la construcci\u00f3n de una imagen p\u00fablica a trav\u00e9s de la moda.<\/p>\n<p class=\"v-p\">Adem\u00e1s, el di\u00e1logo entre arte y paisaje alcanzar\u00e1 una escala excepcional en Kew Gardens, donde se desplegar\u00e1 desde mayo una de las mayores exposiciones de esculturas de Henry Moore, con piezas monumentales en un amplio recorrido exterior y una selecci\u00f3n complementaria de obra sobre papel en la galer\u00eda Shirley Sherwood. <\/p>\n<p class=\"v-p\">En la programaci\u00f3n de festivales destaca la llegada, por primera vez a Glasgow, del WOMAD (World of Music, Arts and Dance), el festival internacional fundado por Peter Gabriel los d\u00edas 3 y 4 de julio, un hito para la ciudad.<\/p>\n<ol class=\"v-cmp-u-b__u\">\n<li class=\"v-cmp-u-b__l\">\n<p>\nItalia.<br \/>\nExposiciones.\n<\/p>\n<p>De Bernini a Giotto y Marina Abramovic<\/p>\n<\/li>\n<\/ol>\n<p><img decoding=\"async\" loading=\"lazy\" src=\"https:\/\/www.europesays.com\/es\/wp-content\/uploads\/2026\/01\/Imagen Roma-kH2D--1920x1344@El Correo.jpg\" class=\"v-a-img\" width=\"1920\" height=\"1344\" alt=\"\" data-voc-vtm-id=\"in-text-traffic\"\/><\/p>\n<p><img loading=\"lazy\" decoding=\"async\" src=\"https:\/\/www.europesays.com\/es\/wp-content\/uploads\/2026\/01\/Imagen Roma-kH2D--1920x1344@El Correo.jpg\" class=\"v-mdl__img-z\" width=\"1920\" height=\"1344\" alt=\"\"\/><\/p>\n<p class=\"v-p\">La legi\u00f3n de amantes del arte que viven en Italia y los millones de turistas que visitan el pa\u00eds cada a\u00f1o van a encontrar en 2026 un gran n\u00famero de exposiciones. Los apasionados del barroco disfrutar\u00e1n de la gran muestra que abre sus puertas el 12 de febrero en la Galer\u00eda Nacional de Arte Antigua de Roma dedicada a la relaci\u00f3n entre el escultor y arquitecto Gianlorenzo Bernini y su gran mecenas, Maffeo Barberini, que luego se convertir\u00eda en el Papa Urbano VIII. Otra cita ineludible es la que propone a partir del 14 de marzo la Galer\u00eda Nacional de Umbria en Perugia con la exposici\u00f3n sobre Giotto y San Francisco de As\u00eds, que narrar\u00e1 el encuentro entre el maestro de los frescos y el santo y patr\u00f3n de Italia, de cuyo fallecimiento se conmemora este a\u00f1o el 800 aniversario Quienes prefieran las creaciones contempor\u00e1neas deber\u00e1n acudir a Venecia, donde arranca la Bienal de Arte el 9 de mayo, y tres d\u00edas antes se inaugura una muestra dedicada a la serbia Marina Abramovic, conocida como la reina de la &#8216;performance&#8217;, con motivo de su 80 cumplea\u00f1os. <\/p>\n<ol class=\"v-cmp-u-b__u\">\n<li class=\"v-cmp-u-b__l\">\n<p>\nAlemania.<br \/>\n&#8216;Verano franc\u00e9s&#8217;\n<\/p>\n<p>Brancusi y recorrido por el Impresionismo<\/p>\n<\/li>\n<\/ol>\n<p><img decoding=\"async\" loading=\"lazy\" src=\"https:\/\/www.europesays.com\/es\/wp-content\/uploads\/2026\/01\/Imagen musa Berlin-kH2D--1920x1344@El Correo.jpg\" class=\"v-a-img\" width=\"1920\" height=\"1344\" alt=\"\" data-voc-vtm-id=\"in-text-traffic\"\/><\/p>\n<p><img loading=\"lazy\" decoding=\"async\" src=\"https:\/\/www.europesays.com\/es\/wp-content\/uploads\/2026\/01\/Imagen musa Berlin-kH2D--1920x1344@El Correo.jpg\" class=\"v-mdl__img-z\" width=\"1920\" height=\"1344\" alt=\"\"\/><\/p>\n<p class=\"v-p\">El llamado &#8216;French Summer&#8217; (Verano franc\u00e9s) es el gran acontecimiento cultural de 2026 en Berl\u00edn y Alemania. Acompa\u00f1adas de numerosos conciertos en el marco de la &#8216;Fete de la Musique&#8217; y la fiesta popular en el antiguo sector franc\u00e9s al norte de la hasta 1989 dividida capital alemana, se preparan dos grandes exposiciones.<\/p>\n<p class=\"v-p\">La primera, en colaboraci\u00f3n con el Centro Pompidou parisino,estar\u00e1 dedicada a la obra de Constantin Brancusi (1876-1957). Entre las m\u00e1s de 150 obras como &#8216;El beso&#8217;, &#8216;Musa dormida&#8217; o &#8216;Columna infinita&#8217; que podr\u00e1n admirarse en la Neue Nationalgalerie de Berl\u00edn, la exposici\u00f3n muestra una reconstrucci\u00f3n parcial del famoso estudio de Brancusi, que se puede ver por primera vez fuera de Par\u00eds desde su entrega al Estado franc\u00e9s en 1957.<\/p>\n<p class=\"v-p\">En paralelo a la exposici\u00f3n, la Alte Nationalgalerie, la antigua galer\u00eda nacional en la Isla de los Museos, honra desde primavera y hasta oto\u00f1o al marchante de arte Paul Cassirer, introductor y difusor en Alemania del impresionismo franc\u00e9s y la obra de artistas como Degas, Cezanne, Manet, Monet, Renoir o Van Gogh. Coincidiendo con el centenario de la muerte de Cassirer, un centenar de obras sobresalientes que pasaron por su galer\u00eda forman parte de la muestra homenaje. Destacable tambi\u00e9n es la reapertura tras seis a\u00f1os de restauraci\u00f3n de la cripta de los Hohenzollern en la Catedral de Berl\u00edn, que guarda los sarc\u00f3fagos de 91 miembros de la dinast\u00eda que gobern\u00f3 Prusia y el imperio alem\u00e1n durante cinco siglos y hasta el fin de la monarqu\u00eda tras la Primera Guerra Mundial.<\/p>\n<ol class=\"v-cmp-u-b__u\">\n<li class=\"v-cmp-u-b__l\">\n<p>\nMosc\u00fa.<br \/>\nExposiciones.\n<\/p>\n<p>Chovinismo cultural sin olvidar a Dal\u00ed <\/p>\n<\/li>\n<\/ol>\n<p class=\"v-p\">Rusia se cerr\u00f3 m\u00e1s s\u00ed misma desde que empez\u00f3 la guerra de Ucrania. Uno de los mayores exponentes de esta din\u00e1mica es el centro &#8216;Rusia&#8217;. Inaugurado en 2024 al calor de este \u00abregreso a nosotros mismos\u00bb, alberga todo tipo de exposiciones sobre diferentes aspectos del pa\u00eds euroasi\u00e1tico. La exposici\u00f3n m\u00e1s reciente es la de &#8216;Libro de cuentos de hadas&#8217; sobre algunos cuentos tradicionales rusos. Sin embargo la joya de la corona es &#8216;Viajar por Rusia&#8217;, una exhibici\u00f3n interactiva donde se muestran diferentes aspectos de provincias del pa\u00eds. A pesar de este nacionalismo creciente, el aprecio de la sociedad rusa por las artes impide olvidar a los genios que no nacieron en Rusia. Un ejemplo es la exposici\u00f3n conjunta de Pablo Picasso y Salvador Dal\u00ed situada en el parque Bauman del barrio hom\u00f3nimo. Al artista de Figueres, especialmente conocido en parte porque su esposa, Gala, era de origen ruso, le dedican otra exhibici\u00f3n llamada &#8216;Dal\u00ed. Mujeres-Flores&#8217;.<\/p>\n<ol class=\"v-cmp-u-b__u\">\n<li class=\"v-cmp-u-b__l\">\n<p>\nNueva York.<br \/>\nHistoria y arte.\n<\/p>\n<p>250 aniversario de la Declaraci\u00f3n de Independencia<\/p>\n<\/li>\n<\/ol>\n<p class=\"v-p\">mora un hito en su historia, el 250 aniversario de la Declaraci\u00f3n de Independencia del 4 de julio de 1776, con cientos de eventos y celebraciones desde Boston a Washington y a trav\u00e9s del pa\u00eds. Una independencia lograda con la indispensable ayuda de Espa\u00f1a y Francia, cuya celebraci\u00f3n comienz\u00f3 la misma noche de fin de a\u00f1o con un dise\u00f1o especial en la ca\u00edda de la ic\u00f3nica bola de Times Square, en rojo, blanco y azul, una segunda ola de confeti a medianoche. El organismo oficial a cargo de las festividades ha anunciado programas culturales y art\u00edsticos, recreaciones hist\u00f3ricas y desfiles, y por supuesto, fuegos artificiales de categor\u00eda ol\u00edmpica. Una vasta exposici\u00f3n tecnol\u00f3gica itinerante exhibir\u00e1 las mayores innovaciones del pa\u00eds. La reuni\u00f3n mar\u00edtima internacional m\u00e1s grande de la historia, Sail4th 250, del 3 al 8 de julio de 2026, cruzar\u00e1 la bah\u00eda del puerto de Nueva York y Nueva Jersey, y una C\u00e1psula del Tiempo con objetos de los 50 estados, cinco territorios y el Distrito de Columbia se enterrar\u00e1 en Filadelfia el 4 de julio. <\/p>\n<p class=\"v-p\">Tambi\u00e9n con tonos hist\u00f3ricos, Estados Unidos es en 2026 el anfitri\u00f3n, junto a M\u00e9xico y Canad\u00e1, de la Copa del Mundo de F\u00fatbol, que re\u00fane a 48 selecciones del 11 de junio al 19 de julio. Y el cartel del multitudinario Festival de Coachella, en abril, incluye a grandes del pop como Sabrina Carpenter, Justin Bieber, Karol G, y veteranos de la talla de The Strokes, Iggy Pop, David Byrne, Moby, Devo y Suicidal Tendencies, entre otros muchos.<\/p>\n<p><a href=\"http:\/\/www.elcorreo.com\/culturas\/arte\/mayor-guggenheim-mundo-abrira-abu-dhabi-20260105175224-nt.html#vtm_modulosEngag=mod-rel:culturas:noticia:1:cmp:1-not\" class=\"v-a-link\" aria-label=\"Imagen\" rel=\"nofollow noopener\" target=\"_blank\"><\/p>\n<p><img decoding=\"async\" loading=\"lazy\" src=\"https:\/\/www.europesays.com\/es\/wp-content\/uploads\/2026\/01\/Imagen ttt-kq7E--366x256@El Correo.jpg\" class=\"v-a-img\" width=\"258\" height=\"180\" alt=\"\" data-voc-vtm-id=\"in-text-traffic\"\/><\/p>\n<p><\/a><\/p>\n","protected":false},"excerpt":{"rendered":"Francia afronta un 2026 repleto de eventos culturales y entre ellos destaca la agenda de exposiciones en Par\u00eds.&hellip;\n","protected":false},"author":2,"featured_media":325586,"comment_status":"","ping_status":"","sticky":false,"template":"","format":"standard","meta":{"footnotes":""},"categories":[173],"tags":[229,233,231,230,209,232,234,146,147,25,24,15316,75399,23],"class_list":{"0":"post-325585","1":"post","2":"type-post","3":"status-publish","4":"format-standard","5":"has-post-thumbnail","7":"category-arte-y-diseno","8":"tag-arte","9":"tag-arte-y-diseno","10":"tag-arts","11":"tag-arts-and-design","12":"tag-cultura","13":"tag-design","14":"tag-diseno","15":"tag-entertainment","16":"tag-entretenimiento","17":"tag-es","18":"tag-espana","19":"tag-pistas","20":"tag-refugiarse","21":"tag-spain"},"share_on_mastodon":{"url":"https:\/\/pubeurope.com\/@es\/115846923250601109","error":""},"_links":{"self":[{"href":"https:\/\/www.europesays.com\/es\/wp-json\/wp\/v2\/posts\/325585","targetHints":{"allow":["GET"]}}],"collection":[{"href":"https:\/\/www.europesays.com\/es\/wp-json\/wp\/v2\/posts"}],"about":[{"href":"https:\/\/www.europesays.com\/es\/wp-json\/wp\/v2\/types\/post"}],"author":[{"embeddable":true,"href":"https:\/\/www.europesays.com\/es\/wp-json\/wp\/v2\/users\/2"}],"replies":[{"embeddable":true,"href":"https:\/\/www.europesays.com\/es\/wp-json\/wp\/v2\/comments?post=325585"}],"version-history":[{"count":0,"href":"https:\/\/www.europesays.com\/es\/wp-json\/wp\/v2\/posts\/325585\/revisions"}],"wp:featuredmedia":[{"embeddable":true,"href":"https:\/\/www.europesays.com\/es\/wp-json\/wp\/v2\/media\/325586"}],"wp:attachment":[{"href":"https:\/\/www.europesays.com\/es\/wp-json\/wp\/v2\/media?parent=325585"}],"wp:term":[{"taxonomy":"category","embeddable":true,"href":"https:\/\/www.europesays.com\/es\/wp-json\/wp\/v2\/categories?post=325585"},{"taxonomy":"post_tag","embeddable":true,"href":"https:\/\/www.europesays.com\/es\/wp-json\/wp\/v2\/tags?post=325585"}],"curies":[{"name":"wp","href":"https:\/\/api.w.org\/{rel}","templated":true}]}}