{"id":325654,"date":"2026-01-06T08:06:15","date_gmt":"2026-01-06T08:06:15","guid":{"rendered":"https:\/\/www.europesays.com\/es\/325654\/"},"modified":"2026-01-06T08:06:15","modified_gmt":"2026-01-06T08:06:15","slug":"90-menos-de-ninos-hospitalizados","status":"publish","type":"post","link":"https:\/\/www.europesays.com\/es\/325654\/","title":{"rendered":"90% menos de ni\u00f1os hospitalizados"},"content":{"rendered":"<p>\t\t\t\t\t<img loading=\"lazy\" width=\"880\" height=\"495\" src=\"https:\/\/www.europesays.com\/es\/wp-content\/uploads\/2026\/01\/Depositphotos_815121356_L-e1767612863666-880x495.jpg\" class=\"attachment-noticia size-noticia wp-post-image\" alt=\"\" decoding=\"async\"  \/>\t\t\t\t<\/p>\n<p>\t\t\t\t\t\t\t20:32<br \/>\n\t\t\t\t\t\t\tEntrevista a pediatra por el calendario vacunal propuesto para este a\u00f1o | Nuevo calendario vacunal tras un a\u00f1o de \u00e9xito contra la bronquiolitis: 90% menos de ni\u00f1os hospitalizados\n\t\t\t\t\t\t<\/p>\n<p>\t\t\t\tVacunaci\u00f3n a una ni\u00f1a \/ depositphotos\t\t\t<\/p>\n<p>El <strong>Comit\u00e9 Asesor de Vacunas e Inmunizaciones de la Asociaci\u00f3n Espa\u00f1ola de Pediatr\u00eda<\/strong> (CAV-AEP) ha propuesto la incorporaci\u00f3n de la <strong>vacunaci\u00f3n<\/strong> sistem\u00e1tica frente a la hepatitis A (HA), con una pauta de dosis \u00fanica a los 12-15 meses de edad y una de rescate para el resto de la infancia y adolescentes sin vacunar, ya que esta vacuna es efectiva tambi\u00e9n tras la exposici\u00f3n.<\/p>\n<p>As\u00ed lo ha indicado en la revista \u2018Anales de Pediatr\u00eda\u2019, donde ha publicado su calendario de vacunaciones e inmunizaciones recomendado para 2026, un documento basado en evidencias cient\u00edficas y epidemiol\u00f3gicas existentes.<\/p>\n<p>Diferentes comunidades<\/p>\n<p>Seg\u00fan recuerda el CAV-AEP , hasta la fecha, solo Catalu\u00f1a, Ceuta y Melilla incluyen la vacunaci\u00f3n contra la hepatitis A en el calendario infantil, las dos \u00faltimas por su localizaci\u00f3n geogr\u00e1fica y Catalu\u00f1a como parte de un plan piloto iniciado en Barcelona, que posteriormente se extendi\u00f3 a toda la comunidad y se ha mantenido como permanente.<\/p>\n<p>\u00abEl aumento de casos en estos dos \u00faltimos a\u00f1os en la mayor\u00eda de las comunidades aut\u00f3nomas nos obliga, sin embargo, a reforzar la vigilancia epidemiol\u00f3gica de esta enfermedad, as\u00ed como a robustecer la prevenci\u00f3n con la vacunaci\u00f3n\u00bb, ha a\u00f1adido \u00c1lvarez.<\/p>\n<p>Otra de las actualizaciones de esta edici\u00f3n del calendario es la recomendaci\u00f3n de la vacuna contra la gripe a todos los ni\u00f1os y adolescentes de entre los 6 meses y los 17 a\u00f1os, una propuesta que se lanz\u00f3 ya en oto\u00f1o. Los expertos sugieren reforzar tambi\u00e9n las coberturas en convivientes y cuidadores de pacientes de riesgo y\/ o que conviven con menores de 6 meses, embarazadas (tanto para su propia protecci\u00f3n como para la de su futuro hijo, en cualquier momento del embarazo) y a todos los profesionales sanitarios.<\/p>\n<p>Enfermedades cr\u00f3nicas o de riesgo<\/p>\n<p>Adem\u00e1s, en el calendario de 2026 se ha incorporado una nueva tabla con las vacunaciones recomendadas seg\u00fan las enfermedades cr\u00f3nicas o las condiciones de riesgo. Tambi\u00e9n, se ha editado un calendario especial para las familias.<\/p>\n<p>El CAV-AEP insiste en la necesidad de avanzar hacia un calendario de vacunaciones e inmunizaciones \u00fanico que garantice la equidad tanto en la prevenci\u00f3n de las enfermedades como en el acceso a la protecci\u00f3n vacunal en todo el territorio. Tal y como se\u00f1ala su coordinador, alcanzar este objetivo exige \u00abla implicaci\u00f3n conjunta de los profesionales sanitarios y de los responsables pol\u00edticos que intervienen en las decisiones sobre el calendario de vacunaciones e inmunizaciones de la poblaci\u00f3n infantil y adolescente en Espa\u00f1a, un \u00e1mbito en el que el comit\u00e9 est\u00e1 plenamente dispuesto a colaborar\u00bb.<\/p>\n<p>En este contexto, el CAV-AEP vuelve a destacar la urgencia de desarrollar un modelo de financiaci\u00f3n que permita un acceso equitativo a las vacunas que actualmente no est\u00e1n incluidas en el calendario del Sistema Nacional de Salud, reduciendo el impacto econ\u00f3mico que esta situaci\u00f3n supone para las familias y redoblar esfuerzos, tanto desde Salud P\u00fablica como desde los equipos de pediatr\u00eda de atenci\u00f3n primaria, para aumentar las coberturas vacunales.<\/p>\n<p>El Comit\u00e9 aboga por la constituci\u00f3n de un Comit\u00e9 Nacional de Inmunizaci\u00f3n que incluya pediatras expertos en las comisiones decisorias en materia de vacunas e inmunizaciones, integrando tambi\u00e9n a t\u00e9cnicos de Salud P\u00fablica del Ministerio y de las comunidades aut\u00f3nomas, a sociedades cient\u00edficas y representantes de los pacientes, en l\u00ednea con las recomendaciones de la Organizaci\u00f3n Mundial de la Salud (OMS). En opini\u00f3n del pediatra, \u00abla participaci\u00f3n de estos actores favorecer\u00eda un mayor consenso y un respaldo social m\u00e1s s\u00f3lido a las decisiones que se adopten\u00bb.<\/p>\n<p>CONTINUIDAD EN LAS RECOMENDACIONES CLAVE<\/p>\n<p>El calendario vacunal de la AEP para 2026 consolida las recomendaciones incorporadas en a\u00f1os previos, sin hacer distinciones entre inmunizaciones financiadas y no financiadas, al considerarse que todas deber\u00edan aplicarse de forma sistem\u00e1tica a la poblaci\u00f3n infantil y adolescente.<\/p>\n<p>De este modo, se mantiene la recomendaci\u00f3n de incluir la vacuna frente al rotavirus de forma sistem\u00e1tica en todos los lactantes espa\u00f1oles, como ya realizan todas las comunidades aut\u00f3nomas, excepto Andaluc\u00eda que la incorporar\u00e1 este mes.<\/p>\n<p>Adem\u00e1s, apuesta por el mantenimiento de la pauta de vacunaci\u00f3n frente a difteria, t\u00e9tanos, tosferina, \u2018Haemophilus influenzae\u2019 tipo b y poliomielitis con vacunas hexavalentes, que tambi\u00e9n llevan la hepatitis B, con pauta 2+1 (2, 4 y 11 meses) que lleva aparejada la aplicaci\u00f3n de una dosis de polio a los 6 a\u00f1os para la cohorte que siga este esquema, preferentemente con DTPa (DTPa-VPI), aunque tambi\u00e9n ser\u00eda v\u00e1lida la Tdpa+VPI.<\/p>\n<p>Difteria y tosferina<\/p>\n<p>Tambi\u00e9n recomienda la vacuna de carga est\u00e1ndar frente a difteria y tosferina (DTPa) o en su defecto de la de baja carga antig\u00e9nica (Tdpa) a los 6 a\u00f1os, asociada a VPI, y que vaya seguida de otra dosis de Tdpa a los 10-12 a\u00f1os de edad.<\/p>\n<p>Asimismo, aconseja el mantenimiento de la pauta de vacunaci\u00f3n antineumoc\u00f3cica 2+1 con VNC15 (2, 4 y 11 meses) o con VNC20 con una pauta 3+1 (2, 4, 6 y 11 meses). Adem\u00e1s, recomienda la vacuna frente al meningococo B como sistem\u00e1tica en el lactante, en pauta 2+1 con inicio a los 2 meses de edad.<\/p>\n<p>Tambi\u00e9n aconseja la renovaci\u00f3n de la pauta de vacunaci\u00f3n frente a los meningococos A, C, W e Y, con un esquema (1+1+1) de una dosis a los 4 meses, otra a los 12 meses y otra a los 12-13 a\u00f1os, con un rescate progresivo hasta los 18 a\u00f1os en los no vacunados con MenACWY.<\/p>\n<p>Entre las recomendaciones se incluyen la vacunaci\u00f3n triple v\u00edrica y contra la varicela, la vacunaci\u00f3n frente al SARS-CoV-2, la vacuna del virus del papiloma humano, el uso de nirsevimab (anticuerpo monoclonal frente al VRS) y la vacunaci\u00f3n antigripal sistem\u00e1tica en ni\u00f1os de 6 meses a 17 a\u00f1os, siendo preferente la vacuna intranasal a partir de los 2 a\u00f1os.<\/p>\n<p>VACUNACI\u00d3N EN EL EMBARAZO<\/p>\n<p>Tambi\u00e9n se mantiene un apartado dedicado a la vacunaci\u00f3n en el embarazo, tanto para proteger a la madre como al beb\u00e9, recomendando la vacunaci\u00f3n con Tdpa a partir de la semana 27 de gestaci\u00f3n; la vacunaci\u00f3n covid-ARNm en cualquier momento del embarazo e igualmente la vacunaci\u00f3n antigripal si este coincidiera con la temporada estacional.<\/p>\n<p>Las recomendaciones del CAV recogen la vacuna frente al VRS para embarazadas, disponible en las farmacias comunitarias, pero no financiada por el SNS. A los ni\u00f1os de madres vacunadas en el embarazo, Salud P\u00fablica recomienda aplicarles igualmente el anticuerpo monoclonal frente al VRS en el momento del nacimiento.<\/p>\n<p>Si te gusta <strong>EgunOn Magazine<\/strong>, suscr\u00edbete en nuestros canales de podcast:<\/p>\n<p>Y sigue a <strong>Radio Popular<\/strong> en las redes sociales:<\/p>\n<ul class=\"suscribetearticulo\">\n<li onclick=\"ga('send', 'event', 'Botones sociales', 'Seguir en Facebook', 'Objeto podcast', 1);\">Sigue todas las noticias de Bilbao y Bizkaia en nuestro <a target=\"_blank\" title=\"Sigue a Radio Popular en Facebook\" href=\"https:\/\/www.facebook.com\/herriirratia\" rel=\"nofollow noopener\">  Facebook<\/a><\/li>\n<li onclick=\"ga('send', 'event', 'Botones sociales', 'Seguir en Instagram', 'Objeto podcast', 1);\">Conoce la radio desde dentro en nuestro <a target=\"_blank\" title=\"Sigue a Radio Popular en Instagram\" href=\"https:\/\/www.instagram.com\/herriirratia\/\" rel=\"nofollow noopener\"> Instagram<\/a><\/li>\n<li onclick=\"ga('send', 'event', 'Botones sociales', 'Seguir en Twitter', 'Objeto podcast', 1);\">Los titulares y los bacalaos del Athletic al minuto en <a target=\"_blank\" title=\"Sigue a Radio Popular en X\" href=\"https:\/\/twitter.com\/RadioPopular\" rel=\"nofollow noopener\"> X<\/a><\/li>\n<li onclick=\"ga('send', 'event', 'Botones sociales', 'Seguir en YouTube', 'Objeto podcast', 1);\">Revive los mejores bacalaos en <a target=\"_blank\" title=\"Sigue a Radio Popular en YouTube\" href=\"https:\/\/www.youtube.com\/c\/RadioPopularHerriIrratia\/\" rel=\"nofollow noopener\"> YouTube<\/a><\/li>\n<li onclick=\"ga('send', 'event', 'Botones sociales', 'Seguir en Telegram', 'Objeto podcast', 1);\">Recibe las actualizaciones de nuestra programaci\u00f3n y nuestras noticias en nuestro <a target=\"_blank\" title=\"Sigue a Radio Popular en Telegram\" href=\"https:\/\/t.me\/herriirratia\" rel=\"nofollow\"> canal de Telegram<\/a><\/li>\n<\/ul>\n<p>\t\t<script async src=\"https:\/\/platform.twitter.com\/widgets.js\" charset=\"utf-8\"><\/script><script async src=\"\/\/www.instagram.com\/embed.js\"><\/script><\/p>\n","protected":false},"excerpt":{"rendered":"20:32 Entrevista a pediatra por el calendario vacunal propuesto para este a\u00f1o | Nuevo calendario vacunal tras un&hellip;\n","protected":false},"author":2,"featured_media":325655,"comment_status":"","ping_status":"","sticky":false,"template":"","format":"standard","meta":{"footnotes":""},"categories":[92],"tags":[7467,18889,25,24,165,11034,166,23,1454],"class_list":{"0":"post-325654","1":"post","2":"type-post","3":"status-publish","4":"format-standard","5":"has-post-thumbnail","7":"category-salud","8":"tag-aep","9":"tag-antivacunas","10":"tag-es","11":"tag-espana","12":"tag-health","13":"tag-pediatras","14":"tag-salud","15":"tag-spain","16":"tag-vacunas"},"share_on_mastodon":{"url":"https:\/\/pubeurope.com\/@es\/115847127626419910","error":""},"_links":{"self":[{"href":"https:\/\/www.europesays.com\/es\/wp-json\/wp\/v2\/posts\/325654","targetHints":{"allow":["GET"]}}],"collection":[{"href":"https:\/\/www.europesays.com\/es\/wp-json\/wp\/v2\/posts"}],"about":[{"href":"https:\/\/www.europesays.com\/es\/wp-json\/wp\/v2\/types\/post"}],"author":[{"embeddable":true,"href":"https:\/\/www.europesays.com\/es\/wp-json\/wp\/v2\/users\/2"}],"replies":[{"embeddable":true,"href":"https:\/\/www.europesays.com\/es\/wp-json\/wp\/v2\/comments?post=325654"}],"version-history":[{"count":0,"href":"https:\/\/www.europesays.com\/es\/wp-json\/wp\/v2\/posts\/325654\/revisions"}],"wp:featuredmedia":[{"embeddable":true,"href":"https:\/\/www.europesays.com\/es\/wp-json\/wp\/v2\/media\/325655"}],"wp:attachment":[{"href":"https:\/\/www.europesays.com\/es\/wp-json\/wp\/v2\/media?parent=325654"}],"wp:term":[{"taxonomy":"category","embeddable":true,"href":"https:\/\/www.europesays.com\/es\/wp-json\/wp\/v2\/categories?post=325654"},{"taxonomy":"post_tag","embeddable":true,"href":"https:\/\/www.europesays.com\/es\/wp-json\/wp\/v2\/tags?post=325654"}],"curies":[{"name":"wp","href":"https:\/\/api.w.org\/{rel}","templated":true}]}}