{"id":32568,"date":"2025-08-07T22:56:14","date_gmt":"2025-08-07T22:56:14","guid":{"rendered":"https:\/\/www.europesays.com\/es\/32568\/"},"modified":"2025-08-07T22:56:14","modified_gmt":"2025-08-07T22:56:14","slug":"prostitutas-crean-la-ruta-del-psoe-para-visitar-en-verano-las-saunas-del-suegro-de-sanchez","status":"publish","type":"post","link":"https:\/\/www.europesays.com\/es\/32568\/","title":{"rendered":"Prostitutas crean la \u00abruta del PSOE\u00bb para visitar en verano las saunas del suegro de S\u00e1nchez"},"content":{"rendered":"<p>Las prostitutas aglutinadas en la <strong>Plataforma Stop Abolici\u00f3n<\/strong>, que defiende la regulaci\u00f3n del trabajo sexual, han creado la \u00abruta del PSOE\u00bb para quienes, durante el periodo estival, deseen visitar los clubes de alterne \u2013<a href=\"https:\/\/theobjective.com\/espana\/2025-07-11\/todo-sobre-saunas-suegro-sanchez\/\" rel=\"nofollow noopener\" target=\"_blank\">llamados eufem\u00edsticamente saunas<\/a>\u2013 de los que fue due\u00f1o <strong>Sabiniano G\u00f3mez Serrano, <\/strong>el padre de <strong>Bego\u00f1a G\u00f3mez<\/strong>, esposa del presidente del Gobierno, <strong>Pedro S\u00e1nchez<\/strong>.<\/p>\n<p>\u00abSi no tienes plan para este verano, prueba la ruta abolicionista PSOE,\u00a0un paseo por los clubs de la familia G\u00f3mez Serrano. Los locales que posibilitaron lanzar la candidatura de Pedro, el liberador de mujeres jam\u00e1s requerido\u00bb, reza el mensaje publicado en su cuenta de X, acompa\u00f1ado de un mapa detallado con los\u00a0diez locales atribuidos a G\u00f3mez Serrano, <a href=\"https:\/\/theobjective.com\/espana\/politica\/2025-07-09\/feijoo-sanchez-politico-destruido-numeritos\/\" rel=\"nofollow noopener\" target=\"_blank\">y que han centrado el debate pol\u00edtico en el \u00faltimo mes despu\u00e9s de que <strong>Alberto N\u00fa\u00f1ez Feij\u00f3o<\/strong> los nombrara en el Congreso de los Diputados<\/a>.<\/p>\n<blockquote class=\"twitter-tweet\" data-width=\"550\" data-dnt=\"true\">\n<p lang=\"es\" dir=\"ltr\">Si no tienes plan para este verano \ud83c\udf1e, prueba la \u00abruta abolicionista PSOE\ud83c\udf39\u00bb, un paseo por los clubs de la familia Gomez Serrano. Los locales que posibilitaron lanzar la candidatura de Pedro, el liberador de mujeres jam\u00e1s requerido. <a href=\"https:\/\/t.co\/76ifdEGsPB\" rel=\"nofollow\">https:\/\/t.co\/76ifdEGsPB<\/a> <a href=\"https:\/\/t.co\/KDPYe1IQ3v\" rel=\"nofollow\">pic.twitter.com\/KDPYe1IQ3v<\/a><\/p>\n<p>\u2014 StopAbolici\u00f3n. Libertad, voz, respeto. (@stopabolicion) <a href=\"https:\/\/twitter.com\/stopabolicion\/status\/1953264942452293717?ref_src=twsrc%5Etfw\" rel=\"nofollow noopener\" target=\"_blank\">August 7, 2025<\/a><\/p><\/blockquote>\n<p>El mapa incluye direcciones de m\u00edticos locales como\u00a0la Sauna Ad\u00e1n, un local ubicado cerca de la Gran V\u00eda madrile\u00f1a y pr\u00f3ximo al Ministerio de Justicia, o el\u00a0Kil\u00f3metro Ochenta\u00a0en Segovia, y ha sido presentado como la gu\u00eda definitiva de \u00abputiclubs, sauna gay y saunas-prost\u00edbulo en su d\u00eda propiedad de la familia G\u00f3mez Serrano, familia pol\u00edtica del presidente del gobierno Pedro S\u00e1nchez\u00bb.<\/p>\n<p>La propuesta surge como respuesta a la\u00a0<strong>intenci\u00f3n del PSOE de abolir la prostituci\u00f3n en Espa\u00f1a<\/strong>, una medida que ha provocado un profundo rechazo en buena parte del colectivo de trabajadoras sexuales, que denuncian la criminalizaci\u00f3n de su actividad basada la mayor parte de las veces en estad\u00edsticas sobre explotaci\u00f3n sexual manipuladas: aunque los socialistas insisten en hablar de un 80% de v\u00edctimas de trata, <a href=\"https:\/\/theobjective.com\/espana\/politica\/2024-11-02\/ministerio-igualdad-rectifica-prostitutas-victimas-trata\/\" rel=\"nofollow noopener\" target=\"_blank\">un informe reciente del Ministerio de Igualdad rebajaba este porcentaje al 24%<\/a>.<\/p>\n<p>Fuentes de la plataforma confirman a <a href=\"https:\/\/theobjective.com\" rel=\"nofollow noopener\" target=\"_blank\">THE OBJECTIVE<\/a> que la intenci\u00f3n del mapa es denunciar la \u00abhipocres\u00eda\u00bb socialista con la prostituci\u00f3n, tildando de \u00abescenario surrealista\u00bb, aquel en el que \u00abdespu\u00e9s de todo lo que ha salido a\u00fan siguen con su pantomima\u00bb. \u00ab\u00bfQu\u00e9 dicen Ana Redondo, Laura Berja o Andrea Fern\u00e1ndez de los clubs de carretera G\u00f3mez Serrano? \u00bfQu\u00e9 dicen Eduardo Madina o Susana D\u00edaz? \u00bfRealmente lo sab\u00edan y consintieron tal nivel de cinismo\u00bb, zanjan las prostitutas a este medio.<\/p>\n<p>                                                    <script async src=\"https:\/\/platform.twitter.com\/widgets.js\" charset=\"utf-8\"><\/script><\/p>\n","protected":false},"excerpt":{"rendered":"Las prostitutas aglutinadas en la Plataforma Stop Abolici\u00f3n, que defiende la regulaci\u00f3n del trabajo sexual, han creado la&hellip;\n","protected":false},"author":2,"featured_media":32569,"comment_status":"","ping_status":"","sticky":false,"template":"","format":"standard","meta":{"footnotes":""},"categories":[5],"tags":[12575,17,18,25,24,13,14,11,19,20,9,10,15,16,5966,16863,16864,1699,23,12,21,22],"class_list":{"0":"post-32568","1":"post","2":"type-post","3":"status-publish","4":"format-standard","5":"has-post-thumbnail","7":"category-titulares","8":"tag-begou00f1a-gu00f3mez","9":"tag-breaking-news","10":"tag-breakingnews","11":"tag-es","12":"tag-espana","13":"tag-featured-news","14":"tag-featurednews","15":"tag-headlines","16":"tag-latest-news","17":"tag-latestnews","18":"tag-news","19":"tag-noticias","20":"tag-noticias-destacadas","21":"tag-noticiasdestacadas","22":"tag-pedro-su00e1nchez","23":"tag-prostituciu00f3n","24":"tag-prostitutas","25":"tag-psoe","26":"tag-spain","27":"tag-titulares","28":"tag-ultimas-noticias","29":"tag-ultimasnoticias"},"share_on_mastodon":{"url":"","error":""},"_links":{"self":[{"href":"https:\/\/www.europesays.com\/es\/wp-json\/wp\/v2\/posts\/32568","targetHints":{"allow":["GET"]}}],"collection":[{"href":"https:\/\/www.europesays.com\/es\/wp-json\/wp\/v2\/posts"}],"about":[{"href":"https:\/\/www.europesays.com\/es\/wp-json\/wp\/v2\/types\/post"}],"author":[{"embeddable":true,"href":"https:\/\/www.europesays.com\/es\/wp-json\/wp\/v2\/users\/2"}],"replies":[{"embeddable":true,"href":"https:\/\/www.europesays.com\/es\/wp-json\/wp\/v2\/comments?post=32568"}],"version-history":[{"count":0,"href":"https:\/\/www.europesays.com\/es\/wp-json\/wp\/v2\/posts\/32568\/revisions"}],"wp:featuredmedia":[{"embeddable":true,"href":"https:\/\/www.europesays.com\/es\/wp-json\/wp\/v2\/media\/32569"}],"wp:attachment":[{"href":"https:\/\/www.europesays.com\/es\/wp-json\/wp\/v2\/media?parent=32568"}],"wp:term":[{"taxonomy":"category","embeddable":true,"href":"https:\/\/www.europesays.com\/es\/wp-json\/wp\/v2\/categories?post=32568"},{"taxonomy":"post_tag","embeddable":true,"href":"https:\/\/www.europesays.com\/es\/wp-json\/wp\/v2\/tags?post=32568"}],"curies":[{"name":"wp","href":"https:\/\/api.w.org\/{rel}","templated":true}]}}