{"id":325688,"date":"2026-01-06T08:31:11","date_gmt":"2026-01-06T08:31:11","guid":{"rendered":"https:\/\/www.europesays.com\/es\/325688\/"},"modified":"2026-01-06T08:31:11","modified_gmt":"2026-01-06T08:31:11","slug":"cooler-master-presenta-su-caja-cosmos-alpha-un-diseno-premium-compatible-con-freeform-2-0","status":"publish","type":"post","link":"https:\/\/www.europesays.com\/es\/325688\/","title":{"rendered":"Cooler Master presenta su caja COSMOS Alpha, un dise\u00f1o premium compatible con FreeForm 2.0"},"content":{"rendered":"<p>Para que puedas meter tu nueva placa con el <a href=\"https:\/\/www.geeknetic.es\/Noticia\/37121\/AMD-presenta-el-nuevo-Rey-del-Gaming-el-AMD-Ryzen-7-9850X3D-alcanza-los-5-6-GHz-de-velocidad-turbo.html\" rel=\"nofollow noopener\" target=\"_blank\"><strong>AMD Ryzen 7 9850X3D<\/strong><\/a>, <strong>Cooler Master<\/strong> ha presentado su nueva caja de la serie <strong>COSMOS<\/strong>. Una caja de la que ya hab\u00edamos <a href=\"https:\/\/www.geeknetic.es\/Noticia\/36761\/La-nueva-caja-Cooler-Master-COSMOS-ALPHA-admite-radiadores-de-360-x-360-y-graficas-de-hasta-400-mm.html\" rel=\"nofollow noopener\" target=\"_blank\">conocido informaci\u00f3n<\/a> y que ahora ha sido presentada formalmente por el fabricante, hablamos de la <strong>Cooler Master COSMOS ALPHA<\/strong>. Una evoluci\u00f3n de la serie COSMOS para introducir su <strong>filosof\u00eda FreeForm 2.0<\/strong> que a\u00f1ade un dise\u00f1o modular, abierto y personalizable a esta ic\u00f3nica caja.<\/p>\n<p><img decoding=\"async\" onerror=\"this.onerror=null;this.src=\" https:=\"\" class=\"ls0hot\" alt=\"Geeknetic Cooler Master presenta su caja COSMOS Alpha, un dise\u00f1o premium compatible con FreeForm 2.0 1\" src=\"https:\/\/www.europesays.com\/es\/wp-content\/uploads\/2026\/01\/h9m-cooler-master-presenta-su-caja-cosmos-alpha-un-diseno-premium-compatible-con-freeform-20.png\" width=\"1699\" height=\"1174\" loading=\"lazy\"\/><\/p>\n<p>Nueva Cooler Master COSMOS ALPHA, dise\u00f1o premium con un gran espacio interior<\/p>\n<p>La nueva Cooler Master COSMOS ALPHA representa un estilo <strong>premium <\/strong>con un dise\u00f1o <strong>modular<\/strong>, que a\u00f1ade marcos curvos de aluminio junto con <strong>paneles de cristal templado<\/strong> que dejan ver el interior. Un interior que cuenta con iluminaci\u00f3n ARGB y que a\u00f1ade efectos visuales que se dejan ver a trav\u00e9s de su panel lateral transparente. Viene con <strong>dos ventiladores de 200 x 38 mm ya preinstalados<\/strong> en el frontal, que a\u00f1aden un gran flujo de aire al interior.<\/p>\n<p>Adem\u00e1s de estos dos ventiladores ya preinstalados, la Cooler Master COSMOS ALPHA puede alojar <strong>hasta 15 ventiladores<\/strong> para mejorar la eficiencia en refrigeraci\u00f3n. Tambi\u00e9n puedes a\u00f1adir <strong>radiadores de hasta 420 mm<\/strong> o incluso <strong>3 de\u00a0360 mm<\/strong>., un sistema que da prioridad a la refrigeraci\u00f3n avanzada ya sea con kits AiO o con refrigeraci\u00f3n l\u00edquida personalizada. La COSMOS ALPHA cuenta con un <strong>sistema de bandejas deslizante<\/strong> para la placa base, que te permitir\u00e1 posicionarla de forma estrat\u00e9gica para a\u00f1adir refrigeraci\u00f3n personalizada, tambi\u00e9n podr\u00e1s mover la posici\u00f3n de la GPU para que el flujo de aire llegue justo donde sea necesario.<\/p>\n<p><img decoding=\"async\" onerror=\"this.onerror=null;this.src=\" https:=\"\" class=\"ls0hot\" alt=\"Geeknetic Cooler Master presenta su caja COSMOS Alpha, un dise\u00f1o premium compatible con FreeForm 2.0 2\" src=\"https:\/\/www.europesays.com\/es\/wp-content\/uploads\/2026\/01\/37i-cooler-master-presenta-su-caja-cosmos-alpha-un-diseno-premium-compatible-con-freeform-20.png\" width=\"1634\" height=\"914\" loading=\"lazy\"\/><\/p>\n<p>Su sistema de bandejas deslizante permite situar la placa base para mejorar la refrigeraci\u00f3n<\/p>\n<p>En su interior podr\u00e1s a\u00f1adir <strong>placas base de mayor tama\u00f1o<\/strong>, ya que es compatible con tama\u00f1os E-ATX y EEB. No solo las placas base pueden ser grandes, tambi\u00e9n admite <strong>tarjetas gr\u00e1ficas con una longitud de 400 mm<\/strong>, y fuentes de alimentaci\u00f3n que lleguen a los 240 mm. Un generoso espacio de <strong>53 mm deja hueco para una mejor gesti\u00f3n del cableado<\/strong>, la entrada de polvo al interior se previene con filtros anti polvo que podr\u00e1s quitar para limpiarlos.<\/p>\n<p><img decoding=\"async\" onerror=\"this.onerror=null;this.src=\" https:=\"\" class=\"ls0hot\" alt=\"Geeknetic Cooler Master presenta su caja COSMOS Alpha, un dise\u00f1o premium compatible con FreeForm 2.0 3\" src=\"https:\/\/www.europesays.com\/es\/wp-content\/uploads\/2026\/01\/ez6-cooler-master-presenta-su-caja-cosmos-alpha-un-diseno-premium-compatible-con-freeform-20.png\" width=\"794\" height=\"993\" loading=\"lazy\"\/><\/p>\n<p>La nueva caja Cooler Master COSMOS Alpha est\u00e1 <strong>disponible en distribuidores autorizados<\/strong> de la marca, por el momento <strong>no tenemos un precio recomendado<\/strong> para esta nueva incorporaci\u00f3n a la gama de cajas de Cooler Master. Os dejamos con un v\u00eddeo y sus caracter\u00edsticas.<\/p>\n<p><strong>Cooler Master COSMOS ALPHA<\/strong><\/p>\n<p><strong>Serie:<\/strong> COSMOS<br \/><strong>Modelo:<\/strong> C700-KGNN-S00<br \/><strong>Color:<\/strong> Negro \/ Plata<br \/><strong>Formato:<\/strong> Torre alta vertical<\/p>\n<p><strong>Materiales<\/strong><\/p>\n<ul>&#13;<\/p>\n<li>Exterior: Acero \/ Pl\u00e1stico &#13;\n<\/li>\n<li>Panel lateral izquierdo: Cristal templado &#13;\n<\/li>\n<li>Panel lateral derecho: Metal <\/li>\n<\/ul>\n<p><strong>Dimensiones y capacidad<\/strong><\/p>\n<ul>&#13;<\/p>\n<li><strong>Dimensiones (con salientes):<\/strong> 669 \u00d7 330 \u00d7 639 mm &#13;\n<\/li>\n<li><strong>Dimensiones (sin salientes):<\/strong> 579 \u00d7 260 \u00d7 582 mm &#13;\n<\/li>\n<li><strong>Volumen sin paneles\/salientes\/patas:<\/strong> 88 L &#13;\n<\/li>\n<li><strong>Volumen total con paneles\/salientes\/patas:<\/strong> 140 L <\/li>\n<\/ul>\n<p><strong>Compatibilidad<\/strong><\/p>\n<ul>&#13;<\/p>\n<li><strong>Placas base:<\/strong> Mini-ITX \/ Micro-ATX \/ ATX \/ E-ATX \/ EEB &#13;\n<\/li>\n<li><strong>Fuente de alimentaci\u00f3n:<\/strong> ATX &#13;\n<\/li>\n<li><strong>Ranuras PCI:<\/strong> 8 <\/li>\n<\/ul>\n<p><strong>Almacenamiento<\/strong><\/p>\n<ul>&#13;<\/p>\n<li>Bah\u00edas 5.25&#8243;: 0 &#13;\n<\/li>\n<li>Bah\u00edas 2.5&#8243; \/ 3.5&#8243;: 2 (si el disipador de CPU es \u2264165 mm) &#13;\n<\/li>\n<li>Preinstaladas 5.25&#8243;: 0 &#13;\n<\/li>\n<li>Preinstaladas 2.5&#8243;\/3.5&#8243;: 2 <\/li>\n<\/ul>\n<p><strong>Panel I\/O frontal<\/strong><\/p>\n<ul>&#13;<\/p>\n<li>4 \u00d7 USB 3.2 Gen1 Tipo-A (5 Gbps) &#13;\n<\/li>\n<li>2 \u00d7 USB 3.2 Gen2x2 Tipo-C (20 Gbps) &#13;\n<\/li>\n<li>Jack combo 3.5 mm (audio + micr\u00f3fono) \u00d71 <\/li>\n<\/ul>\n<p><strong>Refrigeraci\u00f3n \u2014 ventiladores<\/strong><\/p>\n<p><strong>Preinstalados<\/strong><\/p>\n<ul>&#13;<\/p>\n<li><strong>Frontal:<\/strong> 2 \u00d7 200 \u00d7 38 mm (sin ARGB) &#13;\n<\/li>\n<li><strong>Trasero:<\/strong> 1 \u00d7 Mobius 120 \u00d7 25 mm (sin ARGB) <\/li>\n<\/ul>\n<p><strong>Soporte adicional<\/strong><\/p>\n<ul>&#13;<\/p>\n<li><strong>Frontal:<\/strong> 3\u00d7120 mm \/ 3\u00d7140 mm \/ 2\u00d7200 mm &#13;\n<\/li>\n<li><strong>Superior:<\/strong> 3\u00d7120 mm \/ 2\u00d7140 mm \/ 2\u00d7180 mm \/ 2\u00d7200 mm &#13;\n<\/li>\n<li><strong>Trasero:<\/strong> 3\u00d7120 mm &#13;\n<\/li>\n<li><strong>Inferior:<\/strong> 3\u00d7120 mm \/ 2\u00d7140 mm \/ 2\u00d7180 mm \/ 2\u00d7200 mm &#13;\n<\/li>\n<li><strong>Lateral:<\/strong> 3\u00d7120 mm \/ 3\u00d7140 mm \/ 2\u00d7180 mm \/ 2\u00d7200 mm <\/li>\n<\/ul>\n<p><strong>Refrigeraci\u00f3n l\u00edquida<\/strong><\/p>\n<ul>&#13;<\/p>\n<li><strong>Superior:<\/strong> 120 \/ 140 \/ 240 \/ 280 \/ 360 mm (espacio m\u00e1x. 93 mm) &#13;\n<\/li>\n<li><strong>Inferior:<\/strong> 120 \/ 140 \/ 240 \/ 280 \/ 360 mm (espacio m\u00e1x. 93 mm) &#13;\n<\/li>\n<li><strong>Lateral:<\/strong> 120 \/ 140 \/ 240 \/ 280 \/ 360 \/ 420 \/ 3\u00d7360 mm (espacio m\u00e1x. 80 mm) <\/li>\n<\/ul>\n<p><strong>Filtros antipolvo<\/strong><\/p>\n<ul>&#13;<\/p>\n<li>S\u00ed \u2014 filtros de liberaci\u00f3n r\u00e1pida <\/li>\n<\/ul>\n<p><strong>Espacio interno m\u00e1ximo<\/strong><\/p>\n<ul>&#13;<\/p>\n<li>Disipador CPU: 186 mm &#13;\n<\/li>\n<li>Fuente alimentaci\u00f3n: 240 mm &#13;\n<\/li>\n<li>Tarjeta gr\u00e1fica: 400 mm &#13;\n<\/li>\n<li>Espacio para cableado tras bandeja: 53 mm <\/li>\n<\/ul>\n<p><strong>Accesorios incluidos<\/strong><\/p>\n<ul>&#13;<\/p>\n<li>Soporte para tarjeta gr\u00e1fica (VGA bracket) &#13;\n<\/li>\n<li>Cubiertas decorativas &#13;\n<\/li>\n<li>Cubierta de gesti\u00f3n de cables (lado derecho) <\/li>\n<\/ul>\n<p><strong>Garant\u00eda<\/strong><\/p>\n<p id=\"finarticulo\">Fin del Art\u00edculo. \u00a1Cu\u00e9ntanos algo en los <a href=\"https:\/\/www.geeknetic.es\/Noticia\/37150\/Javascript: hzscroll(\" comentarios=\"\" class=\"comfinlink\" title=\"Comenta este art\u00edculo\" rel=\"nofollow noopener\" target=\"_blank\">Comentarios<\/a>!<\/p>\n","protected":false},"excerpt":{"rendered":"Para que puedas meter tu nueva placa con el AMD Ryzen 7 9850X3D, Cooler Master ha presentado su&hellip;\n","protected":false},"author":2,"featured_media":325689,"comment_status":"","ping_status":"","sticky":false,"template":"","format":"standard","meta":{"footnotes":""},"categories":[81],"tags":[119,123,124,25,24,117,121,122,23,118,120],"class_list":{"0":"post-325688","1":"post","2":"type-post","3":"status-publish","4":"format-standard","5":"has-post-thumbnail","7":"category-ciencia-y-tecnologia","8":"tag-ciencia","9":"tag-ciencia-y-tecnologia","10":"tag-cienciaytecnologia","11":"tag-es","12":"tag-espana","13":"tag-science","14":"tag-science-and-technology","15":"tag-scienceandtechnology","16":"tag-spain","17":"tag-technology","18":"tag-tecnologia"},"share_on_mastodon":{"url":"https:\/\/pubeurope.com\/@es\/115847226039455840","error":""},"_links":{"self":[{"href":"https:\/\/www.europesays.com\/es\/wp-json\/wp\/v2\/posts\/325688","targetHints":{"allow":["GET"]}}],"collection":[{"href":"https:\/\/www.europesays.com\/es\/wp-json\/wp\/v2\/posts"}],"about":[{"href":"https:\/\/www.europesays.com\/es\/wp-json\/wp\/v2\/types\/post"}],"author":[{"embeddable":true,"href":"https:\/\/www.europesays.com\/es\/wp-json\/wp\/v2\/users\/2"}],"replies":[{"embeddable":true,"href":"https:\/\/www.europesays.com\/es\/wp-json\/wp\/v2\/comments?post=325688"}],"version-history":[{"count":0,"href":"https:\/\/www.europesays.com\/es\/wp-json\/wp\/v2\/posts\/325688\/revisions"}],"wp:featuredmedia":[{"embeddable":true,"href":"https:\/\/www.europesays.com\/es\/wp-json\/wp\/v2\/media\/325689"}],"wp:attachment":[{"href":"https:\/\/www.europesays.com\/es\/wp-json\/wp\/v2\/media?parent=325688"}],"wp:term":[{"taxonomy":"category","embeddable":true,"href":"https:\/\/www.europesays.com\/es\/wp-json\/wp\/v2\/categories?post=325688"},{"taxonomy":"post_tag","embeddable":true,"href":"https:\/\/www.europesays.com\/es\/wp-json\/wp\/v2\/tags?post=325688"}],"curies":[{"name":"wp","href":"https:\/\/api.w.org\/{rel}","templated":true}]}}