{"id":325694,"date":"2026-01-06T08:34:14","date_gmt":"2026-01-06T08:34:14","guid":{"rendered":"https:\/\/www.europesays.com\/es\/325694\/"},"modified":"2026-01-06T08:34:14","modified_gmt":"2026-01-06T08:34:14","slug":"los-reyes-magos-inundan-de-magia-ilusion-y-regalos-las-calles-de-granadilla-de-abona","status":"publish","type":"post","link":"https:\/\/www.europesays.com\/es\/325694\/","title":{"rendered":"Los Reyes Magos inundan de magia, ilusi\u00f3n y regalos las calles de Granadilla de Abona"},"content":{"rendered":"<p class=\"date\">lunes 05 de enero de 2026 &#8211; 22:21 WET <\/p>\n<p><img width=\"1815\" height=\"1210\" src=\"https:\/\/www.europesays.com\/es\/wp-content\/uploads\/2026\/01\/Cabalgata-Reyes-Granadilla-2026-des.jpg\" class=\"attachment-full size-full wp-post-image\" alt=\"\" decoding=\"async\" fetchpriority=\"high\" data-attachment-id=\"43681\" data-orig-file=\"https:\/\/www.europesays.com\/es\/wp-content\/uploads\/2026\/01\/Cabalgata-Reyes-Granadilla-2026-des.jpg\" data-orig-size=\"1815,1210\" data-comments-opened=\"\" data-image-meta=\"{&quot;aperture&quot;:&quot;2.8&quot;,&quot;credit&quot;:&quot;&quot;,&quot;camera&quot;:&quot;NIKON Z5_2&quot;,&quot;caption&quot;:&quot;&quot;,&quot;created_timestamp&quot;:&quot;1767644426&quot;,&quot;copyright&quot;:&quot;&quot;,&quot;focal_length&quot;:&quot;70&quot;,&quot;iso&quot;:&quot;5000&quot;,&quot;shutter_speed&quot;:&quot;0.016666666666667&quot;,&quot;title&quot;:&quot;&quot;,&quot;orientation&quot;:&quot;1&quot;}\" data-image-title=\"Cabalgata Reyes Granadilla 2026 des\" data-image-description=\"\" data-medium-file=\"https:\/\/www.europesays.com\/es\/wp-content\/uploads\/2026\/01\/Cabalgata-Reyes-Granadilla-2026-des.jpg\" data-large-file=\"https:\/\/www.europesays.com\/es\/wp-content\/uploads\/2026\/01\/Cabalgata-Reyes-Granadilla-2026-des.jpg\"\/><\/p>\n<p>\u00a0<\/p>\n<p>Granadilla de Abona recibi\u00f3 con una fina lluvia, pero que no fue impedimento para que Sus Majestades los Reyes Magos de Oriente, llegaran a la Villa acompa\u00f1ados de sus pajes, cargados de regalos para todos los ni\u00f1os y ni\u00f1as. Como novedad este a\u00f1o se acondicion\u00f3 una zona para personas con movilidad reducida (PMR) en las inmediaciones de la oficina de la Seguridad Social, adem\u00e1s de la habitual del Pabell\u00f3n de Los Hinojeros. La zona sin ruido destinada a los ni\u00f1os y las ni\u00f1as con trastorno del espectro autista (TEA) y diversidad funcional, se reubic\u00f3 este a\u00f1o en la ermita de El Calvario, con un espacio m\u00e1s amplio y accesible, que tuvo una gran acogida.<\/p>\n<p>Desde primeras horas de la tarde comenzaron los actos de esta gran fiesta de la magia y la ilusi\u00f3n, con numerosas sorpresas por parte de la concejal\u00eda de Cultura y Fiestas del Ayuntamiento de Granadilla de Abona que dirige Carlos Abismael D\u00edaz Barreto, y que cont\u00f3 con la colaboraci\u00f3n y el apoyo de la Polic\u00eda Local, la concejal\u00eda de Servicios Municipales y personal de Sermugran.<\/p>\n<p>A partir de las 17.30 horas, tras la ofrenda al ni\u00f1o Jes\u00fas que se realiz\u00f3 en la Iglesia de San Antonio de Padua, los Reyes Magos de Oriente iniciaron en sus carrozas reales el recorrido de la Gran Cabalgata por las principales calles del casco granadillero. En ella participaron alrededor de medio millar de figurantes, comparsas, personajes infantiles, carros y diversas bandas de m\u00fasica, adem\u00e1s del servicio de Correos. El pabell\u00f3n de Los Hinojeros fue el escenario donde Sus Majestades recibieron de manos del alcalde de Granadilla de Abona, Jos\u00e9 Domingo Regalado, las llaves m\u00e1gicas del municipio, y los m\u00e1s peque\u00f1os entregaron sus cartas a los Reyes Magos tras la conclusi\u00f3n de la Cabalgata.<\/p>\n<p>El responsable municipal, se\u00f1ala que con la Cabalgata y el acto de recibimiento de Sus Majestades se pone el broche final a un programa navide\u00f1o que ha apostado por la participaci\u00f3n e implicaci\u00f3n de los colectivos y que ha contado con casi un centenar de actos por los diferentes barrios del municipio. Asimismo, \u201cquiere agradecer el esfuerzo y el trabajo que realizan toda y cada una de las personas que hacen posible, que todos los ni\u00f1os y ni\u00f1as granadilleras disfruten de la noche m\u00e1s m\u00e1gica del a\u00f1o con una sonrisa\u201d.<\/p>\n<p><a href=\"https:\/\/www.europesays.com\/es\/wp-content\/uploads\/2026\/01\/Cabalgata-Reyes-Granadilla-2026-1.jpg\" target=\"_blank\" rel=\"noopener\"><img loading=\"lazy\" decoding=\"async\" class=\"alignnone wp-image-43684\" src=\"https:\/\/www.europesays.com\/es\/wp-content\/uploads\/2026\/01\/Cabalgata-Reyes-Granadilla-2026-1.jpg\" alt=\"\" width=\"299\" height=\"199\"\/><\/a> <a href=\"https:\/\/www.europesays.com\/es\/wp-content\/uploads\/2026\/01\/Cabalgata-Reyes-Granadilla-2026-2.jpg\" target=\"_blank\" rel=\"noopener\"><img loading=\"lazy\" decoding=\"async\" class=\"alignnone wp-image-43683\" src=\"https:\/\/www.europesays.com\/es\/wp-content\/uploads\/2026\/01\/Cabalgata-Reyes-Granadilla-2026-2.jpg\" alt=\"\" width=\"304\" height=\"203\"\/><\/a> <a href=\"https:\/\/www.europesays.com\/es\/wp-content\/uploads\/2026\/01\/Cabalgata-Reyes-Granadilla-2026-3.jpg\" target=\"_blank\" rel=\"noopener\"><img loading=\"lazy\" decoding=\"async\" class=\"alignnone wp-image-43682\" src=\"https:\/\/www.europesays.com\/es\/wp-content\/uploads\/2026\/01\/Cabalgata-Reyes-Granadilla-2026-3.jpg\" alt=\"\" width=\"306\" height=\"204\"\/><\/a> <a href=\"https:\/\/www.europesays.com\/es\/wp-content\/uploads\/2026\/01\/Cabalgata-Reyes-Granadilla-2026.jpg\" target=\"_blank\" rel=\"noopener\"><img loading=\"lazy\" decoding=\"async\" class=\"alignnone wp-image-43680\" src=\"https:\/\/www.europesays.com\/es\/wp-content\/uploads\/2026\/01\/Cabalgata-Reyes-Granadilla-2026.jpg\" alt=\"\" width=\"301\" height=\"201\"\/><\/a><\/p>\n<p><strong>Archivado en:<\/strong> <a href=\"https:\/\/www.granadilladeabona.org\/category\/destacados\/\" rel=\"category tag nofollow noopener\" target=\"_blank\">Destacados<\/a>, <a href=\"https:\/\/www.granadilladeabona.org\/category\/en-portada\/\" rel=\"category tag nofollow noopener\" target=\"_blank\">En portada<\/a>, <a href=\"https:\/\/www.granadilladeabona.org\/category\/noticias\/\" rel=\"category tag nofollow noopener\" target=\"_blank\">Noticias<\/a><\/p>\n<p><strong>Etiquetas: <\/strong><a href=\"https:\/\/www.granadilladeabona.org\/tag\/cultura-y-fiestas\/\" rel=\"tag nofollow noopener\" target=\"_blank\">Cultura y Fiestas<\/a><\/p>\n","protected":false},"excerpt":{"rendered":"lunes 05 de enero de 2026 &#8211; 22:21 WET \u00a0 Granadilla de Abona recibi\u00f3 con una fina lluvia,&hellip;\n","protected":false},"author":2,"featured_media":325695,"comment_status":"","ping_status":"","sticky":false,"template":"","format":"standard","meta":{"footnotes":""},"categories":[8],"tags":[17,18,25,24,13,14,11,19,20,9,10,15,16,23,12,21,22],"class_list":{"0":"post-325694","1":"post","2":"type-post","3":"status-publish","4":"format-standard","5":"has-post-thumbnail","7":"category-espana","8":"tag-breaking-news","9":"tag-breakingnews","10":"tag-es","11":"tag-espana","12":"tag-featured-news","13":"tag-featurednews","14":"tag-headlines","15":"tag-latest-news","16":"tag-latestnews","17":"tag-news","18":"tag-noticias","19":"tag-noticias-destacadas","20":"tag-noticiasdestacadas","21":"tag-spain","22":"tag-titulares","23":"tag-ultimas-noticias","24":"tag-ultimasnoticias"},"share_on_mastodon":{"url":"https:\/\/pubeurope.com\/@es\/115847237784525171","error":""},"_links":{"self":[{"href":"https:\/\/www.europesays.com\/es\/wp-json\/wp\/v2\/posts\/325694","targetHints":{"allow":["GET"]}}],"collection":[{"href":"https:\/\/www.europesays.com\/es\/wp-json\/wp\/v2\/posts"}],"about":[{"href":"https:\/\/www.europesays.com\/es\/wp-json\/wp\/v2\/types\/post"}],"author":[{"embeddable":true,"href":"https:\/\/www.europesays.com\/es\/wp-json\/wp\/v2\/users\/2"}],"replies":[{"embeddable":true,"href":"https:\/\/www.europesays.com\/es\/wp-json\/wp\/v2\/comments?post=325694"}],"version-history":[{"count":0,"href":"https:\/\/www.europesays.com\/es\/wp-json\/wp\/v2\/posts\/325694\/revisions"}],"wp:featuredmedia":[{"embeddable":true,"href":"https:\/\/www.europesays.com\/es\/wp-json\/wp\/v2\/media\/325695"}],"wp:attachment":[{"href":"https:\/\/www.europesays.com\/es\/wp-json\/wp\/v2\/media?parent=325694"}],"wp:term":[{"taxonomy":"category","embeddable":true,"href":"https:\/\/www.europesays.com\/es\/wp-json\/wp\/v2\/categories?post=325694"},{"taxonomy":"post_tag","embeddable":true,"href":"https:\/\/www.europesays.com\/es\/wp-json\/wp\/v2\/tags?post=325694"}],"curies":[{"name":"wp","href":"https:\/\/api.w.org\/{rel}","templated":true}]}}