{"id":325704,"date":"2026-01-06T08:48:07","date_gmt":"2026-01-06T08:48:07","guid":{"rendered":"https:\/\/www.europesays.com\/es\/325704\/"},"modified":"2026-01-06T08:48:07","modified_gmt":"2026-01-06T08:48:07","slug":"soy-el-paje-favorito-del-rey-melchor-tengo-enchufe","status":"publish","type":"post","link":"https:\/\/www.europesays.com\/es\/325704\/","title":{"rendered":"Soy el paje favorito del rey Melchor, tengo enchufe"},"content":{"rendered":"<p class=\"paragraph\">La maquinaria de &#8216;First dates&#8217; no se ha detenido ni siquiera en la Noche de Reyes. El programa de Cuatro presentado por Carlos Sobera acudi\u00f3 <a href=\"https:\/\/www.heraldo.es\/noticias\/ocio-y-cultura\/2025\/12\/17\/agricultor-pueblo-aragon-camanas-revoluciona-first-dates-1879218.html\" title=\"El agricultor de un pueblo de Arag\u00f3n de 160 habitantes que revoluciona &#039;First dates&#039;: &quot;Fea fea, no, pero guapa tampoco&quot;\" rel=\"nofollow noopener\" target=\"_blank\">fiel a su cita este lunes con nuevas historias de solteros y solteras que acuden en busca del amor.<\/a> Una velada <b>en la que sobresali\u00f3 un zaragozano.\u00a0<\/b><\/p>\n<p class=\"paragraph\">Se trata de Fran, un actor de 64 a\u00f1os que sorprendi\u00f3 al presentador desde el primer momento al confesarle que ejerce de paje del rey Melchor en la capital aragonesa. <b>\u00abLlevo 11 a\u00f1os siendo el paje de Melchor<\/b> y estoy todo el a\u00f1o esperando a que llegue la Navidad para hacer este trabajo.\u00a0Ayudo a Melchor porque tiene mucho trabajo el d\u00eda de Reyes. Creo que soy su paje favorito porque me siento muy querido, doy mucha ilusi\u00f3n y me lo transmiten los ni\u00f1os\u00bb.<\/p>\n<p class=\"paragraph\">Y prosigui\u00f3 detallando cu\u00e1l es su cometido en la temporada navide\u00f1a: <b>\u00abEstoy en un centro comercial de Zaragoza donde recibo a los ni\u00f1os,<\/b> recojo sus cartas y pas\u00e1ndolo bien. El consejo que le doy a los m\u00e1s peque\u00f1os es que obedezcan a los padres y se porten bien porque los regalos llegar\u00e1n\u00bb.<\/p>\n<p class=\"paragraph\">Pero m\u00e1s all\u00e1 de esa labor puntual, Fran tiene trabajo el resto del a\u00f1o como actor en todo tipo de proyectos<b>: \u00abTrabajo en pel\u00edculas y series<\/b> y por mi perfil me dan papeles de juez, de cura&#8230;\u00bb.<\/p>\n<p class=\"paragraph\">En el plano sentimental, el zaragozano revel\u00f3 que tiene prisa por dar con una pareja con la que compartir el d\u00eda a d\u00eda: \u00abHe estado casado dos veces y llevo solo un a\u00f1o. <b>Con 64 a\u00f1os me corre un poco de prisa encontrar a alguien <\/b>porque el ser humano est\u00e1 hecho para vivir en pareja\u00bb.<\/p>\n<p class=\"paragraph\">A su encuentro acudi\u00f3 Teresa, una operaria jubilada de 69 a\u00f1os procedente de Barcelona que tambi\u00e9n ansiaba hallar a su media naranja.\u00a0 \u00a0\u00abLlevo demasiado tiempo sola, me estoy acostumbrando a estar en casa y no me gusta. <b>Quiero salir, divertirme y pas\u00e1rmelo bien. <\/b>Este a\u00f1o le he pedido a los Reyes Magos, en vez de juguetes, colonias o bolsos, que ya tengo, les he pedido amor\u00bb, apunt\u00f3.<\/p>\n<p class=\"paragraph\">A primera vista, la catalana no qued\u00f3 impresionada pero no cerr\u00f3 ninguna puerta: \u00abEs un hombre normal, me esperaba a alguien m\u00e1s alto, <b>pero lo que importa es el interior\u00bb.<\/b><\/p>\n<p class=\"paragraph\">Tras contarle Fran cu\u00e1l es su oficio, Teresa, muy observadora, le pregunt\u00f3 a su cita por la barba blanca que lleva, a lo que el aragon\u00e9s contest\u00f3: \u00abEn Navidad ayudo al rey Melchor a recoger las cartas de los ni\u00f1os\u00bb. <b>\u00abEntonces te doy mi carta a ti\u00bb, <\/b>replic\u00f3 ella. \u00abTengo enchufe con el rey Melchor\u00bb, dijo ella.\u00a0<\/p>\n<p class=\"paragraph\">As\u00ed lleg\u00f3 el momento de la verdad para decidir si habr\u00eda una segunda cita. Teresa respondi\u00f3 afirmativamente: \u00abMe ha faltado tiempo para conocerle m\u00e1s\u00bb. Fran asinti\u00f3:<b> \u00abMe ha parecido muy sincera\u00bb.<\/b><\/p>\n","protected":false},"excerpt":{"rendered":"La maquinaria de &#8216;First dates&#8217; no se ha detenido ni siquiera en la Noche de Reyes. El programa&hellip;\n","protected":false},"author":2,"featured_media":325705,"comment_status":"","ping_status":"","sticky":false,"template":"","format":"standard","meta":{"footnotes":""},"categories":[171],"tags":[1339,146,147,25,24,2759,23,214,491],"class_list":{"0":"post-325704","1":"post","2":"type-post","3":"status-publish","4":"format-standard","5":"has-post-thumbnail","7":"category-tv","8":"tag-actor","9":"tag-entertainment","10":"tag-entretenimiento","11":"tag-es","12":"tag-espana","13":"tag-first-dates","14":"tag-spain","15":"tag-tv","16":"tag-zaragoza"},"share_on_mastodon":{"url":"https:\/\/pubeurope.com\/@es\/115847292770709703","error":""},"_links":{"self":[{"href":"https:\/\/www.europesays.com\/es\/wp-json\/wp\/v2\/posts\/325704","targetHints":{"allow":["GET"]}}],"collection":[{"href":"https:\/\/www.europesays.com\/es\/wp-json\/wp\/v2\/posts"}],"about":[{"href":"https:\/\/www.europesays.com\/es\/wp-json\/wp\/v2\/types\/post"}],"author":[{"embeddable":true,"href":"https:\/\/www.europesays.com\/es\/wp-json\/wp\/v2\/users\/2"}],"replies":[{"embeddable":true,"href":"https:\/\/www.europesays.com\/es\/wp-json\/wp\/v2\/comments?post=325704"}],"version-history":[{"count":0,"href":"https:\/\/www.europesays.com\/es\/wp-json\/wp\/v2\/posts\/325704\/revisions"}],"wp:featuredmedia":[{"embeddable":true,"href":"https:\/\/www.europesays.com\/es\/wp-json\/wp\/v2\/media\/325705"}],"wp:attachment":[{"href":"https:\/\/www.europesays.com\/es\/wp-json\/wp\/v2\/media?parent=325704"}],"wp:term":[{"taxonomy":"category","embeddable":true,"href":"https:\/\/www.europesays.com\/es\/wp-json\/wp\/v2\/categories?post=325704"},{"taxonomy":"post_tag","embeddable":true,"href":"https:\/\/www.europesays.com\/es\/wp-json\/wp\/v2\/tags?post=325704"}],"curies":[{"name":"wp","href":"https:\/\/api.w.org\/{rel}","templated":true}]}}