{"id":325712,"date":"2026-01-06T08:52:07","date_gmt":"2026-01-06T08:52:07","guid":{"rendered":"https:\/\/www.europesays.com\/es\/325712\/"},"modified":"2026-01-06T08:52:07","modified_gmt":"2026-01-06T08:52:07","slug":"la-discapacidad-visual-desde-lo-emocional","status":"publish","type":"post","link":"https:\/\/www.europesays.com\/es\/325712\/","title":{"rendered":"La discapacidad visual desde lo emocional"},"content":{"rendered":"<p>Convivir con <strong>una enfermedad ocular que reduce la visi\u00f3n<\/strong> va m\u00e1s all\u00e1 de lo cl\u00ednico. Supone un antes y un despu\u00e9s en la autonom\u00eda de quien la padece, en su vida laboral, en la manera de relacionarse y en la confianza para moverse por el mundo. A la preocupaci\u00f3n por la evoluci\u00f3n se suman preguntas inmediatas y muy concretas: c\u00f3mo afectar\u00e1 al trabajo, si podr\u00e1n seguir conduciendo, qu\u00e9 pasar\u00e1 con la lectura, si necesitar\u00e1n ayuda para tareas cotidianas o si su entorno comprender\u00e1 los cambios.<\/p>\n<p>Sin embargo, <strong>ese impacto emocional no siempre encuentra espacio en la consulta<\/strong>. La conversaci\u00f3n tiende a centrarse en pruebas, tratamientos, revisiones y pron\u00f3sticos. Y, aunque esa informaci\u00f3n es imprescindible, muchas personas con discapacidad visual salen con una sensaci\u00f3n dif\u00edcil de describir: han entendido lo que ocurre en el ojo, pero siguen sin saber c\u00f3mo sostener lo que ocurre a nivel an\u00edmico.<\/p>\n<p>En este contexto se enmarca <a href=\"https:\/\/miramosxti.es\/\" title=\"\" rel=\"nofollow noopener\" target=\"_blank\"><strong>Miramos X ti<\/strong><\/a>, una iniciativa impulsada por la <a href=\"https:\/\/www.macula-retina.es\/\" title=\"\" rel=\"nofollow noopener\" target=\"_blank\">Asociaci\u00f3n M\u00e1cula Retina<\/a>, con el apoyo de Bayer, centrada en la salud emocional vinculada a la discapacidad visual, que incorpora un curso de capacitaci\u00f3n para profesionales de la salud orientado a mejorar el apoyo psicoemocional del paciente en la consulta de oftalmolog\u00eda. El objetivo es dotarles de herramientas pr\u00e1cticas para manejar mejor situaciones frecuentes: el miedo tras un diagn\u00f3stico, el duelo por la p\u00e9rdida funcional, la ansiedad ante procedimientos repetidos o la frustraci\u00f3n cuando la evoluci\u00f3n no es la esperada.<\/p>\n<p>Falta formaci\u00f3n<\/p>\n<p>La propuesta parte de una realidad conocida en muchos servicios: no siempre se dispone de formaci\u00f3n espec\u00edfica para identificar se\u00f1ales de malestar emocional, explorar c\u00f3mo est\u00e1 afrontando el paciente el proceso o saber cu\u00e1ndo y c\u00f3mo derivar a otros recursos. Y, en paralelo, <strong>tampoco todos los pacientes se sienten legitimados para hablar de ello<\/strong>; a veces por pudor, a veces por falta de tiempo, a veces por creer que \u201cno toca\u201d hablar de emociones en una consulta m\u00e9dica.<\/p>\n<p>Seg\u00fan explican los impulsores de la iniciativa, hablar de apoyo emocional no significa convertir la consulta en terapia, sino reconocer que lo ps\u00edquico y lo social influyen en la salud. Cuando una persona est\u00e1 desbordada, puede costarle m\u00e1s entender la informaci\u00f3n, seguir indicaciones, mantener la adherencia a tratamientos o acudir con regularidad a controles. <strong>Tambi\u00e9n puede aparecer aislamiento, cambios en el sue\u00f1o, \u00e1nimo bajo<\/strong> o una sensaci\u00f3n de p\u00e9rdida de control que afecta a toda la familia.<\/p>\n<p>En discapacidad visual, adem\u00e1s, hay <strong>un componente muy espec\u00edfico: la incertidumbre<\/strong>. No todas las patolog\u00edas evolucionan igual, no todas las personas responden igual y el pron\u00f3stico a veces se construye paso a paso. Esa incertidumbre, sostenida en el tiempo, puede desgastar tanto como el s\u00edntoma f\u00edsico. Por eso resulta \u00fatil que los profesionales dispongan de herramientas para comunicar de forma clara, anticipar dudas habituales y ofrecer orientaciones realistas sin caer en frases que minimicen lo que el paciente est\u00e1 viviendo.<\/p>\n<p>Lo que no siempre se pregunta<\/p>\n<p>Una parte esencial del enfoque es <strong>normalizar preguntas sencillas que abren puerta sin invadir<\/strong>: c\u00f3mo lo est\u00e1 llevando, qu\u00e9 es lo que m\u00e1s le preocupa, qu\u00e9 cambios est\u00e1 notando en su d\u00eda a d\u00eda, si est\u00e1 evitando actividades por miedo o si se siente acompa\u00f1ado. A veces, solo con que alguien lo pregunte, el paciente se permite contar lo que no hab\u00eda dicho: que le da p\u00e1nico salir solo, que no quiere ser una carga, que le cuesta dormir, que est\u00e1 dejando de ver a amigos o que teme perder el empleo.<\/p>\n<p>Ese tipo de informaci\u00f3n, adem\u00e1s, puede orientar decisiones cl\u00ednicas y sociales: ajustes en el seguimiento, derivaci\u00f3n a apoyo psicol\u00f3gico, recomendaciones sobre rehabilitaci\u00f3n visual o coordinaci\u00f3n con recursos comunitarios. No es un a\u00f1adido, es parte de una atenci\u00f3n centrada en la persona.<\/p>\n<p>El curso de capacitaci\u00f3n que acompa\u00f1a a Miramos X ti se suma a una tendencia cada vez m\u00e1s necesaria: integrar lo psicoemocional en la atenci\u00f3n sanitaria de forma estructurada. En discapacidad visual, esto puede traducirse en consultas donde el paciente no s\u00f3lo reciba un diagn\u00f3stico, sino tambi\u00e9n <strong>un acompa\u00f1amiento que tenga en cuenta su contexto<\/strong>, su miedo, su red de apoyo y sus herramientas para adaptarse.<\/p>\n","protected":false},"excerpt":{"rendered":"Convivir con una enfermedad ocular que reduce la visi\u00f3n va m\u00e1s all\u00e1 de lo cl\u00ednico. Supone un antes&hellip;\n","protected":false},"author":2,"featured_media":325713,"comment_status":"","ping_status":"","sticky":false,"template":"","format":"standard","meta":{"footnotes":""},"categories":[92],"tags":[5738,24078,25,24,165,166,23],"class_list":{"0":"post-325712","1":"post","2":"type-post","3":"status-publish","4":"format-standard","5":"has-post-thumbnail","7":"category-salud","8":"tag-al-dia","9":"tag-de-interes","10":"tag-es","11":"tag-espana","12":"tag-health","13":"tag-salud","14":"tag-spain"},"share_on_mastodon":{"url":"https:\/\/pubeurope.com\/@es\/115847308567065925","error":""},"_links":{"self":[{"href":"https:\/\/www.europesays.com\/es\/wp-json\/wp\/v2\/posts\/325712","targetHints":{"allow":["GET"]}}],"collection":[{"href":"https:\/\/www.europesays.com\/es\/wp-json\/wp\/v2\/posts"}],"about":[{"href":"https:\/\/www.europesays.com\/es\/wp-json\/wp\/v2\/types\/post"}],"author":[{"embeddable":true,"href":"https:\/\/www.europesays.com\/es\/wp-json\/wp\/v2\/users\/2"}],"replies":[{"embeddable":true,"href":"https:\/\/www.europesays.com\/es\/wp-json\/wp\/v2\/comments?post=325712"}],"version-history":[{"count":0,"href":"https:\/\/www.europesays.com\/es\/wp-json\/wp\/v2\/posts\/325712\/revisions"}],"wp:featuredmedia":[{"embeddable":true,"href":"https:\/\/www.europesays.com\/es\/wp-json\/wp\/v2\/media\/325713"}],"wp:attachment":[{"href":"https:\/\/www.europesays.com\/es\/wp-json\/wp\/v2\/media?parent=325712"}],"wp:term":[{"taxonomy":"category","embeddable":true,"href":"https:\/\/www.europesays.com\/es\/wp-json\/wp\/v2\/categories?post=325712"},{"taxonomy":"post_tag","embeddable":true,"href":"https:\/\/www.europesays.com\/es\/wp-json\/wp\/v2\/tags?post=325712"}],"curies":[{"name":"wp","href":"https:\/\/api.w.org\/{rel}","templated":true}]}}