{"id":325718,"date":"2026-01-06T08:55:13","date_gmt":"2026-01-06T08:55:13","guid":{"rendered":"https:\/\/www.europesays.com\/es\/325718\/"},"modified":"2026-01-06T08:55:13","modified_gmt":"2026-01-06T08:55:13","slug":"tesla-se-pone-seria-con-la-limpieza-del-robotaxi","status":"publish","type":"post","link":"https:\/\/www.europesays.com\/es\/325718\/","title":{"rendered":"Tesla se pone seria con la limpieza del Robotaxi"},"content":{"rendered":"<p data-journey-content=\"true\" data-node-id=\"3\" class=\"css-6wxqfj emevuu60\"><strong data-node-id=\"3.0\">El robotaxi aut\u00f3nomo se hizo realidad en 2025 y apunta este nuevo a\u00f1o a seguir expandi\u00e9ndose<\/strong> incluso m\u00e1s all\u00e1 de China o Estados Unidos, pa\u00eds este \u00faltimo donde Waymo y Tesla ya lo han convertido en un negocio que opera en un ingente n\u00famero de ciudades como San Francisco, Los \u00c1ngeles o Phoenix.<\/p>\n<p data-journey-content=\"true\" data-node-id=\"6\" class=\"css-6wxqfj emevuu60\">Sin embargo, a\u00fan queda un importante obst\u00e1culo: <strong data-node-id=\"6.1\">\u00bfC\u00f3mo garantizar la limpieza del habit\u00e1culo entre un cliente y el siguiente<\/strong>, en un veh\u00edculo sin conductor? En el caso de Tesla, han tomado una determinaci\u00f3n muy del estilo de su CEO <strong data-node-id=\"6.3\">Elon Musk: quien ensucie sus Robotaxis tendr\u00e1 que abonar unas tarifas<\/strong> de limpieza especiales.<\/p>\n<p>Pagar como &#8216;remedio&#8217; a un problema creciente<\/p>\n<p data-journey-content=\"true\" data-node-id=\"9\" class=\"body-text css-6wxqfj emevuu60\">Quiz\u00e1 desde nuestra perspectiva europea, cobrar al pasajero de un robotaxi por su limpieza parezca una medida excesiva. Pero lo cierto es que <strong data-node-id=\"9.1\">actualmente, en Estados Unidos, los robotaxis son muy solicitados por personas<\/strong> -o peque\u00f1os grupos- <strong data-node-id=\"9.3\">que no disponen de veh\u00edculo o no desean desplazarse conduciendo, por ejemplo para poder salir de fiesta y beber alcohol<\/strong> en fechas como el reciente A\u00f1o Nuevo.<\/p>\n<p><img draggable=\"true\" alt=\"tesla cybercap\" title=\"tesla cybercap\" loading=\"lazy\" width=\"1775\" height=\"821\" decoding=\"async\" data-nimg=\"1\" style=\"color:transparent;width:100%;height:auto;\"   src=\"https:\/\/www.europesays.com\/es\/wp-content\/uploads\/2026\/01\/tesla-robotaxi-28-6708e61b5d142.png\" class=\"css-0 e1g79fud0\"\/><a target=\"_blank\" rel=\"noopener nofollow\" data-theme-key=\"base-link\" href=\"https:\/\/pinterest.com\/pin\/create\/button\/?url=https:\/\/www.caranddriver.com\/es\/movilidad\/sostenibilidad-ecologia\/a69916863\/tesla-limpieza-robotaxi-tarifas\/&amp;description=&amp;media=https:\/\/hips.hearstapps.com\/hmg-prod\/images\/tesla-robotaxi-28-6708e61b5d142.png?resize=1600:*\" class=\"pinterest css-on9hn5 e1c1bym14\"><img decoding=\"async\" data-dynamic-svg=\"true\" src=\"https:\/\/www.caranddriver.com\/_assets\/design-tokens\/fre\/static\/icons\/social\/pinterest.e8cf655.svg?primary=%2523ffffff\" loading=\"lazy\" data-testid=\"dynamic-svg-base\" height=\"auto\" width=\"auto\" alt=\"pinterest\" class=\"css-4lml0h e1mlxuuw1\"\/><\/a><\/p>\n<p>Tesla\/\/Car and Driver<\/p>\n<p data-journey-content=\"true\" data-node-id=\"14\" class=\"css-6wxqfj emevuu60\">As\u00ed las cosas, la mayor demanda de robotaxis suele darse a altas horas de la noche y la madrugada, y con pasajeros de toda \u00edndole. Ello propicia que los responsables de su limpieza se encuentren con <strong data-node-id=\"14.1\">toda clase de muestras de suciedad muy desgradables, desde manchas de caf\u00e9 o restos de comida hasta v\u00f3mitos<\/strong> o, lo que sorprende a\u00fan m\u00e1s, colillas y ceniza de tabaco.<\/p>\n<p data-journey-content=\"true\" data-node-id=\"17\" class=\"css-6wxqfj emevuu60\">Seg\u00fan cuenta en su perfil de X <a href=\"https:\/\/x.com\/SawyerMerritt\/status\/2003577608970105004\" target=\"_blank\" rel=\"nofollow\" data-vars-ga-outbound-link=\"https:\/\/x.com\/SawyerMerritt\/status\/2003577608970105004\" data-vars-ga-ux-element=\"Hyperlink\" data-vars-ga-call-to-action=\"el divulgador tecnol\u00f3gico Sawyer Merritt\" data-node-id=\"17.1\" class=\"body-link css-168zq96 emevuu60\">el divulgador tecnol\u00f3gico Sawyer Merritt<\/a>, <strong data-node-id=\"17.3\">Tesla identificar\u00e1 a estos descuidados pasajeros y les impondr\u00e1 una tarifa equivalente al coste de limpiar sus estropicios<\/strong>, la cual ser\u00e1 de 50 d\u00f3lares -43 euros- para las manchas menores o de <strong data-node-id=\"17.5\">150 d\u00f3lares<\/strong> -129 euros- <strong data-node-id=\"17.7\">en el caso de los episodios de suciedad m\u00e1s graves<\/strong>, como por ejemplo el de los v\u00f3mitos, calificados oficialmente por la compa\u00f1\u00eda como \u00abresiduos biol\u00f3gicos\u00bb. Lo dicho: \u00a1Qu\u00e9 habr\u00e1n tenido que ver ya los limpiadores de los Robotaxis para llegar a este punto!<\/p>\n<p><img decoding=\"async\" data-dynamic-svg=\"true\" src=\"https:\/\/www.caranddriver.com\/_assets\/design-tokens\/caranddriver\/static\/images\/logos\/lettermark.ac32a54.svg?primary=%2523000\" loading=\"lazy\" data-testid=\"dynamic-svg-base\" height=\"100\" width=\"100\" alt=\"Lettermark\" class=\"css-7mevzh ev8dhu50\"\/><\/p>\n<p>Especializado entusiasta en motor, competici\u00f3n, historia y t\u00e9cnica del autom\u00f3vil. Eterno aprendiz, tambi\u00e9n, en el novedoso sector de la movilidad sostenible. Licenciado en Periodismo con varios a\u00f1os de experiencia en esto de hablar sobre las cuatro ruedas.<\/p>\n","protected":false},"excerpt":{"rendered":"El robotaxi aut\u00f3nomo se hizo realidad en 2025 y apunta este nuevo a\u00f1o a seguir expandi\u00e9ndose incluso m\u00e1s&hellip;\n","protected":false},"author":2,"featured_media":325719,"comment_status":"","ping_status":"","sticky":false,"template":"","format":"standard","meta":{"footnotes":""},"categories":[80],"tags":[82,253,95,94,25,24,23],"class_list":{"0":"post-325718","1":"post","2":"type-post","3":"status-publish","4":"format-standard","5":"has-post-thumbnail","7":"category-economia","8":"tag-business","9":"tag-discover","10":"tag-economia","11":"tag-economy","12":"tag-es","13":"tag-espana","14":"tag-spain"},"share_on_mastodon":{"url":"https:\/\/pubeurope.com\/@es\/115847320401504104","error":""},"_links":{"self":[{"href":"https:\/\/www.europesays.com\/es\/wp-json\/wp\/v2\/posts\/325718","targetHints":{"allow":["GET"]}}],"collection":[{"href":"https:\/\/www.europesays.com\/es\/wp-json\/wp\/v2\/posts"}],"about":[{"href":"https:\/\/www.europesays.com\/es\/wp-json\/wp\/v2\/types\/post"}],"author":[{"embeddable":true,"href":"https:\/\/www.europesays.com\/es\/wp-json\/wp\/v2\/users\/2"}],"replies":[{"embeddable":true,"href":"https:\/\/www.europesays.com\/es\/wp-json\/wp\/v2\/comments?post=325718"}],"version-history":[{"count":0,"href":"https:\/\/www.europesays.com\/es\/wp-json\/wp\/v2\/posts\/325718\/revisions"}],"wp:featuredmedia":[{"embeddable":true,"href":"https:\/\/www.europesays.com\/es\/wp-json\/wp\/v2\/media\/325719"}],"wp:attachment":[{"href":"https:\/\/www.europesays.com\/es\/wp-json\/wp\/v2\/media?parent=325718"}],"wp:term":[{"taxonomy":"category","embeddable":true,"href":"https:\/\/www.europesays.com\/es\/wp-json\/wp\/v2\/categories?post=325718"},{"taxonomy":"post_tag","embeddable":true,"href":"https:\/\/www.europesays.com\/es\/wp-json\/wp\/v2\/tags?post=325718"}],"curies":[{"name":"wp","href":"https:\/\/api.w.org\/{rel}","templated":true}]}}