{"id":325722,"date":"2026-01-06T08:57:29","date_gmt":"2026-01-06T08:57:29","guid":{"rendered":"https:\/\/www.europesays.com\/es\/325722\/"},"modified":"2026-01-06T08:57:29","modified_gmt":"2026-01-06T08:57:29","slug":"sanchez-viaja-a-paris-molesto-con-macron-y-otros-europeos-por-su-tibieza-con-trump-espana","status":"publish","type":"post","link":"https:\/\/www.europesays.com\/es\/325722\/","title":{"rendered":"S\u00e1nchez viaja a Par\u00eds molesto con Macron y otros europeos por su tibieza con Trump | Espa\u00f1a"},"content":{"rendered":"<p class=\"\">Ha pasado casi un <a href=\"https:\/\/elpais.com\/internacional\/2017\/01\/20\/actualidad\/1484928539_924950.html\" target=\"_self\" rel=\"nofollow noopener\" title=\"https:\/\/elpais.com\/internacional\/2017\/01\/20\/actualidad\/1484928539_924950.html\">a\u00f1o desde que Donald Trump est\u00e1 en el poder,<\/a> y la pol\u00edtica de apaciguamiento por la que han apostado la mayor\u00eda de los l\u00edderes europeos, con la <a href=\"https:\/\/elpais.com\/espana\/2026-01-05\/sanchez-arma-un-frente-anti-trump-y-trata-de-reactivar-a-los-progresistas.html\" target=\"_self\" rel=\"nofollow noopener\" title=\"https:\/\/elpais.com\/espana\/2026-01-05\/sanchez-arma-un-frente-anti-trump-y-trata-de-reactivar-a-los-progresistas.html\">clara excepci\u00f3n del espa\u00f1ol Pedro S\u00e1nchez,<\/a> no parece estar dando los resultados esperados, al menos seg\u00fan la visi\u00f3n del Ejecutivo. Trump ya ha dado el salto de la <a href=\"https:\/\/elpais.com\/podcasts\/hoy-en-el-pais\/2026-01-04\/trump-captura-a-maduro-y-toma-el-control-de-venezuela-y-ahora-que.html\" target=\"_self\" rel=\"nofollow noopener\" title=\"https:\/\/elpais.com\/podcasts\/hoy-en-el-pais\/2026-01-04\/trump-captura-a-maduro-y-toma-el-control-de-venezuela-y-ahora-que.html\">intervenci\u00f3n militar directa en un pa\u00eds importante como Venezuela<\/a>, con una de las mayores reservas de petr\u00f3leo del mundo, y ahora amenaza con el siguiente y m\u00e1s comprometido para la Uni\u00f3n Europea:<a href=\"https:\/\/elpais.com\/internacional\/2026-01-04\/el-ataque-de-trump-en-venezuela-dispara-los-temores-sobre-una-futura-incursion-en-groenlandia.html\" target=\"_self\" rel=\"nofollow noopener\" title=\"https:\/\/elpais.com\/internacional\/2026-01-04\/el-ataque-de-trump-en-venezuela-dispara-los-temores-sobre-una-futura-incursion-en-groenlandia.html\"> tomar el control de Groenlandia, territorio de Dinamarca.<\/a> <\/p>\n<p class=\"\">Esta din\u00e1mica ha terminado de convencer al Gobierno espa\u00f1ol, con Pedro S\u00e1nchez a la cabeza, de que la pol\u00edtica de apaciguamiento de Trump ha sido un error y hay que optar por hacerle frente de manera m\u00e1s directa, siempre de forma pol\u00edtica. Por eso el presidente espa\u00f1ol acude este martes a Par\u00eds, a una reuni\u00f3n de la coalici\u00f3n de voluntarios sobre Ucrania auspiciada por Emmanuel Macron, con una evidente discrepancia con la manera en que los otros l\u00edderes europeos est\u00e1n respondiendo a la operaci\u00f3n militar de EE UU en Caracas para capturar a Nicol\u00e1s Maduro y llevarlo a Nueva York.<\/p>\n<p class=\"\">S\u00e1nchez ha decidido estar en Par\u00eds una vez m\u00e1s, y para ello se saltar\u00e1 el acto de la Pascua Militar, previsto dos horas antes del encuentro en la capital francesa, pero viajar\u00e1 convencido de que los otros l\u00edderes europeos, en especial los grandes -Francia, Reino Unido, Alemania, Italia- se est\u00e1n equivocando en su forma de enfrentarse al gran problema que plantea Trump y su intervencionismo en Am\u00e9rica Latina que deja fuera de juego a la UE. <\/p>\n<p class=\"\">El debate sobre apaciguamiento o choque es eterno en la pol\u00edtica internacional, y siempre se recuerda el gran ejemplo del intento de Inglaterra y Francia por <a href=\"https:\/\/elpais.com\/internacional\/2008\/09\/27\/actualidad\/1222466409_850215.html\" target=\"_self\" rel=\"nofollow noopener\" title=\"https:\/\/elpais.com\/internacional\/2008\/09\/27\/actualidad\/1222466409_850215.html\">apaciguar a Hitler en la Conferencia de M\u00fanich en 1938<\/a> aceptando su invasi\u00f3n de los Sudetes, que solo sirvi\u00f3 para envalentonarlo m\u00e1s hasta que finalmente invadi\u00f3 Polonia en 1939 y ah\u00ed empez\u00f3 la II Guerra Mundial.<\/p>\n<p class=\"\">En La Moncloa quieren evitar estas comparaciones b\u00e9licas, porque la situaci\u00f3n es muy diferente a la de 1938, pero el debate pol\u00edtico de fondo es similar y en el Gobierno espa\u00f1ol creen que ha llegado la hora de que Europa plante cara a Trump con un mensaje rotundo que no es el que se pact\u00f3 en el comunicado de este domingo, del que solo se descolg\u00f3 Hungr\u00eda. En privado, el malestar con estas posiciones de los socios europeos es muy evidente, pero incluso en p\u00fablico el propio ministro de Exteriores, Jos\u00e9 Manuel Albares, ha se\u00f1alado que le habr\u00eda gustado \u201cun comunicado m\u00e1s duro\u201d de la UE. <\/p>\n<p class=\"\">S\u00e1nchez y Albares se movieron mucho el fin de semana para lograr un frente de rechazo a la operaci\u00f3n militar de Trump, y lo lograron en Am\u00e9rica Latina \u2014el presidente habl\u00f3 incluso con la mexicana Claudia Sheinbaum, con la que se han restablecido cierta normalidad en las relaciones <a href=\"https:\/\/elpais.com\/mexico\/2025-11-01\/mexico-y-espana-abren-la-puerta-a-la-reconciliacion-diplomatica-tras-siete-anos-de-tensiones.html\" target=\"_self\" rel=\"nofollow noopener\" title=\"https:\/\/elpais.com\/mexico\/2025-11-01\/mexico-y-espana-abren-la-puerta-a-la-reconciliacion-diplomatica-tras-siete-anos-de-tensiones.html\">despu\u00e9s una larga tensi\u00f3n por la cuesti\u00f3n de la conquista espa\u00f1ola de M\u00e9xico<\/a>\u2014 pero no en Europa, donde el presidente espa\u00f1ol est\u00e1 muy solo en la contundencia m\u00e1xima con el l\u00edder de EE UU. <\/p>\n<p class=\"\">El presidente espa\u00f1ol parece convencido de que despu\u00e9s de Venezuela viene Groenlandia, y por eso en sus mensajes en redes ha citado este territorio dan\u00e9s. \u201cEs un error claro estos mensajes suaves con Trump, que de alguna manera bendicen su actuaci\u00f3n en Venezuela. \u00bfCu\u00e1ndo ataque Groenlandia lo van a bendecir tambi\u00e9n? \u00bfQu\u00e9 tiene que pasar para dar ese salto? Espa\u00f1a no busca estar sola en la UE, pero no se va a quedar quieta y est\u00e1 decidida a ir por delante, como hizo con Palestina, donde al final casi todos los pa\u00edses acabaron movi\u00e9ndose hacia la posici\u00f3n espa\u00f1ola y reconocieron a Palestina\u00bb, se\u00f1ala un miembro del Ejecutivo. <\/p>\n<p class=\"\">S\u00e1nchez, un europe\u00edsta convencido, cree que es clave que la UE haga un movimiento m\u00e1s fuerte que demuestre su peso real en el mundo. El presidente, seg\u00fan coinciden distintas fuentes del Gobierno, no entiende por qu\u00e9 pa\u00edses muy relevantes de Am\u00e9rica Latina como Brasil, M\u00e9xico, Colombia, Chile y Uruguay pueden \u201crechazar\u201d abiertamente este ataque, como hicieron en un comunicado conjunto con Espa\u00f1a el domingo, pero los socios de la UE se niegan a utilizar la palabra rechazo o condena, que no estaba en el comunicado a 26 del domingo. <\/p>\n<p class=\"\">La gran diferencia entre la posici\u00f3n de S\u00e1nchez y el resto de socios europeos queda muy en evidencia si se comparan precisamente los mensajes que han lanzado el espa\u00f1ol y el franc\u00e9s Macron, el anfitri\u00f3n de la cumbre en Par\u00eds, que est\u00e1 convocada para hablar de Ucrania pero inevitablemente el debate llegar\u00e1 tambi\u00e9n a Venezuela al menos en los encuentros informales, porque es un asunto central en este momento. <\/p>\n<p class=\"\">Mientras S\u00e1nchez insiste en que Espa\u00f1a \u201cno reconoci\u00f3 a Maduro pero tampoco reconocer\u00e1 una intervenci\u00f3n que viola el derecho internacional\u201d, y no hace ninguna menci\u00f3n a Mar\u00eda Corina Machado, Macron presume de haber hablado con la l\u00edder de la oposici\u00f3n venezolana y en otro mensaje se alegr\u00f3 por la intervenci\u00f3n de EE UU: \u201cel pueblo venezolano est\u00e1 hoy liberado de la dictadura de Nicol\u00e1s Maduro y no puede sino celebrarlo\u201d, lleg\u00f3 a escribir antes de que quedara m\u00e1s claro que Trump no tiene intenciones de momento de acabar con ese r\u00e9gimen y est\u00e1 negociando con Delcy Rodr\u00edguez para mantenerlo siempre que EE UU pueda dominar la escena y poner sus condiciones. Este \u00faltimo movimiento de Trump de mantener a Rodr\u00edguez y descartar a Machado como eje de la nueva situaci\u00f3n en Venezuela, que ha descolocado a la derecha espa\u00f1ola y europea, es para La Moncloa una prueba m\u00e1s de que es un error apostar por el apaciguamiento con Trump porque \u00e9l no est\u00e1 pensando en la democracia venezolana sino en imponer los intereses econ\u00f3micos de EE UU en la regi\u00f3n y controlarla, algo que para el Ejecutivo espa\u00f1ol la UE, con enormes intereses en la zonal, no deber\u00eda permitir. <\/p>\n<p class=\"\">Y adem\u00e1s de todo este an\u00e1lisis estrat\u00e9gico internacional y de largo plazo, S\u00e1nchez mira tambi\u00e9n a la pol\u00edtica nacional y de nuevo se coloca a la izquierda, donde el sentimiento anti Trump es m\u00e1s fuerte. El presidente y su equipo han preparado un arranque de a\u00f1o con varias medidas, reuniones y anuncios para intentar recuperar la agenda despu\u00e9s de un final de a\u00f1o desastroso para el Ejecutivo, agobiado por las causas de corrupci\u00f3n y de acoso sexual de miembros importantes de la anterior c\u00fapula del PSOE, pero de momento est\u00e1 toda la atenci\u00f3n concentrada en una situaci\u00f3n internacional que S\u00e1nchez de nuevo interpreta como una oportunidad para explicar a los progresistas por qu\u00e9 sigue valiendo la pena tener un Gobierno que se opone a Trump y que plantea una visi\u00f3n alternativa del mundo. De hecho el presidente y su Ejecutivo reivindican ahora con m\u00e1s fuerza su decisi\u00f3n de plantarse ante Trump y rechazar el compromiso del 5% del gasto en defensa que todos los dem\u00e1s socios europeos s\u00ed aceptaron y, seg\u00fan recuerdan en La Moncloa, no ha servido para aplacar las ansias intervencionistas del presidente de EE UU.<\/p>\n","protected":false},"excerpt":{"rendered":"Ha pasado casi un a\u00f1o desde que Donald Trump est\u00e1 en el poder, y la pol\u00edtica de apaciguamiento&hellip;\n","protected":false},"author":2,"featured_media":318190,"comment_status":"","ping_status":"","sticky":false,"template":"","format":"standard","meta":{"footnotes":""},"categories":[8],"tags":[3216,17,18,2317,352,730,25,24,13,14,582,11,19,20,1906,9,1194,10,15,16,2959,23,12,21,22,1192],"class_list":{"0":"post-325722","1":"post","2":"type-post","3":"status-publish","4":"format-standard","5":"has-post-thumbnail","7":"category-espana","8":"tag-brasil","9":"tag-breaking-news","10":"tag-breakingnews","11":"tag-bruselas","12":"tag-donald-trump","13":"tag-emmanuel-macron","14":"tag-es","15":"tag-espana","16":"tag-featured-news","17":"tag-featurednews","18":"tag-gobierno","19":"tag-headlines","20":"tag-latest-news","21":"tag-latestnews","22":"tag-mexico","23":"tag-news","24":"tag-nicolas-maduro","25":"tag-noticias","26":"tag-noticias-destacadas","27":"tag-noticiasdestacadas","28":"tag-pedro-sanchez","29":"tag-spain","30":"tag-titulares","31":"tag-ultimas-noticias","32":"tag-ultimasnoticias","33":"tag-venezuela"},"share_on_mastodon":{"url":"https:\/\/pubeurope.com\/@es\/115847328223549235","error":""},"_links":{"self":[{"href":"https:\/\/www.europesays.com\/es\/wp-json\/wp\/v2\/posts\/325722","targetHints":{"allow":["GET"]}}],"collection":[{"href":"https:\/\/www.europesays.com\/es\/wp-json\/wp\/v2\/posts"}],"about":[{"href":"https:\/\/www.europesays.com\/es\/wp-json\/wp\/v2\/types\/post"}],"author":[{"embeddable":true,"href":"https:\/\/www.europesays.com\/es\/wp-json\/wp\/v2\/users\/2"}],"replies":[{"embeddable":true,"href":"https:\/\/www.europesays.com\/es\/wp-json\/wp\/v2\/comments?post=325722"}],"version-history":[{"count":0,"href":"https:\/\/www.europesays.com\/es\/wp-json\/wp\/v2\/posts\/325722\/revisions"}],"wp:featuredmedia":[{"embeddable":true,"href":"https:\/\/www.europesays.com\/es\/wp-json\/wp\/v2\/media\/318190"}],"wp:attachment":[{"href":"https:\/\/www.europesays.com\/es\/wp-json\/wp\/v2\/media?parent=325722"}],"wp:term":[{"taxonomy":"category","embeddable":true,"href":"https:\/\/www.europesays.com\/es\/wp-json\/wp\/v2\/categories?post=325722"},{"taxonomy":"post_tag","embeddable":true,"href":"https:\/\/www.europesays.com\/es\/wp-json\/wp\/v2\/tags?post=325722"}],"curies":[{"name":"wp","href":"https:\/\/api.w.org\/{rel}","templated":true}]}}