{"id":325727,"date":"2026-01-06T09:04:06","date_gmt":"2026-01-06T09:04:06","guid":{"rendered":"https:\/\/www.europesays.com\/es\/325727\/"},"modified":"2026-01-06T09:04:06","modified_gmt":"2026-01-06T09:04:06","slug":"euskaltel-sabe-donde-esta-y-que-liga-juega","status":"publish","type":"post","link":"https:\/\/www.europesays.com\/es\/325727\/","title":{"rendered":"Euskaltel sabe d\u00f3nde est\u00e1 y qu\u00e9 liga juega"},"content":{"rendered":"<p class=\"paragraph\"><b>Jorge Azanza<\/b> tiene ante s\u00ed una misi\u00f3n tit\u00e1nica. No es otra que coordinar y tirar para arriba de un equipo de la tradici\u00f3n del Euskaltel Euskadi que se ha quedado fuera del top 30, por lo que no podr\u00e1 aspirar a correr las grandes vueltas. Azanza sabe mejor que nadie d\u00f3nde est\u00e1 el equipo que hace algo m\u00e1s de una d\u00e9cada brillaba en el Tour de Francia y que ahora est\u00e1 en otra disyuntiva.\u00a0<\/p>\n<p class=\"paragraph\"><b>\u00bfAfronta Euskaltel Euskadi una temporada diferente?<\/b><\/p>\n<p class=\"paragraph\">\u00a0El a\u00f1o pasado hicimos cambios y las cosas no salieron. Para 2026 hemos tenido que reubicarnos porque la situaci\u00f3n econ\u00f3mica lo exig\u00eda. Hemos tenido que optimizar el calendario de carreras y en lo referente a la plantilla va a ser similar, quiz\u00e1 un poco m\u00e1s joven. Esperemos estar donde tenemos que estar.<\/p>\n<p class=\"paragraph\"><b>\u00a0\u00bfQuedarse fuera de los 30 que pueden correr las grandes fue un fracaso?<\/b><\/p>\n<p class=\"paragraph\"><b>\u00a0<\/b>Fue un fracaso en el sentido de que cuando empezamos 2025 nuestro objetivo era estar entre los 30. \u00bfQu\u00e9 pas\u00f3? Que los esprinters que ten\u00edamos y que pod\u00edan habernos conseguido muchos puntos no estuvieron. Dekker se lesion\u00f3 para todo el a\u00f1o, Aberasturi estuvo de inicio lesionado. Perdimos las mejores carreras para conseguir puntos, nos fuimos descolgando y luego tuvimos luces y sombras. Despu\u00e9s del Campeonato de Espa\u00f1a nos estuvimos agarrando a la clasificaci\u00f3n, pero cuando mejor ten\u00edamos que estar, las cosas no salieron. En lo deportivo fue un a\u00f1o dif\u00edcil, porque no salieron las cosas, cambiamos de material despu\u00e9s de muchos a\u00f1os con Orbea\u2026<\/p>\n<p class=\"paragraph\"><b>\u00a0\u00bfEn qu\u00e9 fallaron?\u00a0<\/b><\/p>\n<p class=\"paragraph\">Aparte de la mala suerte con las lesiones, sobrecargamos mucho en carreras de B\u00e9lgica que exigen mucho y con los corredores no en las mejores condiciones. La plantilla se fue mermando, entramos en una sinergia negativa y se fue el a\u00f1o a tomar por saco. Y a pesar de todo, los corredores estuvieron ah\u00ed hasta el final.<\/p>\n<p class=\"paragraph\"><b>Les toca reconstruirse despu\u00e9s de este palo.<\/b><\/p>\n<p class=\"paragraph\">\u00a0Es un palo que te pone en la realidad del ciclismo actual. Todo el mundo corre para lo mismo, las plantillas son supercompetitivos\u2026 Nosotros tenemos los medios que tenemos, y nuestra plantilla en su mayor\u00eda est\u00e1 compuesta por vascos o por corredores formados en Euskadi. Sabemos d\u00f3nde estamos, qu\u00e9 recursos tenemos, qu\u00e9 liga jugamos y ser realistas. Para estar entre los 30 hay que tener muchos medios, y nosotros tenemos que pelear por estar cerca. Este a\u00f1o tenemos que optar a estar cerca de ellos.<\/p>\n<p class=\"paragraph\"><b>\u00a0\u00bfQu\u00e9 piensan los patrocinadores y las instituciones?\u00a0<\/b><\/p>\n<p class=\"paragraph\">Ellos saben perfectamente d\u00f3nde estamos y son conscientes. Creo que agradecen saber nuestra situaci\u00f3n real, y hay que agradecerles que nos sigan apoyando. Quieren que esto vaya para arriba y les gusta nuestro enfoque de ser un equipo de oportunidades, de cantera. Ojal\u00e1 alguno de los corredores que estamos formando nos haga estar m\u00e1s arriba.\u00a0<\/p>\n<p class=\"paragraph\"><b>\u00bfQuedarse fuera del top 30 y no optar a las grandes puso en peligro en alg\u00fan momento la continuidad del proyecto?<\/b><\/p>\n<p class=\"paragraph\">\u00a0No, y por eso hay que alabar m\u00e1s a los patrocinadores. Ellos saben cu\u00e1l es la situaci\u00f3n real, cu\u00e1l es escenario en el que nos movemos y contra qui\u00e9n nos jugamos las carreras. Contamos con un presupuesto menor que la mayor\u00eda de los equipos, y pedir milagros con eso es muy dif\u00edcil. Creo que con el n\u00facleo fuerte que tenemos, m\u00e1s los j\u00f3venes y los fichajes podemos ganar en solidez. Vamos a intentar estar lo m\u00e1s cerca del top 30, eligiendo muy bien el calendario . All\u00ed donde vayamos queremos crear una din\u00e1mica positiva.\u00a0<\/p>\n<p class=\"paragraph\"><b>\u00bfEs viable deportivamente la filosof\u00eda de la Fundaci\u00f3n de corredores vascos o hechos en Euskadi?<\/b><\/p>\n<p class=\"paragraph\">Los patrocinadores ven bien el planteamiento que tenemos, porque el desembolso es menor y las exigencias m\u00e1s asequibles. Sin perder de vista que somos un equipo de desarrollo, que tenemos una buena cantera que sigue dando frutos. Y todo el mundo es consciente de lo que hay deportivamente, y que tirar de los grandes corredores vascos que hay en el World Tour es una utop\u00eda con los medios que tenemos. Nuestra situaci\u00f3n solo se puede arreglar con un desembolso mucho mayor, que nos permitiera dar los pasos que est\u00e1n dando Uno-X o Tudor.\u00a0<\/p>\n<p class=\"paragraph\"><b>\u00bfC\u00f3mo se motiva a los chicos siendo conscientes de que no van a poder ir a la Vuelta?<\/b><\/p>\n<p class=\"paragraph\">Los ciclistas son conscientes de que correr la Vuelta es un premio muy bonito con much\u00edsimo gancho. Pero ellos saben tambi\u00e9n que hay muchas carreras importantes en las que vamos a poder estar como la Volta, la Itzulia, la Cl\u00e1sica que son carreras de mucho nivel. Tenemos corredores que tienen que dar pasos y crecer para poder aspirar a estar en las grandes carreras. No tenemos nivel para estar en el World Tour, aunque sea bonito compartir carreras con ellas.<\/p>\n<p class=\"paragraph\">\u00a0<b>\u00bfQu\u00e9 idea de temporada tiene en la cabeza?\u00a0<\/b><\/p>\n<p class=\"paragraph\">Va a ser muy muy importante empezar bien la temporada, y todo el mundo est\u00e1 trabajando a conciencia. Yo veo un grupo de corredores que est\u00e1 muy motivado con la idea de hacerlo bien, y un equipo de personas unido para trabajar muy bien. Se merecen que las cosas salgan. Abril va a ser un mes muy cargado de competiciones, y queremos llegar a Catalunya, Indur\u00e1in e Itzulia a un nivel muy competitivo.<\/p>\n<p class=\"paragraph\"><b>\u00a0P\u00f3ngale nombres y apellidos.<\/b><\/p>\n<p class=\"paragraph\">\u00a0Hemos fichado a Axel Van der Took, que es un ciclista con mucho talento con resultados en Dinamarca y B\u00e9lgica. Creo que nos puede dar presencia en carreras que tengan contrarreloj. Jonathan Lastra viene con mucho bagaje, no con grandes resultados en el World Tour, pero en carreras .pro creemos que se le pueden adaptar bien a sus caracter\u00edsticas.<\/p>\n<p class=\"paragraph\"><b>\u00a0M\u00e1s lo que ten\u00edan.<\/b>\u00a0<\/p>\n<p class=\"paragraph\">Claro. El n\u00facleo duro del equipo con Gotzon, Mintegi y Juaristi van a ser importantes. Isasa o Sutton, si recuperan su nivel nos van a permitir tener un equipo bonito. Paul Hennequin nos va a permitir estar en los esprines, porque es muy valiente. Y la ilusi\u00f3n que nos pueden transmitir los j\u00f3venes como Yago Aguirre, Unai Aznar, Gari Ugarte&#8230; Soy optimista.\u00a0<\/p>\n<p class=\"paragraph\"><b>\u00bfQu\u00e9 espera de los dos navarros que tiene en sus filas?<\/b><\/p>\n<p class=\"paragraph\">\u00a0Iker Mintegi ha dado un paso adelante, y creo que le queda otro por dar. Tengo una confianza ciega en \u00e9l, porque ha hecho cosas bonitas, de mucho nivel. Su siguiente paso ser\u00eda meterse en un top 10. Mi ilusi\u00f3n con Unai Aznar es recuperar a ese corredor que ten\u00eda un enorme potencial cuando pas\u00f3 a profesionales. Ha sido dos veces campe\u00f3n de Espa\u00f1a, eso no es una casualidad, y eso no se pierde. A veces un cambio de aires, una nueva motivaci\u00f3n pueden ayudar a dar el nivel que ten\u00eda antes de pasar.<\/p>\n","protected":false},"excerpt":{"rendered":"Jorge Azanza tiene ante s\u00ed una misi\u00f3n tit\u00e1nica. No es otra que coordinar y tirar para arriba de&hellip;\n","protected":false},"author":2,"featured_media":325728,"comment_status":"","ping_status":"","sticky":false,"template":"","format":"standard","meta":{"footnotes":""},"categories":[273],"tags":[51219,313,312,168,3169,25,24,874,13145,75424,23,167],"class_list":{"0":"post-325727","1":"post","2":"type-post","3":"status-publish","4":"format-standard","5":"has-post-thumbnail","7":"category-ciclismo","8":"tag-azanza","9":"tag-ciclismo","10":"tag-cycling","11":"tag-deportes","12":"tag-donde","13":"tag-es","14":"tag-espana","15":"tag-esta","16":"tag-euskaltel","17":"tag-jrge","18":"tag-spain","19":"tag-sports"},"share_on_mastodon":{"url":"https:\/\/pubeurope.com\/@es\/115847355591474189","error":""},"_links":{"self":[{"href":"https:\/\/www.europesays.com\/es\/wp-json\/wp\/v2\/posts\/325727","targetHints":{"allow":["GET"]}}],"collection":[{"href":"https:\/\/www.europesays.com\/es\/wp-json\/wp\/v2\/posts"}],"about":[{"href":"https:\/\/www.europesays.com\/es\/wp-json\/wp\/v2\/types\/post"}],"author":[{"embeddable":true,"href":"https:\/\/www.europesays.com\/es\/wp-json\/wp\/v2\/users\/2"}],"replies":[{"embeddable":true,"href":"https:\/\/www.europesays.com\/es\/wp-json\/wp\/v2\/comments?post=325727"}],"version-history":[{"count":0,"href":"https:\/\/www.europesays.com\/es\/wp-json\/wp\/v2\/posts\/325727\/revisions"}],"wp:featuredmedia":[{"embeddable":true,"href":"https:\/\/www.europesays.com\/es\/wp-json\/wp\/v2\/media\/325728"}],"wp:attachment":[{"href":"https:\/\/www.europesays.com\/es\/wp-json\/wp\/v2\/media?parent=325727"}],"wp:term":[{"taxonomy":"category","embeddable":true,"href":"https:\/\/www.europesays.com\/es\/wp-json\/wp\/v2\/categories?post=325727"},{"taxonomy":"post_tag","embeddable":true,"href":"https:\/\/www.europesays.com\/es\/wp-json\/wp\/v2\/tags?post=325727"}],"curies":[{"name":"wp","href":"https:\/\/api.w.org\/{rel}","templated":true}]}}