{"id":325729,"date":"2026-01-06T09:06:20","date_gmt":"2026-01-06T09:06:20","guid":{"rendered":"https:\/\/www.europesays.com\/es\/325729\/"},"modified":"2026-01-06T09:06:20","modified_gmt":"2026-01-06T09:06:20","slug":"zaragoza-es-mi-segunda-casa","status":"publish","type":"post","link":"https:\/\/www.europesays.com\/es\/325729\/","title":{"rendered":"Zaragoza es mi segunda casa"},"content":{"rendered":"<p class=\"ft-text\">Vit Krejci recuerda con cari\u00f1o su paso por <a class=\"ft-link ft-link--decoration\" href=\"https:\/\/www.elperiodicodearagon.com\/tags\/zaragoza\/\" target=\"_blank\" rel=\"nofollow noopener\">Zaragoza<\/a> <strong>mientras vive su mejor momento de forma<\/strong> en la Liga de baloncesto m\u00e1s prestigiosa del mundo. Siendo ya un jugador asentado en su actual equipo, los Atlanta Hawks, adem\u00e1s ostentar<strong> uno de los mejores datos de tiro de la NBA<\/strong> en la actual temporada, todav\u00eda tiene presente su estancia en la capital aragonesa. \u201cMi paso por Zaragoza me ayud\u00f3 mucho. Estuve ah\u00ed siete temporadas.<strong> Es mi segunda casa\u201d, asegura<\/strong>.<\/p>\n<p class=\"ft-text\">Krejci, que <strong>lleg\u00f3 a la cantera del conjunto rojillo con 13 a\u00f1os y debut\u00f3 tan solo tres despu\u00e9s <\/strong>en la temporada 16-17, sali\u00f3 en septiembre de 2021 rumbo a Estados Unidos como primer jugador del club aragon\u00e9s que fichaba por la NBA y firm\u00f3 por los Oklahoma City Thunder. Cuatro temporadas despu\u00e9s, se ha consolidado en la competici\u00f3n norteamericana y <strong>tiene esta campa\u00f1a el cuarto mejor porcentaje de tiros de 3 de toda la competici\u00f3n<\/strong>.<\/p>\n<p class=\"ft-text\">En una reciente entrevista, el escolta checo de 2,03 metros de altura explica que <strong>est\u00e1 muy agradecido por las ense\u00f1anzas que recibi\u00f3 en el Casademont Zaragoza<\/strong> y asegura que fueron claves en la formaci\u00f3n del deportista en el que se ha convertido. \u201cSigo en contacto con algunos entrenadores de all\u00ed. Estoy contento de haber dado ese paso con 13 a\u00f1os. <strong>Me ayud\u00f3 un mont\u00f3n, como jugador y como persona<\/strong>\u201d, afirma.<\/p>\n<p><img decoding=\"async\" src=\"https:\/\/www.europesays.com\/es\/wp-content\/uploads\/2026\/01\/a00866d7-774e-4960-a412-1919dddedb39_alta-libre-aspect-ratio_default_0.jpg\" width=\"1200\" height=\"612\" alt=\"ENTREVISTA A VIT KREJCI, JUGADOR DEL CASADEMONT ZARAGOZA DE BALONCESTO.. BALONCESTO. EQUIPOS. ZARAGOZA. CASADEMONT.\" class=\"ft-helper-img-rd\" loading=\"lazy\"\/><\/p>\n<p class=\"ft-helper-fontColor-quaternary ft-helper-fontSize-body-S ft-helper-spacer-t-xxs\">Foto de archivo de Vit Krejci en una entrevista a este medio en 2020.  \/ ANDREEA VORNICU<\/p>\n<p class=\"ft-text\">De entre las personas que le guiaron en su formaci\u00f3n, Krejci tiene en la memoria a varios excompa\u00f1eros y t\u00e9cnicos en particular, tanto del <a class=\"ft-link ft-link--decoration\" href=\"https:\/\/www.elperiodicodearagon.com\/cai-zaragoza\/\" target=\"_blank\" rel=\"nofollow noopener\">Casademont Zaragoza<\/a> como de las categor\u00edas inferiores en las que complet\u00f3 tres cursos. \u201c<strong>Carlos Iglesias me ayud\u00f3 mucho como entrenador. De jugadores, aprend\u00ed mucho de Carlos Aloc\u00e9n <\/strong>en los entrenos. Ten\u00edamos muy buen equipo\u201d, subraya.<\/p>\n<p class=\"ft-text\">En cuanto a su debut y los a\u00f1os posteriores en <a class=\"ft-link ft-link--decoration\" href=\"https:\/\/www.elperiodicodearagon.com\/tags\/liga-acb\/\" target=\"_blank\" rel=\"nofollow noopener\">Liga ACB<\/a>, tambi\u00e9n recuerda a varias personas importantes con las que tuvo afinidad: \u201c<strong>Cuando pas\u00e9 al primer equipo, con \u2018Porfi\u2019 Fisac<\/strong>. Ten\u00edamos muchos jugadores m\u00e1s viejos y con mucha experiencia. <strong>Me ayudaron a ser m\u00e1s profesional<\/strong>, y saber c\u00f3mo aprovechar mis posibilidades\u201d, concluye.<\/p>\n","protected":false},"excerpt":{"rendered":"Vit Krejci recuerda con cari\u00f1o su paso por Zaragoza mientras vive su mejor momento de forma en la&hellip;\n","protected":false},"author":2,"featured_media":325730,"comment_status":"","ping_status":"","sticky":false,"template":"","format":"standard","meta":{"footnotes":""},"categories":[269],"tags":[299,298,13883,2511,5369,168,25,24,6146,50869,831,1725,23,167,75425,491],"class_list":{"0":"post-325729","1":"post","2":"type-post","3":"status-publish","4":"format-standard","5":"has-post-thumbnail","7":"category-baloncesto","8":"tag-baloncesto","9":"tag-basketball","10":"tag-canterano","11":"tag-casademont","12":"tag-casademont-zaragoza","13":"tag-deportes","14":"tag-es","15":"tag-espana","16":"tag-exjugador","17":"tag-krejci","18":"tag-liga-acb","19":"tag-nba","20":"tag-spain","21":"tag-sports","22":"tag-vit","23":"tag-zaragoza"},"share_on_mastodon":{"url":"https:\/\/pubeurope.com\/@es\/115847363563331495","error":""},"_links":{"self":[{"href":"https:\/\/www.europesays.com\/es\/wp-json\/wp\/v2\/posts\/325729","targetHints":{"allow":["GET"]}}],"collection":[{"href":"https:\/\/www.europesays.com\/es\/wp-json\/wp\/v2\/posts"}],"about":[{"href":"https:\/\/www.europesays.com\/es\/wp-json\/wp\/v2\/types\/post"}],"author":[{"embeddable":true,"href":"https:\/\/www.europesays.com\/es\/wp-json\/wp\/v2\/users\/2"}],"replies":[{"embeddable":true,"href":"https:\/\/www.europesays.com\/es\/wp-json\/wp\/v2\/comments?post=325729"}],"version-history":[{"count":0,"href":"https:\/\/www.europesays.com\/es\/wp-json\/wp\/v2\/posts\/325729\/revisions"}],"wp:featuredmedia":[{"embeddable":true,"href":"https:\/\/www.europesays.com\/es\/wp-json\/wp\/v2\/media\/325730"}],"wp:attachment":[{"href":"https:\/\/www.europesays.com\/es\/wp-json\/wp\/v2\/media?parent=325729"}],"wp:term":[{"taxonomy":"category","embeddable":true,"href":"https:\/\/www.europesays.com\/es\/wp-json\/wp\/v2\/categories?post=325729"},{"taxonomy":"post_tag","embeddable":true,"href":"https:\/\/www.europesays.com\/es\/wp-json\/wp\/v2\/tags?post=325729"}],"curies":[{"name":"wp","href":"https:\/\/api.w.org\/{rel}","templated":true}]}}