{"id":325733,"date":"2026-01-06T09:08:12","date_gmt":"2026-01-06T09:08:12","guid":{"rendered":"https:\/\/www.europesays.com\/es\/325733\/"},"modified":"2026-01-06T09:08:12","modified_gmt":"2026-01-06T09:08:12","slug":"fuerza-humor-animo-e-ilusion-2","status":"publish","type":"post","link":"https:\/\/www.europesays.com\/es\/325733\/","title":{"rendered":"Fuerza, humor, \u00e1nimo e ilusi\u00f3n"},"content":{"rendered":"<p data-journey-content=\"true\" data-node-id=\"3\" class=\"css-6wxqfj emevuu60\">La hija de Jos\u00e9 Luis Gil, Irene, ha vuelto a emocionar a los seguidores del actor al compartir <strong data-node-id=\"3.1\">una nueva imagen suya para dar la bienvenida a 2026.<\/strong> Desde que <a href=\"https:\/\/www.diezminutos.es\/teleprograma\/series-tv\/a62878177\/jose-luis-gil-actor-la-que-se-avecina-regreso-estado-salud-ictus\/\" target=\"_blank\" data-vars-ga-outbound-link=\"https:\/\/www.diezminutos.es\/teleprograma\/series-tv\/a62878177\/jose-luis-gil-actor-la-que-se-avecina-regreso-estado-salud-ictus\/\" data-vars-ga-ux-element=\"Hyperlink\" data-vars-ga-call-to-action=\"el int\u00e9rprete sufriera un ictus en 2021 que le dej\u00f3 sin habla\" data-node-id=\"3.3\" class=\"body-link css-177bzfx emevuu60\" rel=\"nofollow noopener\">el int\u00e9rprete sufriera un ictus en 2021 que le dej\u00f3 sin habla<\/a>, su hija se ha convertido en la voz de la familia y en el principal canal para informar sobre su evoluci\u00f3n, siempre con discreci\u00f3n y cercan\u00eda.<\/p>\n<p data-journey-content=\"true\" data-node-id=\"6\" class=\"css-6wxqfj emevuu60\">Consciente de la enorme expectaci\u00f3n que sigue despertando su padre, Irene ha optado en los \u00faltimos a\u00f1os por<strong data-node-id=\"6.1\"> crear en sus redes sociales una especie de tabl\u00f3n de seguimiento del proceso de recuperaci\u00f3n del actor<\/strong>, mostrando peque\u00f1os avances que son recibidos con enorme cari\u00f1o por el p\u00fablico.<\/p>\n<p data-journey-content=\"true\" data-node-id=\"9\" class=\"css-6wxqfj emevuu60\">Este 4 de enero, Irene ha querido comenzar el nuevo a\u00f1o compartiendo una imagen muy especial: <strong data-node-id=\"9.1\">Jos\u00e9 Luis Gil paseando por Madrid, disfrutando del ambiente navide\u00f1o<\/strong> en los \u00faltimos d\u00edas de luces y preparativos para la llegada de los Reyes Magos.<\/p>\n<p data-journey-content=\"true\" data-node-id=\"13\" class=\"css-6wxqfj emevuu60\">Junto a la fotograf\u00eda, la hija del actor ha escrito un mensaje cargado de optimismo y gratitud: \u201c\u00a1Feliz 2026 a todos! Gracias por vuestros mensajes y buenos deseos.<strong data-node-id=\"13.1\"> Fuerza, humor, \u00e1nimo e ilusi\u00f3n para afrontar lo que nos traiga este nuevo a\u00f1o<\/strong> \ud83d\udcaa\ud83c\udffc. Esta foto es de hoy, paseando, viendo los \u00faltimos coletazos de las luces, y viendo c\u00f3mo preparan Madrid para recibir a Sus Majestades los Reyes Magos, su d\u00eda preferido de las Navidades. Guardad un huequito para el Rosc\u00f3n que esto se acaba \ud83d\ude0a\u201d.<\/p>\n<p data-journey-content=\"true\" data-node-id=\"15\" class=\"css-6wxqfj emevuu60\">Un texto sencillo que <strong data-node-id=\"15.1\">refleja el esp\u00edritu con el que la familia afronta <\/strong>este nuevo a\u00f1o: paciencia, esperanza y peque\u00f1os pasos.<\/p>\n<p>Una oleada de cari\u00f1o de seguidores y compa\u00f1eros<\/p>\n<p data-journey-content=\"true\" data-node-id=\"18\" class=\"css-6wxqfj emevuu60\">La respuesta de los seguidores del actor no se ha hecho esperar. Los comentarios se han llenado de <strong data-node-id=\"18.1\">mensajes de apoyo, cari\u00f1o y referencias a algunos de sus personajes<\/strong> m\u00e1s queridos, especialmente al inolvidable Juan Cuesta de \u2018Aqu\u00ed no hay quien viva\u2019.<\/p>\n<p data-journey-content=\"true\" data-node-id=\"21\" class=\"css-6wxqfj emevuu60\">\u201cFelices Reyes, Sr. Cuesta, me encanta verlo mejor, nos hace falta en esta nuestra comunidad\u201d, escrib\u00eda una usuaria. Otros mensajes destacaban: <strong data-node-id=\"21.1\">\u201c\u00a1Qu\u00e9 alegr\u00eda verlo tan guapo!\u201d, \u201cPatrimonio de Espa\u00f1a, don Jos\u00e9 Luis Gil\u201d<\/strong>, \u201c\u00a1Grande nuestro presidente de esta, nuestra comunidad!\u201d o \u201cLos mejores deseos para este a\u00f1o nuevo\u201d.<\/p>\n<p data-journey-content=\"true\" data-node-id=\"23\" class=\"css-6wxqfj emevuu60\">Tambi\u00e9n compa\u00f1eros de profesi\u00f3n del <a href=\"https:\/\/www.diezminutos.es\/famosos-corazon\/famosos-espanoles\/a69604671\/loles-leon-jose-luis-gil-motivo-no-habla\/\" target=\"_blank\" data-vars-ga-outbound-link=\"https:\/\/www.diezminutos.es\/famosos-corazon\/famosos-espanoles\/a69604671\/loles-leon-jose-luis-gil-motivo-no-habla\/\" data-vars-ga-ux-element=\"Hyperlink\" data-vars-ga-call-to-action=\"actor en Aqu\u00ed no hay quien viva\" data-node-id=\"23.1\" class=\"body-link css-177bzfx emevuu60\" rel=\"nofollow noopener\">actor en Aqu\u00ed no hay quien viva<\/a>, como Cristina Casta\u00f1o y V\u00edctor Palmero, <strong data-node-id=\"23.3\">han reaccionado a la publicaci\u00f3n, <\/strong>aplaudiendo la buena imagen del int\u00e9rprete y mostrando su apoyo.<\/p>\n<p>Un avance que ilusiona a sus seguidores<\/p>\n<p data-journey-content=\"true\" data-node-id=\"26\" class=\"css-6wxqfj emevuu60\">Jos\u00e9 Luis Gil contin\u00faa trabajando desde hace a\u00f1os para recuperar el habla a trav\u00e9s de terapia, y cada nueva imagen suya se convierte en una peque\u00f1a celebraci\u00f3n para quienes le admiran. Sin grandes titulares ni anuncios, la familia sigue apostando por compartir solo lo esencial: <strong data-node-id=\"26.1\">se\u00f1ales de que el camino, aunque largo, contin\u00faa.<\/strong><\/p>\n<p data-journey-content=\"true\" data-node-id=\"28\" class=\"css-6wxqfj emevuu60\">Y para muchos de sus seguidores, <strong data-node-id=\"28.1\">ver al actor paseando por Madrid al comenzar 2026<\/strong> es, sin duda, la mejor noticia posible.<\/p>\n<p><img src=\"https:\/\/www.europesays.com\/es\/wp-content\/uploads\/2026\/01\/1767690492_903_323095e3-d675-4360-ad79-c3a735f161a1_1681830139.file.png\" alt=\"Headshot of Aroa D\u00edaz\" title=\"Headshot of Aroa D\u00edaz\" width=\"100%\" height=\"100%\" decoding=\"async\" loading=\"lazy\" class=\"css-o0wq4v ev8dhu53\"\/><\/p>\n<p>Aroa D\u00edaz es experta en realities, televisi\u00f3n y actualidad en general. No hay momento del d\u00eda en el que no tenga encendida la televisi\u00f3n conociendo los \u00faltimos desvelos de los famosos, disfrutando de los realities como Supervivientes o de los concursos m\u00e1s rocambolescos. Las \u00faltimas novedades de los famosos del coraz\u00f3n son su perdici\u00f3n y la actualidad de las Casas Reales, su gran pasi\u00f3n. \u00a0\u00a0<\/p>\n<p>En sus ratos libres disfruta de las pel\u00edculas y series de moda, y bucea por los cat\u00e1logos de las plataformas de podcast buscando nuevas entrevistas y charlas de famosos.<\/p>\n<p>Adem\u00e1s, no ha parado de formarse en todos los aspectos convirti\u00e9ndose en una periodista 360: locuci\u00f3n, doblaje, grabaci\u00f3n de v\u00eddeo, periodismo m\u00f3vil, producci\u00f3n de podcast y SEO. Actualmente est\u00e1 form\u00e1ndose en el M\u00e1ster universitario de Periodismo y Comunicaci\u00f3n Digital: Datos y Nuevas Narrativas de la UOC.<\/p>\n<p>Graduada en periodismo por la Universidad Rey Juan Carlos, no ha parado de trabajar desde que obtuvo su t\u00edtulo all\u00e1 por el 2013. Despu\u00e9s de un breve impass en Palma de Mallorca, volvi\u00f3 a Legan\u00e9s donde arranc\u00f3 su experiencia con Legan\u00e9s Activo. En este tiempo he pasado por las redacciones de varios medios recayendo finalmente en Hearst Espa\u00f1a (Telenovela, Qu\u00e9 me dices y Diez Minutos). Tambi\u00e9n tiene experiencia en diferentes radios. \u00a0<\/p>\n","protected":false},"excerpt":{"rendered":"La hija de Jos\u00e9 Luis Gil, Irene, ha vuelto a emocionar a los seguidores del actor al compartir&hellip;\n","protected":false},"author":2,"featured_media":325734,"comment_status":"","ping_status":"","sticky":false,"template":"","format":"standard","meta":{"footnotes":""},"categories":[174],"tags":[255,253,146,147,25,24,256,23],"class_list":{"0":"post-325733","1":"post","2":"type-post","3":"status-publish","4":"format-standard","5":"has-post-thumbnail","7":"category-famosos","8":"tag-celebrities","9":"tag-discover","10":"tag-entertainment","11":"tag-entretenimiento","12":"tag-es","13":"tag-espana","14":"tag-famosos","15":"tag-spain"},"share_on_mastodon":{"url":"https:\/\/pubeurope.com\/@es\/115847371360989204","error":""},"_links":{"self":[{"href":"https:\/\/www.europesays.com\/es\/wp-json\/wp\/v2\/posts\/325733","targetHints":{"allow":["GET"]}}],"collection":[{"href":"https:\/\/www.europesays.com\/es\/wp-json\/wp\/v2\/posts"}],"about":[{"href":"https:\/\/www.europesays.com\/es\/wp-json\/wp\/v2\/types\/post"}],"author":[{"embeddable":true,"href":"https:\/\/www.europesays.com\/es\/wp-json\/wp\/v2\/users\/2"}],"replies":[{"embeddable":true,"href":"https:\/\/www.europesays.com\/es\/wp-json\/wp\/v2\/comments?post=325733"}],"version-history":[{"count":0,"href":"https:\/\/www.europesays.com\/es\/wp-json\/wp\/v2\/posts\/325733\/revisions"}],"wp:featuredmedia":[{"embeddable":true,"href":"https:\/\/www.europesays.com\/es\/wp-json\/wp\/v2\/media\/325734"}],"wp:attachment":[{"href":"https:\/\/www.europesays.com\/es\/wp-json\/wp\/v2\/media?parent=325733"}],"wp:term":[{"taxonomy":"category","embeddable":true,"href":"https:\/\/www.europesays.com\/es\/wp-json\/wp\/v2\/categories?post=325733"},{"taxonomy":"post_tag","embeddable":true,"href":"https:\/\/www.europesays.com\/es\/wp-json\/wp\/v2\/tags?post=325733"}],"curies":[{"name":"wp","href":"https:\/\/api.w.org\/{rel}","templated":true}]}}