{"id":325735,"date":"2026-01-06T09:11:09","date_gmt":"2026-01-06T09:11:09","guid":{"rendered":"https:\/\/www.europesays.com\/es\/325735\/"},"modified":"2026-01-06T09:11:09","modified_gmt":"2026-01-06T09:11:09","slug":"la-revuelta-vuelve-a-la-la-1-tras-el-paron-navideno-esta-es-la-fecha-de-regreso-del-programa-de-david-broncano","status":"publish","type":"post","link":"https:\/\/www.europesays.com\/es\/325735\/","title":{"rendered":"&#8216;La Revuelta&#8217; vuelve a la La 1 tras el par\u00f3n navide\u00f1o: esta es la fecha de regreso del programa de David Broncano"},"content":{"rendered":"<p class=\"v-mdl-ath__p v-mdl-ath__p--6\">\nMartes, 6 de enero 2026, 00:07<\/p>\n<p>| Actualizado 00:29h.<\/p>\n<p class=\"v-p\">Como ya ocurriera en 2024, David Broncano y el equipo de &#8216;La Revuelta&#8217; se han tomado un descanso por Navidades. Pero a diferencia del a\u00f1o pasado, La 1 opt\u00f3 por no emitir reposiciones del programa en su lugar, salv\u00f3 el 30 de diciembre cuando volvi\u00f3 a ofrecer la entrevista de Rosal\u00eda.<\/p>\n<p class=\"v-p\">Tras este par\u00f3n, &#8216;La Revuelta&#8217; ya tiene todo preparado para retomar su emisi\u00f3n en el access prime time de La 1. Ser\u00e1 este mi\u00e9rcoles 7 de enero a las 21:50 horas coincidiendo as\u00ed con <a href=\"https:\/\/www.lasprovincias.es\/culturas\/tv\/cuando-vuelve-hormiguero-pablo-motos-20260102190645-nt.html\" target=\"_blank\" title=\"www.lasprovincias.es\" data-voc-vtm-id=\"in-text-traffic\" data-mrf-link=\"www.lasprovincias.es\" rel=\"nofollow noopener\">el regreso de &#8216;El Hormiguero&#8217;<\/a> a Antena 3 y de &#8216;El Intermedio&#8217; a La Sexta.<\/p>\n<p class=\"v-p\">Mientras que <a href=\"https:\/\/www.lasprovincias.es\/culturas\/tv\/pablo-motos-desvela-dos-veces-arruino-valencia-20260102003742-nt.html\" target=\"_blank\" title=\"www.lasprovincias.es\" data-voc-vtm-id=\"in-text-traffic\" data-mrf-link=\"www.lasprovincias.es\" rel=\"nofollow noopener\">&#8216;El Hormiguero&#8217;<\/a> ha confirmado qui\u00e9nes ser\u00e1n los primeros invitados que visiten el programa este 2026, David Broncano sigue manteniendo en secreto cu\u00e1les ser\u00e1n los primeros entrevistados en 2026.<\/p>\n<p><a href=\"http:\/\/www.lasprovincias.es\/culturas\/tv\/hormiguero-arranca-2026-grande-tres-populares-actrices-20260104001902-nt.html#vtm_modulosEngag=mod-rel:culturas:noticia:1:cmp:1-not\" class=\"v-a-link\" aria-label=\"Imagen\" rel=\"nofollow noopener\" target=\"_blank\"><\/p>\n<p><img decoding=\"async\" loading=\"lazy\" src=\"https:\/\/www.europesays.com\/es\/wp-content\/uploads\/2026\/01\/motos-kOnC--366x256@Las Provincias.jpg\" class=\"v-a-img\" width=\"258\" height=\"180\" alt=\"\" data-voc-vtm-id=\"in-text-traffic\"\/><\/p>\n<p><\/a><\/p>\n<p class=\"v-p\">La cadena p\u00fablica tira de humor para anunciar el fin de las vacaciones de Broncano y lanza una \u00abpregunta tonta\u00bb a su audiencia. \u00abSi un programa llamado &#8216;La Revuelta&#8217; est\u00e1 de vuelta, \u00bftendr\u00eda que llamarse La ReRevuelta?<\/p>\n<p>Reporta un error<\/p>\n","protected":false},"excerpt":{"rendered":"Martes, 6 de enero 2026, 00:07 | Actualizado 00:29h. Como ya ocurriera en 2024, David Broncano y el&hellip;\n","protected":false},"author":2,"featured_media":325736,"comment_status":"","ping_status":"","sticky":false,"template":"","format":"standard","meta":{"footnotes":""},"categories":[171],"tags":[13289,2429,146,147,25,24,1151,61015,10675,2145,2596,528,23,575,214,739],"class_list":{"0":"post-325735","1":"post","2":"type-post","3":"status-publish","4":"format-standard","5":"has-post-thumbnail","7":"category-tv","8":"tag-broncano","9":"tag-david","10":"tag-entertainment","11":"tag-entretenimiento","12":"tag-es","13":"tag-espana","14":"tag-fecha","15":"tag-navideno","16":"tag-paron","17":"tag-programa","18":"tag-regreso","19":"tag-revuelta","20":"tag-spain","21":"tag-tras","22":"tag-tv","23":"tag-vuelve"},"share_on_mastodon":{"url":"https:\/\/pubeurope.com\/@es\/115847383223256035","error":""},"_links":{"self":[{"href":"https:\/\/www.europesays.com\/es\/wp-json\/wp\/v2\/posts\/325735","targetHints":{"allow":["GET"]}}],"collection":[{"href":"https:\/\/www.europesays.com\/es\/wp-json\/wp\/v2\/posts"}],"about":[{"href":"https:\/\/www.europesays.com\/es\/wp-json\/wp\/v2\/types\/post"}],"author":[{"embeddable":true,"href":"https:\/\/www.europesays.com\/es\/wp-json\/wp\/v2\/users\/2"}],"replies":[{"embeddable":true,"href":"https:\/\/www.europesays.com\/es\/wp-json\/wp\/v2\/comments?post=325735"}],"version-history":[{"count":0,"href":"https:\/\/www.europesays.com\/es\/wp-json\/wp\/v2\/posts\/325735\/revisions"}],"wp:featuredmedia":[{"embeddable":true,"href":"https:\/\/www.europesays.com\/es\/wp-json\/wp\/v2\/media\/325736"}],"wp:attachment":[{"href":"https:\/\/www.europesays.com\/es\/wp-json\/wp\/v2\/media?parent=325735"}],"wp:term":[{"taxonomy":"category","embeddable":true,"href":"https:\/\/www.europesays.com\/es\/wp-json\/wp\/v2\/categories?post=325735"},{"taxonomy":"post_tag","embeddable":true,"href":"https:\/\/www.europesays.com\/es\/wp-json\/wp\/v2\/tags?post=325735"}],"curies":[{"name":"wp","href":"https:\/\/api.w.org\/{rel}","templated":true}]}}