{"id":325737,"date":"2026-01-06T09:12:09","date_gmt":"2026-01-06T09:12:09","guid":{"rendered":"https:\/\/www.europesays.com\/es\/325737\/"},"modified":"2026-01-06T09:12:09","modified_gmt":"2026-01-06T09:12:09","slug":"mago-de-oz-actuara-en-la-axerquia-este-2026","status":"publish","type":"post","link":"https:\/\/www.europesays.com\/es\/325737\/","title":{"rendered":"M\u00e4go de Oz actuar\u00e1 en la Axerqu\u00eda este 2026"},"content":{"rendered":"<p class=\"article-text\">\n        Una de las citas imprescindibles de todo 2026 para C\u00f3rdoba y los amantes de la m\u00fasica espa\u00f1ola. Te puede o no gustar el rock, pero lo l\u00f3gico es conocer los grupos m\u00e1s m\u00edticos del \u00e1mbito nacional. Y ah\u00ed entra la emblem\u00e1tica banda M\u00e4go de Oz, que aterrizar\u00e1 en el Teatro de la Axerqu\u00eda en la capital cordobesa el pr\u00f3ximo 15 de mayo.\n    <\/p>\n<p class=\"article-text\">\n        La agrupaci\u00f3n, fundada en 1988 y con m\u00e1s de 35 a\u00f1os de trayectoria, regresa a la ciudad para presentar su m\u00e1s reciente trabajo discogr\u00e1fico, titulado Malicia, la noche de las brujas. Esta gira, denominado La Noche de las Brujas Tour 2026, busca no solo celebrar el legado de la banda como referente para varias generaciones, sino tambi\u00e9n mostrar su renovada propuesta musical que combina elementos celtas y letras po\u00e9ticas con su inconfundible estilo visual.\n    <\/p>\n<p class=\"article-text\">\n        El concierto, promovido por Malvaloca Project, S.L. en colaboraci\u00f3n con el Instituto Municipal de Artes Esc\u00e9nicas (IMAE) del Ayuntamiento de C\u00f3rdoba, tendr\u00e1 un precio de entre 25 y 45 euros, aunque, por el momento, las localidades no est\u00e1n disponibles.\n    <\/p>\n","protected":false},"excerpt":{"rendered":"Una de las citas imprescindibles de todo 2026 para C\u00f3rdoba y los amantes de la m\u00fasica espa\u00f1ola. Te&hellip;\n","protected":false},"author":2,"featured_media":325738,"comment_status":"","ping_status":"","sticky":false,"template":"","format":"standard","meta":{"footnotes":""},"categories":[170],"tags":[3076,32364,75426,2760,146,147,25,24,3304,1684,184,185,813,12932,1273,23,739],"class_list":{"0":"post-325737","1":"post","2":"type-post","3":"status-publish","4":"format-standard","5":"has-post-thumbnail","7":"category-musica","8":"tag-3076","9":"tag-actuara","10":"tag-axerquia","11":"tag-cordoba","12":"tag-entertainment","13":"tag-entretenimiento","14":"tag-es","15":"tag-espana","16":"tag-mago","17":"tag-mejor","18":"tag-music","19":"tag-musica","20":"tag-nacional","21":"tag-oz","22":"tag-rock","23":"tag-spain","24":"tag-vuelve"},"share_on_mastodon":{"url":"https:\/\/pubeurope.com\/@es\/115847387171299111","error":""},"_links":{"self":[{"href":"https:\/\/www.europesays.com\/es\/wp-json\/wp\/v2\/posts\/325737","targetHints":{"allow":["GET"]}}],"collection":[{"href":"https:\/\/www.europesays.com\/es\/wp-json\/wp\/v2\/posts"}],"about":[{"href":"https:\/\/www.europesays.com\/es\/wp-json\/wp\/v2\/types\/post"}],"author":[{"embeddable":true,"href":"https:\/\/www.europesays.com\/es\/wp-json\/wp\/v2\/users\/2"}],"replies":[{"embeddable":true,"href":"https:\/\/www.europesays.com\/es\/wp-json\/wp\/v2\/comments?post=325737"}],"version-history":[{"count":0,"href":"https:\/\/www.europesays.com\/es\/wp-json\/wp\/v2\/posts\/325737\/revisions"}],"wp:featuredmedia":[{"embeddable":true,"href":"https:\/\/www.europesays.com\/es\/wp-json\/wp\/v2\/media\/325738"}],"wp:attachment":[{"href":"https:\/\/www.europesays.com\/es\/wp-json\/wp\/v2\/media?parent=325737"}],"wp:term":[{"taxonomy":"category","embeddable":true,"href":"https:\/\/www.europesays.com\/es\/wp-json\/wp\/v2\/categories?post=325737"},{"taxonomy":"post_tag","embeddable":true,"href":"https:\/\/www.europesays.com\/es\/wp-json\/wp\/v2\/tags?post=325737"}],"curies":[{"name":"wp","href":"https:\/\/api.w.org\/{rel}","templated":true}]}}