{"id":325753,"date":"2026-01-06T09:20:12","date_gmt":"2026-01-06T09:20:12","guid":{"rendered":"https:\/\/www.europesays.com\/es\/325753\/"},"modified":"2026-01-06T09:20:12","modified_gmt":"2026-01-06T09:20:12","slug":"todo-un-regalo-de-fantasia-ilusion-y-sorpresas-hace-brillar-en-valdemorillo-la-noche-mas-magica","status":"publish","type":"post","link":"https:\/\/www.europesays.com\/es\/325753\/","title":{"rendered":"Todo un regalo de fantas\u00eda, ilusi\u00f3n y sorpresas hace brillar en Valdemorillo la noche m\u00e1s m\u00e1gica"},"content":{"rendered":"<p>Los Reyes Magos han atra\u00eddo todas las miradas, entre inocentes y curiosas, a su paso este 5 de enero por el centro urbano, coronando, acompa\u00f1ados por sus pajes, las tres espectaculares carrozas que han presidido una Cabalgata que ha contado tambi\u00e9n con pasacalles y bailarines, toques circenses, simp\u00e1ticos personajes y muchos otros atractivos, despertando el asombro de los peques y la emoci\u00f3n de sus familias.<\/p>\n<p>Esta vez, la novedad lleg\u00f3 incluso en forma de tren para hacer viajar a\u00fan m\u00e1s los sue\u00f1os y el entusiasmo propios de una tarde tan especial. En suma, mucha alegr\u00eda en las calles desde que partiera la comitiva de la Plaza de Toros de La Candelaria, logrando relegar el fr\u00edo y dar protagonismo a la gran afluencia de p\u00fablico, dejando tras de s\u00ed este esperado y multicolor desfile una amplia estela de sensaciones.\u00a0<\/p>\n<p>A su vistosidad y \u00e9xito contribuy\u00f3 tambi\u00e9n, como destaca el alcalde, \u201cla colaboraci\u00f3n de las asociaciones, pe\u00f1as y vecinos con sus originales carrozas y su esfuerzo\u201d. Santiago Villena agradece a todos ellos, as\u00ed como al personal de la concejal\u00eda de Juventud, dem\u00e1s \u00e1reas municipales y servicios de limpieza y mantenimiento \u201cel haber hecho posible que vivamos esta gran noche de Reyes\u201d.<\/p>\n<p>Y aplauso tambi\u00e9n del regidor a los m\u00e1s de 15 j\u00f3venes apuntados como voluntarios y al dispositivo de Polic\u00eda Local y Protecci\u00f3n Civil, \u201cque tanto han velado en todo momento por la seguridad de todos\u201d.\u00a0<\/p>\n<p>La tradicional recepci\u00f3n en el Auditorio, con Gaspar, Melchor y Baltasar escuchando los deseos de los m\u00e1s peque\u00f1os, puso el mejor el broche a la velada que tantas im\u00e1genes ha regalado en esta Cabalgata de Reyes 2026<\/p>\n","protected":false},"excerpt":{"rendered":"Los Reyes Magos han atra\u00eddo todas las miradas, entre inocentes y curiosas, a su paso este 5 de&hellip;\n","protected":false},"author":2,"featured_media":325754,"comment_status":"","ping_status":"","sticky":false,"template":"","format":"standard","meta":{"footnotes":""},"categories":[8],"tags":[17,18,25,24,13,14,11,19,20,9,10,15,16,23,12,21,22],"class_list":{"0":"post-325753","1":"post","2":"type-post","3":"status-publish","4":"format-standard","5":"has-post-thumbnail","7":"category-espana","8":"tag-breaking-news","9":"tag-breakingnews","10":"tag-es","11":"tag-espana","12":"tag-featured-news","13":"tag-featurednews","14":"tag-headlines","15":"tag-latest-news","16":"tag-latestnews","17":"tag-news","18":"tag-noticias","19":"tag-noticias-destacadas","20":"tag-noticiasdestacadas","21":"tag-spain","22":"tag-titulares","23":"tag-ultimas-noticias","24":"tag-ultimasnoticias"},"share_on_mastodon":{"url":"https:\/\/pubeurope.com\/@es\/115847418605035265","error":""},"_links":{"self":[{"href":"https:\/\/www.europesays.com\/es\/wp-json\/wp\/v2\/posts\/325753","targetHints":{"allow":["GET"]}}],"collection":[{"href":"https:\/\/www.europesays.com\/es\/wp-json\/wp\/v2\/posts"}],"about":[{"href":"https:\/\/www.europesays.com\/es\/wp-json\/wp\/v2\/types\/post"}],"author":[{"embeddable":true,"href":"https:\/\/www.europesays.com\/es\/wp-json\/wp\/v2\/users\/2"}],"replies":[{"embeddable":true,"href":"https:\/\/www.europesays.com\/es\/wp-json\/wp\/v2\/comments?post=325753"}],"version-history":[{"count":0,"href":"https:\/\/www.europesays.com\/es\/wp-json\/wp\/v2\/posts\/325753\/revisions"}],"wp:featuredmedia":[{"embeddable":true,"href":"https:\/\/www.europesays.com\/es\/wp-json\/wp\/v2\/media\/325754"}],"wp:attachment":[{"href":"https:\/\/www.europesays.com\/es\/wp-json\/wp\/v2\/media?parent=325753"}],"wp:term":[{"taxonomy":"category","embeddable":true,"href":"https:\/\/www.europesays.com\/es\/wp-json\/wp\/v2\/categories?post=325753"},{"taxonomy":"post_tag","embeddable":true,"href":"https:\/\/www.europesays.com\/es\/wp-json\/wp\/v2\/tags?post=325753"}],"curies":[{"name":"wp","href":"https:\/\/api.w.org\/{rel}","templated":true}]}}