{"id":325755,"date":"2026-01-06T09:21:46","date_gmt":"2026-01-06T09:21:46","guid":{"rendered":"https:\/\/www.europesays.com\/es\/325755\/"},"modified":"2026-01-06T09:21:46","modified_gmt":"2026-01-06T09:21:46","slug":"el-ministro-aleman-de-exteriores-afirma-que-la-otan-defendera-groenlandia-contra-cualquier-amenaza","status":"publish","type":"post","link":"https:\/\/www.europesays.com\/es\/325755\/","title":{"rendered":"El ministro alem\u00e1n de Exteriores afirma que la OTAN defender\u00e1 Groenlandia contra \u00abcualquier amenaza\u00bb"},"content":{"rendered":"<p>                <img decoding=\"async\" class=\"lazy\" loading=\"lazy\" data-src=\"https:\/\/static.eldiario.es\/clip\/a90943b5-c655-48c4-b404-ec2c9f63b927_16-9-aspect-ratio_default_0_x781y235.jpg\" src=\"data:image\/svg+xml,%3Csvg xmlns=\" http:=\"\" viewbox=\"0 0 16 9\" alt=\"El ministro de Asuntos Exteriores alem\u00e1n, Johann David Wadephul en una foto de archivo el 26 de mayo de 2025.\"\/><\/p>\n<p class=\"article-text\">\n        El ministro de Asuntos Exteriores de Alemania, Johann Wadephul, declar\u00f3 este lunes en Vilna, capital de Lituania, que Groenlandia forma parte de Dinamarca y ser\u00e1 defendida contra cualquier amenaza por la OTAN, despu\u00e9s de que el presidente estadounidense, Donald Trump, reiterase su inter\u00e9s por el control del territorio aut\u00f3nomo dan\u00e9s.\n    <\/p>\n<p class=\"article-text\">\n        \u201cS\u00f3lo puedo decir que Groenlandia es como las Islas Feroe, parte del Reino de Dinamarca. Y dado que Dinamarca pertenece a la OTAN, Groenlandia tambi\u00e9n tendr\u00e1 que ser defendida por la OTAN\u201d, dijo Wadephul en una rueda de prensa junto a su hom\u00f3logo lituano, K\u0119stutis Budrys.\n    <\/p>\n<p class=\"article-text\">\n        \u201cSi se plantean m\u00e1s requisitos para reforzar los esfuerzos de defensa en relaci\u00f3n con Groenlandia, tendremos que debatirlo en el marco de la alianza\u201d, abund\u00f3 el jefe de la diplomacia germana, que se encontraba por primera vez en Vilna como ministro. Por su parte Budrys reiter\u00f3 que su pa\u00eds apoya y se solidariza con Dinamarca, pa\u00eds que calific\u00f3 de aliado \u201cmuy valioso\u201d.\n    <\/p>\n<p class=\"article-text\">\n        Con informaci\u00f3n de <strong>EFE<\/strong>\n    <\/p>\n","protected":false},"excerpt":{"rendered":"El ministro de Asuntos Exteriores de Alemania, Johann Wadephul, declar\u00f3 este lunes en Vilna, capital de Lituania, que&hellip;\n","protected":false},"author":2,"featured_media":325756,"comment_status":"","ping_status":"","sticky":false,"template":"","format":"standard","meta":{"footnotes":""},"categories":[5],"tags":[1422,17,18,2125,115,25,24,13,14,11,1458,19,20,9,10,15,16,23,12,1885,21,22,1192],"class_list":{"0":"post-325755","1":"post","2":"type-post","3":"status-publish","4":"format-standard","5":"has-post-thumbnail","7":"category-titulares","8":"tag-ataque","9":"tag-breaking-news","10":"tag-breakingnews","11":"tag-directo","12":"tag-eeuu","13":"tag-es","14":"tag-espana","15":"tag-featured-news","16":"tag-featurednews","17":"tag-headlines","18":"tag-hora","19":"tag-latest-news","20":"tag-latestnews","21":"tag-news","22":"tag-noticias","23":"tag-noticias-destacadas","24":"tag-noticiasdestacadas","25":"tag-spain","26":"tag-titulares","27":"tag-ultima","28":"tag-ultimas-noticias","29":"tag-ultimasnoticias","30":"tag-venezuela"},"share_on_mastodon":{"url":"https:\/\/pubeurope.com\/@es\/115847422436787229","error":""},"_links":{"self":[{"href":"https:\/\/www.europesays.com\/es\/wp-json\/wp\/v2\/posts\/325755","targetHints":{"allow":["GET"]}}],"collection":[{"href":"https:\/\/www.europesays.com\/es\/wp-json\/wp\/v2\/posts"}],"about":[{"href":"https:\/\/www.europesays.com\/es\/wp-json\/wp\/v2\/types\/post"}],"author":[{"embeddable":true,"href":"https:\/\/www.europesays.com\/es\/wp-json\/wp\/v2\/users\/2"}],"replies":[{"embeddable":true,"href":"https:\/\/www.europesays.com\/es\/wp-json\/wp\/v2\/comments?post=325755"}],"version-history":[{"count":0,"href":"https:\/\/www.europesays.com\/es\/wp-json\/wp\/v2\/posts\/325755\/revisions"}],"wp:featuredmedia":[{"embeddable":true,"href":"https:\/\/www.europesays.com\/es\/wp-json\/wp\/v2\/media\/325756"}],"wp:attachment":[{"href":"https:\/\/www.europesays.com\/es\/wp-json\/wp\/v2\/media?parent=325755"}],"wp:term":[{"taxonomy":"category","embeddable":true,"href":"https:\/\/www.europesays.com\/es\/wp-json\/wp\/v2\/categories?post=325755"},{"taxonomy":"post_tag","embeddable":true,"href":"https:\/\/www.europesays.com\/es\/wp-json\/wp\/v2\/tags?post=325755"}],"curies":[{"name":"wp","href":"https:\/\/api.w.org\/{rel}","templated":true}]}}