{"id":325761,"date":"2026-01-06T09:29:11","date_gmt":"2026-01-06T09:29:11","guid":{"rendered":"https:\/\/www.europesays.com\/es\/325761\/"},"modified":"2026-01-06T09:29:11","modified_gmt":"2026-01-06T09:29:11","slug":"el-proceso-de-rubit-y-audige","status":"publish","type":"post","link":"https:\/\/www.europesays.com\/es\/325761\/","title":{"rendered":"El proceso de Rubit y Audige"},"content":{"rendered":"<p>Rubit y Audige ya han cumplido su primer mes en su nueva clase, a la que llegaron para tratar de paliar algunos problemas que fueron  &#8230; surgiendo con el transcurso de la temporada, de distintas \u00edndoles. Desde la lesi\u00f3n de uno de los hombres fuertes del vestuario, en la cancha y tambi\u00e9n fuera de ella, Kravish, hasta el rendimiento y la adaptaci\u00f3n fallida de una de las apuestas estivales de la direcci\u00f3n deportiva, Xavier Casta\u00f1eda. Ha sido la primera vez en casi tres a\u00f1os que el Unicaja ha tenido que modificar y dar un giro en la planificaci\u00f3n con la campa\u00f1a ya en marcha: desde el fichaje de Sima para paliar la lesi\u00f3n de larga duraci\u00f3n de Lima, all\u00e1 por la 2022-23. La pasada temporada, de hecho, fue el \u00fanico equipo de la ACB que empez\u00f3 y termin\u00f3 con los mismos jugadores.<\/p>\n<p class=\"v-p\">Los dos nuevos chicos contin\u00faan con su proceso de adaptaci\u00f3n con total naturalidad y ya han combinado momentos de aterrizaje con actuaciones de calidad, cada uno a su manera y acorde a sus roles. Varios son los factores que explican el proceso de uno y otro: desde un grupo lleno de particularidades, en el que los minutos se reparten de una forma equitativa (y at\u00edpica, comparado con otros vestuarios), hasta momentos vitales y deportivos diferentes. Rubit es, como se dice, un &#8216;veterano de guerra&#8217;, con una dilatada experiencia en Europa, y esa madurez se ha reflejado en la pista casi desde su d\u00eda uno. Audige, por su lado, afronta en el Unicaja su tercera aventura europea casi en tiempo r\u00e9cord, y ya ha demostrado de lo que es capaz pese a que se ha mostrado m\u00e1s irregular que el &#8216;cinco&#8217;.<\/p>\n<p class=\"v-p\">Es posible que, al menos sobre el papel, lo tuviera m\u00e1s complicado Rubit, por contexto y necesidad. Con un \u00fanico &#8216;cinco&#8217; puro sano en la plantilla ha tenido que aprenderse uno de los papeles m\u00e1s dif\u00edciles de la plantilla: el de David Kravish, un p\u00edvot con unas caracter\u00edsticas muy especiales. En la Liga Endesa ha jugado cinco partidos (se perdi\u00f3 el primero por una bronquitis) , promediando 11:52 minutos, 7,8 puntos, 2,4 rebotes y 7,4 cr\u00e9ditos de valoraci\u00f3n. En t\u00e9rminos estad\u00edsticos y de lo medible, los dos \u00faltimos, ante el Joventut y el Breog\u00e1n, han sido sus mejores actuaciones como cajista, con 10 y 11 puntos, respectivamente, y 12 y 8 cr\u00e9ditos de valoraci\u00f3n. Se nota, en la seriedad con la que juega, su experiencia en el viejo continente. Fiable.<\/p>\n<p class=\"v-p\">Algo m\u00e1s de protagonismo ha tenido Audige, que alcanz\u00f3 ante el Joventut, hace una semana, su mejor nivel como cajista, al menos hasta la fecha. Meti\u00f3 11 puntos, captur\u00f3 dos rebotes y reparti\u00f3 dos asistencias, pero lo que explic\u00f3 su partidazo no fueron las estad\u00edsticas: cuaj\u00f3 un s\u00f3lido partido en defensa y demostr\u00f3 que ya sabe qu\u00e9 es lo que Ibon Navarro quiere de \u00e9l. Ante el Breog\u00e1n se salvaron pocos, y \u00e9l no estuvo entre ellos, aunque a\u00fan tiene la excusa del aterrizaje.<\/p>\n","protected":false},"excerpt":{"rendered":"Rubit y Audige ya han cumplido su primer mes en su nueva clase, a la que llegaron para&hellip;\n","protected":false},"author":2,"featured_media":325762,"comment_status":"","ping_status":"","sticky":false,"template":"","format":"standard","meta":{"footnotes":""},"categories":[269],"tags":[64983,299,298,168,25,24,8626,61240,23,167],"class_list":{"0":"post-325761","1":"post","2":"type-post","3":"status-publish","4":"format-standard","5":"has-post-thumbnail","7":"category-baloncesto","8":"tag-audige","9":"tag-baloncesto","10":"tag-basketball","11":"tag-deportes","12":"tag-es","13":"tag-espana","14":"tag-proceso","15":"tag-rubit","16":"tag-spain","17":"tag-sports"},"share_on_mastodon":{"url":"https:\/\/pubeurope.com\/@es\/115847454033147599","error":""},"_links":{"self":[{"href":"https:\/\/www.europesays.com\/es\/wp-json\/wp\/v2\/posts\/325761","targetHints":{"allow":["GET"]}}],"collection":[{"href":"https:\/\/www.europesays.com\/es\/wp-json\/wp\/v2\/posts"}],"about":[{"href":"https:\/\/www.europesays.com\/es\/wp-json\/wp\/v2\/types\/post"}],"author":[{"embeddable":true,"href":"https:\/\/www.europesays.com\/es\/wp-json\/wp\/v2\/users\/2"}],"replies":[{"embeddable":true,"href":"https:\/\/www.europesays.com\/es\/wp-json\/wp\/v2\/comments?post=325761"}],"version-history":[{"count":0,"href":"https:\/\/www.europesays.com\/es\/wp-json\/wp\/v2\/posts\/325761\/revisions"}],"wp:featuredmedia":[{"embeddable":true,"href":"https:\/\/www.europesays.com\/es\/wp-json\/wp\/v2\/media\/325762"}],"wp:attachment":[{"href":"https:\/\/www.europesays.com\/es\/wp-json\/wp\/v2\/media?parent=325761"}],"wp:term":[{"taxonomy":"category","embeddable":true,"href":"https:\/\/www.europesays.com\/es\/wp-json\/wp\/v2\/categories?post=325761"},{"taxonomy":"post_tag","embeddable":true,"href":"https:\/\/www.europesays.com\/es\/wp-json\/wp\/v2\/tags?post=325761"}],"curies":[{"name":"wp","href":"https:\/\/api.w.org\/{rel}","templated":true}]}}