{"id":325767,"date":"2026-01-06T09:34:10","date_gmt":"2026-01-06T09:34:10","guid":{"rendered":"https:\/\/www.europesays.com\/es\/325767\/"},"modified":"2026-01-06T09:34:10","modified_gmt":"2026-01-06T09:34:10","slug":"tras-una-ruptura-hay-que-pasar-el-duelo-y-recuperar-las-ganas-de-enamorarse","status":"publish","type":"post","link":"https:\/\/www.europesays.com\/es\/325767\/","title":{"rendered":"Tras una ruptura, hay que pasar el duelo y recuperar las ganas de enamorarse"},"content":{"rendered":"<p class=\"c-paragraph\">\u00ab\u00bfNo se ha quedado una noche perfecta para encontrar el amor?\u00bb, comenz\u00f3 diciendo <b>Natalia Melero, la nueva voz en off de\u00a0<\/b><a href=\"https:\/\/www.20minutos.es\/tags\/instituciones-empresas\/first-dates.html\" title=\"First dates\" rel=\"nofollow noopener\" target=\"_blank\"><b>First Dates<\/b><\/a>,\u00a0en la primera entrega del programa en 2026.<\/p>\n<p class=\"c-paragraph\">\u00abSe dice que <b>cuando uno sufre una ruptura, es como si viviera una p\u00e9rdida<\/b>, tiene que pasar el duelo y, aunque el final se ve lejano, todo pasa\u00bb, comenz\u00f3 diciendo la guionista.<\/p>\n<p class=\"c-paragraph\">\u00abAs\u00ed que hay gente que recupera las ganas y quiere <b>darse otra oportunidad para enamorarse y ser feliz<\/b>\u00ab, afirm\u00f3 Melero antes de presentar a los comensales del primer d\u00eda de enero.<\/p>\n<p class=\"c-paragraph\">Y es que una ruptura sentimental es una p\u00e9rdida profunda que desencadena <b>un duelo similar al de la muerte de un ser querido<\/b>, implicando fases de dolor, negaci\u00f3n y adaptaci\u00f3n.<\/p>\n<p class=\"c-paragraph\">Aunque parezca interminable, <b>es un proceso necesario donde se pierde una parte de la vida construida<\/b>, pero se atraviesa hacia una nueva etapa, validando que el dolor es real y que, con el tiempo, &#8216;todo pasa&#8217; para sanar y reajustarse.<\/p>\n<p class=\"c-paragraph\">En resumen, <b>es un camino doloroso de cambio, pero fundamental para crecer<\/b>, y la sensaci\u00f3n de que &#8216;todo pasa&#8217; es la verdad subyacente a este proceso de p\u00e9rdida y renovaci\u00f3n.<\/p>\n","protected":false},"excerpt":{"rendered":"\u00ab\u00bfNo se ha quedado una noche perfecta para encontrar el amor?\u00bb, comenz\u00f3 diciendo Natalia Melero, la nueva voz&hellip;\n","protected":false},"author":2,"featured_media":325768,"comment_status":"","ping_status":"","sticky":false,"template":"","format":"standard","meta":{"footnotes":""},"categories":[171],"tags":[3076,1576,2721,146,147,25,24,2720,2078,23,214],"class_list":{"0":"post-325767","1":"post","2":"type-post","3":"status-publish","4":"format-standard","5":"has-post-thumbnail","7":"category-tv","8":"tag-3076","9":"tag-consejo","10":"tag-dates","11":"tag-entertainment","12":"tag-entretenimiento","13":"tag-es","14":"tag-espana","15":"tag-first","16":"tag-para","17":"tag-spain","18":"tag-tv"},"share_on_mastodon":{"url":"https:\/\/pubeurope.com\/@es\/115847473656122894","error":""},"_links":{"self":[{"href":"https:\/\/www.europesays.com\/es\/wp-json\/wp\/v2\/posts\/325767","targetHints":{"allow":["GET"]}}],"collection":[{"href":"https:\/\/www.europesays.com\/es\/wp-json\/wp\/v2\/posts"}],"about":[{"href":"https:\/\/www.europesays.com\/es\/wp-json\/wp\/v2\/types\/post"}],"author":[{"embeddable":true,"href":"https:\/\/www.europesays.com\/es\/wp-json\/wp\/v2\/users\/2"}],"replies":[{"embeddable":true,"href":"https:\/\/www.europesays.com\/es\/wp-json\/wp\/v2\/comments?post=325767"}],"version-history":[{"count":0,"href":"https:\/\/www.europesays.com\/es\/wp-json\/wp\/v2\/posts\/325767\/revisions"}],"wp:featuredmedia":[{"embeddable":true,"href":"https:\/\/www.europesays.com\/es\/wp-json\/wp\/v2\/media\/325768"}],"wp:attachment":[{"href":"https:\/\/www.europesays.com\/es\/wp-json\/wp\/v2\/media?parent=325767"}],"wp:term":[{"taxonomy":"category","embeddable":true,"href":"https:\/\/www.europesays.com\/es\/wp-json\/wp\/v2\/categories?post=325767"},{"taxonomy":"post_tag","embeddable":true,"href":"https:\/\/www.europesays.com\/es\/wp-json\/wp\/v2\/tags?post=325767"}],"curies":[{"name":"wp","href":"https:\/\/api.w.org\/{rel}","templated":true}]}}