{"id":325781,"date":"2026-01-06T09:42:07","date_gmt":"2026-01-06T09:42:07","guid":{"rendered":"https:\/\/www.europesays.com\/es\/325781\/"},"modified":"2026-01-06T09:42:07","modified_gmt":"2026-01-06T09:42:07","slug":"mas-alla-de-los-reyes-magos-en-espana-la-tradicion-italiana-del-6-de-enero","status":"publish","type":"post","link":"https:\/\/www.europesays.com\/es\/325781\/","title":{"rendered":"M\u00e1s all\u00e1 de los Reyes Magos en Espa\u00f1a: la tradici\u00f3n italiana del 6 de enero"},"content":{"rendered":"<p>El <strong>6 de enero<\/strong> se celebra la <strong>Epifan\u00eda<\/strong>, una festividad religiosa que, como ocurre con frecuencia, ha desarrollado con el paso del tiempo una vertiente profana propia. As\u00ed como al nacimiento de Jes\u00fas, celebrado el 25 de diciembre, se incorpor\u00f3 m\u00e1s tarde la figura de Pap\u00e1 Noel, en el caso de la fiesta lit\u00fargica de comienzos de enero la cultura popular italiana dio lugar a un personaje singular: <strong>la Befana<\/strong>, una anciana capaz de volar en una escoba.<\/p>\n<p>De la religi\u00f3n a los ritos profanos<\/p>\n<p>La festividad est\u00e1 vinculada a la <strong>teofan\u00eda<\/strong>, t\u00e9rmino que procede del griego theoph\u00e0neia y que se compone de theos (&#8216;Dios&#8217;) y ph\u00e0inein (&#8216;manifestar&#8217;). Se trata, por tanto, de la manifestaci\u00f3n de la divinidad. Otro concepto de significado similar es <strong>Epifan\u00eda<\/strong>, del griego epiphaneia, que significa &#8216;aparici\u00f3n&#8217;.<\/p>\n<p>Este concepto es com\u00fan a muchas religiones. En el cristianismo occidental, como recuerda el Vaticano, el 6 de enero conmemora <a href=\"https:\/\/es.euronews.com\/video\/2026\/01\/06\/miles-celebran-la-cabalgata-de-reyes-2026-de-madrid\" rel=\"nofollow noopener\" target=\"_blank\"><strong>la visita de los Reyes Magos a Jes\u00fas reci\u00e9n nacido<\/strong><\/a>. Es, por tanto, \u00abel momento en que el Se\u00f1or se &#8216;manifiesta&#8217; a los paganos, y con ellos al mundo entero\u00bb. En las iglesias orientales, en cambio, esta solemnidad subraya la \u00abmanifestaci\u00f3n\u00bb de la Trinidad durante el bautismo de Jes\u00fas en el Jord\u00e1n.<\/p>\n<p>La \u00abmanifestaci\u00f3n\u00bb de la divinidad en el catolicismo<\/p>\n<p>Adem\u00e1s, prosigue el portal informativo de la Santa Sede, \u00abcon la Epifan\u00eda se cumple la profec\u00eda de Isa\u00edas, que la liturgia ha elegido como primera lectura: &#8216;Lev\u00e1ntate y rev\u00edstete de luz, porque llega tu luz&#8217;. Como si dijera: no te cierres, no te deprimas, no permanezcas prisionero de tus convicciones, no te desmoralices, reacciona, \u00a1mira hacia arriba! Como los Magos, <strong>mira &#8216;las estrellas&#8217; y encontrar\u00e1s &#8216;la estrella\u2019 de Jes\u00fas'\u00bb<\/strong>. <\/p>\n<p>De ah\u00ed surge tambi\u00e9n la leyenda de la <strong>estrella cometa<\/strong> que los Magos siguieron para llegar al lugar donde naci\u00f3 Jes\u00fas, <a href=\"https:\/\/es.euronews.com\/2026\/01\/05\/la-cabalga-de-los-reyes-magos-bajo-el-frio-invernal\" rel=\"nofollow noopener\" target=\"_blank\">a quien ofrecieron oro, incienso y mirra<\/a>. En realidad, sus figuras solo aparecen en el Evangelio de Mateo, modificado en varias ocasiones a lo largo de los siglos, que no precisa ni sus nombres (Melchor, Baltasar y Gaspar) ni que fueran exactamente tres.<\/p>\n<p>Todos estos detalles fueron a\u00f1adidos posteriormente por la tradici\u00f3n cristiana. El <strong>origen m\u00e1s antiguo de los Reyes Magos<\/strong>, sin embargo, los describe como \u00absacerdotes de la antigua religi\u00f3n persa, a los que las tradiciones griegas tard\u00edas atribu\u00edan dotes de astr\u00f3logos, adivinos y hechiceros\u00bb, seg\u00fan recoge la enciclopedia Treccani.<\/p>\n<p>Esta narraci\u00f3n ha inspirado numerosas representaciones art\u00edsticas a lo largo de los siglos, entre las que destaca el c\u00e9lebre fresco de <strong>Giotto<\/strong> en la capilla Scrovegni de Padua.<\/p>\n<p>Convencionalmente, la Epifan\u00eda se considera una especie de <strong>ep\u00edlogo de la Navidad<\/strong> y de <a href=\"https:\/\/es.euronews.com\/2026\/01\/01\/asi-fue-celebrado-el-ano-nuevo-en-todo-el-mundo-con-la-esperanza-de-alcanzar-la-paz-en-202\" rel=\"nofollow noopener\" target=\"_blank\">las celebraciones de fin de a\u00f1o<\/a>, y marca el cierre del periodo navide\u00f1o. En Espa\u00f1a e Italia, de hecho, las vacaciones escolares concluyen tradicionalmente el 6 de enero, a diferencia de otros pa\u00edses europeos donde las clases se reanudan antes y la Epifan\u00eda no es festivo. De ah\u00ed el dicho popular extendido por toda la pen\u00ednsula: \u00abLa Epifan\u00eda se lleva todas las vacaciones\u00bb. <\/p>\n<p>El t\u00e9rmino <strong>Befana<\/strong> deriva precisamente de Epifan\u00eda, deformado con el tiempo en el habla popular hasta convertirse en befan\u00eca. La tradici\u00f3n describe a una anciana de aspecto desali\u00f1ado que, en la noche del 5 al 6 de enero, vuela de casa en casa sobre su escoba y reparte regalos y dulces a los ni\u00f1os, guardados en calcetines.<\/p>\n<p>El v\u00ednculo entre lo sagrado y lo profano<\/p>\n<p>Existe, adem\u00e1s, una leyenda que une ambos mundos. Seg\u00fan algunos relatos, la Befana <strong>se cruz\u00f3 con los Reyes Magos durante su viaje<\/strong> y estos le pidieron indicaciones, invit\u00e1ndola a acompa\u00f1arlos. La anciana se habr\u00eda negado inicialmente, pero despu\u00e9s, arrepentida, comenz\u00f3 a buscar al Ni\u00f1o Jes\u00fas visitando todos los hogares y ofreciendo obsequios a cada ni\u00f1o que encontraba.<\/p>\n<p>No obstante, la figura de la mujer \u00abque llega de noche con los zapatos rotos\u00bb hunde sus ra\u00edces sobre todo en tradiciones campesinas ligadas a <strong>ritos propiciatorios<\/strong>. En pleno invierno, estas ceremonias buscaban asegurar una buena cosecha en el a\u00f1o que acababa de comenzar.<\/p>\n<p>En la actualidad, la fiesta se celebra en Italia de m\u00faltiples formas: con celebraciones populares, hogueras y, por supuesto, regalos para los ni\u00f1os. Son habituales las fiestas en las calles, entre las que destacan las de <strong>la plaza Navona de Roma<\/strong>. En gran parte de Europa, en cambio, la Epifan\u00eda se asocia sobre todo a la gastronom\u00eda, especialmente a la elaboraci\u00f3n de dulces tradicionales, como la &#8216;<strong>galette des rois&#8217;<\/strong> en Francia.<\/p>\n<p>A diferencia de Espa\u00f1a, donde el D\u00eda de Reyes sigue siendo el centro de la celebraci\u00f3n infantil, en Italia la Epifan\u00eda <strong>combina lo sagrado y lo popular<\/strong> a trav\u00e9s de la figura de la Befana, que sigue ocupando un lugar destacado en el imaginario colectivo.<\/p>\n","protected":false},"excerpt":{"rendered":"El 6 de enero se celebra la Epifan\u00eda, una festividad religiosa que, como ocurre con frecuencia, ha desarrollado&hellip;\n","protected":false},"author":2,"featured_media":325782,"comment_status":"","ping_status":"","sticky":false,"template":"","format":"standard","meta":{"footnotes":""},"categories":[42],"tags":[17,18,13,14,41292,11,61,62,63,64,628,19,20,2951,9,10,15,16,12,21,22,65,66,67],"class_list":{"0":"post-325781","1":"post","2":"type-post","3":"status-publish","4":"format-standard","5":"has-post-thumbnail","7":"category-internacional","8":"tag-breaking-news","9":"tag-breakingnews","10":"tag-featured-news","11":"tag-featurednews","12":"tag-fiestas-tradicionales","13":"tag-headlines","14":"tag-internacional","15":"tag-international","16":"tag-international-news","17":"tag-internationalnews","18":"tag-italia","19":"tag-latest-news","20":"tag-latestnews","21":"tag-navidad","22":"tag-news","23":"tag-noticias","24":"tag-noticias-destacadas","25":"tag-noticiasdestacadas","26":"tag-titulares","27":"tag-ultimas-noticias","28":"tag-ultimasnoticias","29":"tag-world","30":"tag-world-news","31":"tag-worldnews"},"share_on_mastodon":{"url":"https:\/\/pubeurope.com\/@es\/115847505168708377","error":""},"_links":{"self":[{"href":"https:\/\/www.europesays.com\/es\/wp-json\/wp\/v2\/posts\/325781","targetHints":{"allow":["GET"]}}],"collection":[{"href":"https:\/\/www.europesays.com\/es\/wp-json\/wp\/v2\/posts"}],"about":[{"href":"https:\/\/www.europesays.com\/es\/wp-json\/wp\/v2\/types\/post"}],"author":[{"embeddable":true,"href":"https:\/\/www.europesays.com\/es\/wp-json\/wp\/v2\/users\/2"}],"replies":[{"embeddable":true,"href":"https:\/\/www.europesays.com\/es\/wp-json\/wp\/v2\/comments?post=325781"}],"version-history":[{"count":0,"href":"https:\/\/www.europesays.com\/es\/wp-json\/wp\/v2\/posts\/325781\/revisions"}],"wp:featuredmedia":[{"embeddable":true,"href":"https:\/\/www.europesays.com\/es\/wp-json\/wp\/v2\/media\/325782"}],"wp:attachment":[{"href":"https:\/\/www.europesays.com\/es\/wp-json\/wp\/v2\/media?parent=325781"}],"wp:term":[{"taxonomy":"category","embeddable":true,"href":"https:\/\/www.europesays.com\/es\/wp-json\/wp\/v2\/categories?post=325781"},{"taxonomy":"post_tag","embeddable":true,"href":"https:\/\/www.europesays.com\/es\/wp-json\/wp\/v2\/tags?post=325781"}],"curies":[{"name":"wp","href":"https:\/\/api.w.org\/{rel}","templated":true}]}}