{"id":325783,"date":"2026-01-06T09:43:12","date_gmt":"2026-01-06T09:43:12","guid":{"rendered":"https:\/\/www.europesays.com\/es\/325783\/"},"modified":"2026-01-06T09:43:12","modified_gmt":"2026-01-06T09:43:12","slug":"pedro-sanchez-buscar-liderar-la-oposicion-a-trump-en-latinoamerica-y-la-union-europea-la-voz-de-galicia","status":"publish","type":"post","link":"https:\/\/www.europesays.com\/es\/325783\/","title":{"rendered":"Pedro S\u00e1nchez buscar liderar la oposici\u00f3n a Trump en Latinoam\u00e9rica y la Uni\u00f3n Europea &#8211; La Voz de Galicia"},"content":{"rendered":"<ol>\n<li><a href=\"https:\/\/news.google.com\/rss\/articles\/CBMi9gFBVV95cUxOM2J5cU5wV05XQ2E4QmRmakwyb2poYi1lSnRKWWJDZ194S0RnUkN6Yll3emxtR0RLT2JFVUM5TEJMX0dHSEVKeVJqSWU2VWFJZk1xUXJWa0ZocE9QdndHLWdKSk1ENU83LVdEUFpCVDFJSlhwV2NGRDF1alFvVl9oQy1WVnBPbjZoV00zVGtRanFBdTdMUW5SX0VvV0ZISS1WYVM2WFdCeG04WF9PNGRQbkgwMTVNYXZaVWp4NVFma0FIS2lTd1RTZ0tIdFk3ZHItODhQZmlrRklpd0t1c2RTT1FJeWJWUVVzV0xSN21MRXlpTVZjb3fSAZICQVVfeXFMTVVXYjU4RllSd3ZsRi1fTGhLNW5XSUNIX05INTZDWndZR2ZFbUYyeTNxYUdUSEstWGVsc2d1UnJWQUFmdHNkVEpiX3FaVEJIU0VmbWduUXF6eGxxeFRjdWlCd0Q0UzRhOFkyNE5DMDhzQl94QVkzNFNQZm92N3ZINVR2dUNUaDc4UTcyc29KNTdKNEVhcDRZQklnR2toNXpaWXUwaGVsbjZJZHpDZlpreWwwTUEtRVB4QkZoN1dKVTl3aHN3MG1HcnhWQUk3N1ltVnh2SlowRUtTV3lETUJJWHBIWUh4Y1lKdFpUOS0xQm1leEN1Z005QnJjbUl1MVRwamFHdVBUbFQ2cXhoWXkycVB0QQ?oc=5\" target=\"_blank\" rel=\"nofollow noopener\">Pedro S\u00e1nchez buscar liderar la oposici\u00f3n a Trump en Latinoam\u00e9rica y la Uni\u00f3n Europea<\/a>&nbsp;&nbsp;La Voz de Galicia<\/li>\n<li><a href=\"https:\/\/news.google.com\/rss\/articles\/CBMiuAFBVV95cUxNRmUtSHRpS3pQZzd2YnN5cUpFUTY3WWpRcFJhVTdxUExKMExsVnNjYzRDbjRBVUFRNHlwMmpKbnBNZHVKR21nam8weGNlSVJNT2dqYWlEQ1B3a1BoLVFQdW1fX0hsem41Umtldzl1SDI5RjRfY2NtS1pIM2xXOWdZbjYycGZHVExiT3lxemRLcC1DazhjQUd1U3ZrS19QMHBtdk8xOHZ1MHA1alBaXzhzaGZNRmNHVGhR?oc=5\" target=\"_blank\" rel=\"nofollow noopener\">La agresi\u00f3n a Venezuela lleva a Espa\u00f1a a un nuevo choque con Trump frente a la tibieza de la UE<\/a>&nbsp;&nbsp;elDiario.es<\/li>\n<li><a href=\"https:\/\/news.google.com\/rss\/articles\/CBMizAFBVV95cUxOMEVqRk9TcThKZlRQS0VaTlJwVXJRdkwxYUhzRWlabUVaNlNCb0NEcTlGVkhXOUMwdnpMQ0s3QjN6TkdUb0FCTEJ0ZUlXYk56TXdIdGxscUhucHBoVmpaZ1VuVnFiaGtqMXc1cmZ0dGc0V2lsMV9OUHc3ay15SmdMWTE3WjlGNjFMT2ZMb0tVWWY1SzMzaEVBS3lZeXlFdTJtZGl0aEFIckhzNnN0MFJsTGZTZnZ1THpRMDVYdDh1WnNMMm9xNTBDSmV3UDU?oc=5\" target=\"_blank\" rel=\"nofollow noopener\">Espa\u00f1a lleva al Consejo de Seguridad de la ONU su rechazo a la intervenci\u00f3n de Trump en Venezuela<\/a>&nbsp;&nbsp;EL PA\u00cdS<\/li>\n<li><a href=\"https:\/\/news.google.com\/rss\/articles\/CBMixwFBVV95cUxQaXY2RDQ5U0NMX0dNb3NycFFGZTZhYTJ5RlVoWkNoZEhaRXBuLXZxV1EzcjJ3eFFlOHgzbk9WaTk2eHNMRkZCa3J0SE81YXRqRUZfRjRFQzFCYlVyU2dIZExUSkNQZmxENFI5WUE4ZDhvZ0JJRzFuQ2doQkRWRG1xUGhTY0NEZzRnZnVuRkxlNm5JUldvQ2hpNDlrbThCSTZQbkJrU2hhVnFTcXdZYUlCRloxMGt6MGw2ZDV5a05YQ2xKOU5FeDhR0gHMAUFVX3lxTE1YNTBQcWlXdnJ2T2REcHUyeDNLT2FXSlkwR3V6UmxtMmRHY3NNbDdRLTR3aV90bWV3eUFZbGJTSGpPWkRVbmN1S3lvNFpYajZZMTFSSWo5NS1MMFpKY3ZKeDVpdVpPaHVXejBTV21hc1RTUTFZQkJKWXE3dFJoUFNSRHZaUS13NzhZbWg4aUxLNlUwWW9NeDRGbnZfTkp2VXlrT2s5UlFPNDJlRFAxcHNVMnp4dWVIa0tIQXlTblhSbXNMVG1aT2tDbWR2bg?oc=5\" target=\"_blank\" rel=\"nofollow noopener\">El Gobierno se desmarca de la UE al endurecer el tono contra Trump pero los partidos a su izquierda lo ven insuficiente<\/a>&nbsp;&nbsp;Diario P\u00fablico<\/li>\n<li><a href=\"https:\/\/news.google.com\/rss\/articles\/CBMie0FVX3lxTE1yWjhzalVfenZzU1VMTkp3c256QVhXZEFIS00zMnhJMmdqTHlFaWE5RWJBVHdrVl9oWkotRWl5TnE3cFNnSWlyVmdGSzB4NlFGdVdqa1AwSFNHZVdDNk1ncU01MmYxZlJESk56bzBlU3ZWZWhqSHZGeUtfMA?oc=5\" target=\"_blank\" rel=\"nofollow noopener\">La UE defiende una transici\u00f3n pac\u00edfica en Venezuela<\/a>&nbsp;&nbsp;RTVE.es<\/li>\n<\/ol>\n","protected":false},"excerpt":{"rendered":"Pedro S\u00e1nchez buscar liderar la oposici\u00f3n a Trump en Latinoam\u00e9rica y la Uni\u00f3n Europea&nbsp;&nbsp;La Voz de Galicia La&hellip;\n","protected":false},"author":2,"featured_media":325784,"comment_status":"","ping_status":"","sticky":false,"template":"","format":"standard","meta":{"footnotes":""},"categories":[8],"tags":[17,18,4331,25,24,13,14,11,19,20,9,10,15,16,2959,23,12,21,22,1192],"class_list":{"0":"post-325783","1":"post","2":"type-post","3":"status-publish","4":"format-standard","5":"has-post-thumbnail","7":"category-espana","8":"tag-breaking-news","9":"tag-breakingnews","10":"tag-ee-uu","11":"tag-es","12":"tag-espana","13":"tag-featured-news","14":"tag-featurednews","15":"tag-headlines","16":"tag-latest-news","17":"tag-latestnews","18":"tag-news","19":"tag-noticias","20":"tag-noticias-destacadas","21":"tag-noticiasdestacadas","22":"tag-pedro-sanchez","23":"tag-spain","24":"tag-titulares","25":"tag-ultimas-noticias","26":"tag-ultimasnoticias","27":"tag-venezuela"},"share_on_mastodon":{"url":"https:\/\/pubeurope.com\/@es\/115847509041935909","error":""},"_links":{"self":[{"href":"https:\/\/www.europesays.com\/es\/wp-json\/wp\/v2\/posts\/325783","targetHints":{"allow":["GET"]}}],"collection":[{"href":"https:\/\/www.europesays.com\/es\/wp-json\/wp\/v2\/posts"}],"about":[{"href":"https:\/\/www.europesays.com\/es\/wp-json\/wp\/v2\/types\/post"}],"author":[{"embeddable":true,"href":"https:\/\/www.europesays.com\/es\/wp-json\/wp\/v2\/users\/2"}],"replies":[{"embeddable":true,"href":"https:\/\/www.europesays.com\/es\/wp-json\/wp\/v2\/comments?post=325783"}],"version-history":[{"count":0,"href":"https:\/\/www.europesays.com\/es\/wp-json\/wp\/v2\/posts\/325783\/revisions"}],"wp:featuredmedia":[{"embeddable":true,"href":"https:\/\/www.europesays.com\/es\/wp-json\/wp\/v2\/media\/325784"}],"wp:attachment":[{"href":"https:\/\/www.europesays.com\/es\/wp-json\/wp\/v2\/media?parent=325783"}],"wp:term":[{"taxonomy":"category","embeddable":true,"href":"https:\/\/www.europesays.com\/es\/wp-json\/wp\/v2\/categories?post=325783"},{"taxonomy":"post_tag","embeddable":true,"href":"https:\/\/www.europesays.com\/es\/wp-json\/wp\/v2\/tags?post=325783"}],"curies":[{"name":"wp","href":"https:\/\/api.w.org\/{rel}","templated":true}]}}