{"id":325793,"date":"2026-01-06T09:54:10","date_gmt":"2026-01-06T09:54:10","guid":{"rendered":"https:\/\/www.europesays.com\/es\/325793\/"},"modified":"2026-01-06T09:54:10","modified_gmt":"2026-01-06T09:54:10","slug":"ya-tenemos-al-padre-del-ano","status":"publish","type":"post","link":"https:\/\/www.europesays.com\/es\/325793\/","title":{"rendered":"Ya tenemos al padre del a\u00f1o"},"content":{"rendered":"<p><img loading=\"lazy\" decoding=\"async\" src=\"https:\/\/www.europesays.com\/es\/wp-content\/uploads\/2025\/12\/100x100_informalia-logo.jpg\" itemtype=\"\/\/schema.org\/ImageObject\" itemprop=\"url\" alt=\"Informalia\" width=\"64\" height=\"64\" pinger-seen=\"true\"\/><\/p>\n<p>La influencer y su marido han comenzado el 2026 de la mejor manera posible: <a href=\"https:\/\/www.eleconomista.es\/informalia\/famosos\/noticias\/13713462\/01\/26\/maria-pombo-es-la-persona-mas-feliz-del-planeta-anuncia-el-nacimiento-de-mariana-su-tercera-hija-junto-a-pablo-castellano.html\" rel=\"nofollow noopener\" target=\"_blank\">dando la bienvenida a su tercera hija<\/a>. <b>Mar\u00eda Pombo<\/b> y <b>Pablo Castellano<\/b> presentaron a la peque\u00f1a <b>Mariana<\/b> a las puertas del hospital el domingo 4, tras recibir el alta por parte de los m\u00e9dicos: \u00abEstamos muy felices, ha sido un parto so\u00f1ado\u00bb, dec\u00eda madre a los medios de comunicaci\u00f3n. Poco despu\u00e9s, ella misma mostraba a sus seguidores a trav\u00e9s de un peque\u00f1o v\u00eddeo c\u00f3mo fue ese primer trayecto a casa de la ni\u00f1a y los haters repararon en un detalle que despert\u00f3 una avalancha de cr\u00edticas: \u00abYa tenemos al padre del a\u00f1o\u00bb. <\/p>\n<p>Mar\u00eda graba a su peque\u00f1a tranquilamente dormida en su sillita de seguridad mientras su marido conduce el veh\u00edculo y en el v\u00eddeo se refleja la velocidad a la que iba el ingeniero: 140 kil\u00f3metros por hora, una marca que supera el l\u00edmite permitido por la ley. Muchos internautas han se\u00f1alado la irresponsabilidad de infringir las normas de tr\u00e1fico, especialmente con un beb\u00e9 reci\u00e9n nacido a bordo. \u00ab142 el animal. Nadie piensa en los ni\u00f1os\u00bb, dice uno. \u00abLa multa se la paga BMW, hab\u00eda que sacar el logo a pesar de ir por encima de lo permitido\u00bb, a\u00f1ade otro. \u00abY encima lo graba\u00bb, apuntan. <\/p>\n<p>Otros, sin embargo, defienden a la pareja, argumentando que el coche, de alta gama, cuenta con todas las garant\u00edas de seguridad y que esa velocidad no es excesiva para una autopista. \u00abEl d\u00eda que alguno se entere que en Alemania no hay limite y la tasa de accidentes es incluso menor, colapsa\u00bb, dicen. \u00abUy s\u00ed, a 140 por una autov\u00eda con un coche de alta gama con lo \u00faltimo en seguridad. \u00bfC\u00f3mo se puede estar tan locoooo?\u00bb. <\/p>\n<p>WhatsApp<a href=\"https:\/\/api.whatsapp.com\/send?text=https:\/\/www.eleconomista.es\/informalia\/famosos\/noticias\/13715458\/01\/26\/feroces-criticas-contra-maria-pombo-y-pablo-castellano-tras-el-nacimiento-de-su-tercera-hija-ya-tenemos-al-padre-del-ano.html?utm_source%3Dwhatsapp%26utm_medium%3Dshare_button&amp;id=1648118629957_whatsapp\" target=\"_blank\" data-action=\"share\/whatsapp\/share\" aria-label=\"Compartir en Whatsapp\" rel=\"nofollow noopener\"><\/a>Facebook<a id=\"fb-share\" href=\"#\" target=\"_blank\" rel=\"noopener noreferrer\" aria-label=\"Compartir en Facebook\"><\/a>Twitter<a href=\"https:\/\/twitter.com\/share?text=Feroces+cr%C3%ADticas+contra+Mar%C3%ADa+Pombo+y+Pablo+Castellano+tras+el+nacimiento+de+su+tercera+hija%3A+%22Ya+tenemos+al+padre+del+a%C3%B1o%22&amp;url=https:\/\/www.eleconomista.es\/informalia\/famosos\/noticias\/13715458\/01\/26\/feroces-criticas-contra-maria-pombo-y-pablo-castellano-tras-el-nacimiento-de-su-tercera-hija-ya-tenemos-al-padre-del-ano.html&amp;via=Informalia&amp;id=1648118839245_twitter\" target=\"_blank\" aria-label=\"Compartir en Twitter\" rel=\"nofollow noopener\"><\/a>Linkedin<a onclick=\"return abrirLinkedin();\" href=\"https:\/\/www.linkedin.com\/shareArticle?text=Feroces+cr%C3%ADticas+contra+Mar%C3%ADa+Pombo+y+Pablo+Castellano+tras+el+nacimiento+de+su+tercera+hija%3A+%22Ya+tenemos+al+padre+del+a%C3%B1o%22&amp;url=https:\/\/www.eleconomista.es\/informalia\/famosos\/noticias\/13715458\/01\/26\/feroces-criticas-contra-maria-pombo-y-pablo-castellano-tras-el-nacimiento-de-su-tercera-hija-ya-tenemos-al-padre-del-ano.html&amp;mini=true\" target=\"_blank\" aria-label=\"Compartir en linkedin\" rel=\"nofollow noopener\"><\/a>Beloud<a href=\"https:\/\/beloud.com\/share?text=Feroces+cr%C3%ADticas+contra+Mar%C3%ADa+Pombo+y+Pablo+Castellano+tras+el+nacimiento+de+su+tercera+hija%3A+%22Ya+tenemos+al+padre+del+a%C3%B1o%22&amp;url=https:\/\/www.eleconomista.es\/informalia\/famosos\/noticias\/13715458\/01\/26\/feroces-criticas-contra-maria-pombo-y-pablo-castellano-tras-el-nacimiento-de-su-tercera-hija-ya-tenemos-al-padre-del-ano.html&amp;via=Informalia&amp;id=1648118839245_beloud\" target=\"_blank\" aria-label=\"Compartir en beloud\" rel=\"nofollow noopener\"><\/a>Bluesky<a href=\"https:\/\/bsky.app\/intent\/compose?text=https:\/\/bsky.app\/intent\/compose?text=https:\/\/www.eleconomista.es\/informalia\/famosos\/noticias\/13715458\/01\/26\/feroces-criticas-contra-maria-pombo-y-pablo-castellano-tras-el-nacimiento-de-su-tercera-hija-ya-tenemos-al-padre-del-ano.html&amp;url=https:\/\/www.eleconomista.es\/informalia\/famosos\/noticias\/13715458\/01\/26\/feroces-criticas-contra-maria-pombo-y-pablo-castellano-tras-el-nacimiento-de-su-tercera-hija-ya-tenemos-al-padre-del-ano.html&amp;via=elEconomistaes&amp;id=1648118839245_bluesky\" target=\"_blank\" aria-label=\"Compartir en bluesky\" rel=\"nofollow noopener\"><\/a><\/p>\n<p><script async src=\"https:\/\/platform.twitter.com\/widgets.js\" charset=\"utf-8\"><\/script><\/p>\n","protected":false},"excerpt":{"rendered":"La influencer y su marido han comenzado el 2026 de la mejor manera posible: dando la bienvenida a&hellip;\n","protected":false},"author":2,"featured_media":325794,"comment_status":"","ping_status":"","sticky":false,"template":"","format":"standard","meta":{"footnotes":""},"categories":[174],"tags":[255,146,147,25,24,256,260,23],"class_list":{"0":"post-325793","1":"post","2":"type-post","3":"status-publish","4":"format-standard","5":"has-post-thumbnail","7":"category-famosos","8":"tag-celebrities","9":"tag-entertainment","10":"tag-entretenimiento","11":"tag-es","12":"tag-espana","13":"tag-famosos","14":"tag-gente","15":"tag-spain"},"share_on_mastodon":{"url":"https:\/\/pubeurope.com\/@es\/115847552385932367","error":""},"_links":{"self":[{"href":"https:\/\/www.europesays.com\/es\/wp-json\/wp\/v2\/posts\/325793","targetHints":{"allow":["GET"]}}],"collection":[{"href":"https:\/\/www.europesays.com\/es\/wp-json\/wp\/v2\/posts"}],"about":[{"href":"https:\/\/www.europesays.com\/es\/wp-json\/wp\/v2\/types\/post"}],"author":[{"embeddable":true,"href":"https:\/\/www.europesays.com\/es\/wp-json\/wp\/v2\/users\/2"}],"replies":[{"embeddable":true,"href":"https:\/\/www.europesays.com\/es\/wp-json\/wp\/v2\/comments?post=325793"}],"version-history":[{"count":0,"href":"https:\/\/www.europesays.com\/es\/wp-json\/wp\/v2\/posts\/325793\/revisions"}],"wp:featuredmedia":[{"embeddable":true,"href":"https:\/\/www.europesays.com\/es\/wp-json\/wp\/v2\/media\/325794"}],"wp:attachment":[{"href":"https:\/\/www.europesays.com\/es\/wp-json\/wp\/v2\/media?parent=325793"}],"wp:term":[{"taxonomy":"category","embeddable":true,"href":"https:\/\/www.europesays.com\/es\/wp-json\/wp\/v2\/categories?post=325793"},{"taxonomy":"post_tag","embeddable":true,"href":"https:\/\/www.europesays.com\/es\/wp-json\/wp\/v2\/tags?post=325793"}],"curies":[{"name":"wp","href":"https:\/\/api.w.org\/{rel}","templated":true}]}}