{"id":325811,"date":"2026-01-06T10:04:09","date_gmt":"2026-01-06T10:04:09","guid":{"rendered":"https:\/\/www.europesays.com\/es\/325811\/"},"modified":"2026-01-06T10:04:09","modified_gmt":"2026-01-06T10:04:09","slug":"toyota-mostrara-un-misterioso-deportivo-de-motor-central-en-el-salon-de-tokio","status":"publish","type":"post","link":"https:\/\/www.europesays.com\/es\/325811\/","title":{"rendered":"Toyota mostrar\u00e1 un misterioso deportivo de motor central en el Sal\u00f3n de Tokio"},"content":{"rendered":"<p data-journey-content=\"true\" data-node-id=\"3\" class=\"css-6wxqfj emevuu60\">A pesar de dejar, hace unos a\u00f1os ya, la silla del CEO de Toyota en buenas manos, <strong data-node-id=\"3.1\">Akio Toyoda contin\u00faa d\u00e1ndolo todo por su negocio familiar<\/strong> desde su posici\u00f3n de &#8216;chairman&#8217; o, lo que viene a ser parecido, de &#8216;presidente honor\u00edfico&#8217;, que le permite seguir al tanto de los planes y novedades dentro del gigante japon\u00e9s.<\/p>\n<p data-journey-content=\"true\" data-node-id=\"6\" class=\"css-6wxqfj emevuu60\">De ah\u00ed que, aunque siga escondi\u00e9ndose a ratos bajo su seud\u00f3nimo carrerista &#8216;Morizo&#8217;, cualquier conversaci\u00f3n que mantenga con otro miembro de Toyota vale oro. Como, por ejemplo, la que se le ha &#8216;escapado&#8217; <strong data-node-id=\"6.1\">de cara al pr\u00f3ximo Sal\u00f3n de Tokio donde ahora sabemos que, al menos, expondr\u00e1n un deportivo biplaza con motor trasero central<\/strong>. Puede ser cualquier cosa pero algunos ya empiezan a so\u00f1ar, no sin cierta raz\u00f3n, con la venida definitiva del \u00faltimo icono deportivo de la marca que queda por resucitar: el MR2.<\/p>\n<p>Una conversaci\u00f3n con la discreci\u00f3n justa<\/p>\n<p data-journey-content=\"true\" data-node-id=\"9\" class=\"body-text css-6wxqfj emevuu60\">La conversaci\u00f3n que tanto mencionamos aparece en <strong data-node-id=\"9.1\">una reciente publicaci\u00f3n de la cuenta oficial de Toyota Gazoo Racing en X<\/strong>. Si no te ha aparecido en tu &#8216;feed&#8217;, puede que sea porque esta cuenta es <a href=\"https:\/\/x.com\/TOYOTA_GR\/status\/2007255596496453951\" target=\"_blank\" rel=\"nofollow\" data-vars-ga-outbound-link=\"https:\/\/x.com\/TOYOTA_GR\/status\/2007255596496453951\" data-vars-ga-ux-element=\"Hyperlink\" data-vars-ga-call-to-action=\"la central de la divisi\u00f3n deportiva de Toyota\" data-node-id=\"9.3\" class=\"body-link css-168zq96 emevuu60\">la central de la divisi\u00f3n deportiva de Toyota<\/a> y, por tanto, todas sus publicaciones son <strong data-node-id=\"9.5\">en japon\u00e9s<\/strong>.<\/p>\n<p data-journey-content=\"true\" data-node-id=\"14\" class=\"css-6wxqfj emevuu60\">As\u00ed pues, si no dominas la lengua de Tsunetomo Yamamoto, <strong data-node-id=\"14.1\">la grabaci\u00f3n en off de Toyoda y el supuesto empleado de la marca<\/strong> va a parecerte una de esas escenas postcr\u00e9ditos del anime. Pero, gracias a la ayuda traductora de <a href=\"https:\/\/www.carscoops.com\/2026\/01\/akio-toyoda-teased-a-mid-engined-two-seater-and-mr2-rumors-are-flying\/\" target=\"_blank\" rel=\"nofollow noopener\" data-vars-ga-outbound-link=\"https:\/\/www.carscoops.com\/2026\/01\/akio-toyoda-teased-a-mid-engined-two-seater-and-mr2-rumors-are-flying\/\" data-vars-ga-ux-element=\"Hyperlink\" data-vars-ga-call-to-action=\"los chicos de Carscoops\" data-node-id=\"14.3\" class=\"body-link css-168zq96 emevuu60\">los chicos de Carscoops<\/a>, sabemos que &#8216;Morizo-san&#8217; tiene un nuevo coche que \u00e9l describe como \u00abun biplaza de motor central\u00bb, y aunque le parece que \u00abest\u00e1 bien como est\u00e1\u00bb, querr\u00eda hacer con \u00e9l \u00abalgo m\u00e1s, s\u00ed\u00bb.<\/p>\n<p data-journey-content=\"true\" data-node-id=\"16\" class=\"css-6wxqfj emevuu60\">El resultado quieren tenerlo listo para el Sal\u00f3n de  Tokio, donde parece claro que lo expondr\u00e1n al p\u00fablico. \u00bfQue ser\u00e1? Habr\u00e1 que esperar para verlo pero, <strong data-node-id=\"16.1\">por las escasas pistas que aporta este di\u00e1logo grabado, deber\u00eda estar muy relacionado con el MR2<\/strong>, ya que en la historia de Toyota no existe otro coche deportivo con esa configuraci\u00f3n de motor central trasero.<\/p>\n<blockquote data-theme-key=\"pullquote\" class=\"css-1eiql25 e1pe3zr91\">\n<blockquote class=\"css-fetnbk e1pe3zr90\"><p>\u00bfUn sucesor espiritual del MR2 o un simple restomod con gracia? Akio Toyoda nos deja con la duda<\/p><\/blockquote>\n<\/blockquote>\n<p data-journey-content=\"true\" data-node-id=\"19\" class=\"css-6wxqfj emevuu60\">A partir de aqu\u00ed, surgen dos hip\u00f3tesis. Empezando por la m\u00e1s optimista, <strong data-node-id=\"19.1\">podr\u00eda tratarse por fin de ese nuevo MR2 que Toyota llevar\u00eda varios a\u00f1os desarrollando a puerta cerrada<\/strong>, y cuyo esbozo m\u00e1s p\u00fablico seguir\u00eda siendo <a href=\"https:\/\/www.caranddriver.com\/es\/pruebas-coches\/a46094321\/toyota-ft-se-contacto\/\" target=\"_blank\" data-vars-ga-outbound-link=\"https:\/\/www.caranddriver.com\/es\/pruebas-coches\/a46094321\/toyota-ft-se-contacto\/\" data-vars-ga-ux-element=\"Hyperlink\" data-vars-ga-call-to-action=\"el FT-Se que pudimos ver de cerca\" data-node-id=\"19.3\" class=\"body-link css-168zq96 emevuu60\" rel=\"nofollow noopener\">el FT-Se que pudimos ver de cerca<\/a> en el Kenshiki Forum de 2023.<\/p>\n<p><img draggable=\"true\" alt=\"toyota ftse kenshiki forum 2023\" title=\"Toyota FT-Se Kenshiki Forum 2023\" loading=\"lazy\" width=\"2422\" height=\"1747\" decoding=\"async\" data-nimg=\"1\" style=\"color:transparent;width:100%;height:auto;\"   src=\"https:\/\/www.europesays.com\/es\/wp-content\/uploads\/2026\/01\/kenshiki-forum-plenary1-6577a8bdc4491.jpg\" class=\"css-0 e1g79fud0\"\/><a target=\"_blank\" rel=\"noopener nofollow\" data-theme-key=\"base-link\" href=\"https:\/\/pinterest.com\/pin\/create\/button\/?url=https:\/\/www.caranddriver.com\/es\/coches\/novedades\/a69918308\/toyota-deportivo-motor-central-salon-de-tokio\/&amp;description=&amp;media=https:\/\/hips.hearstapps.com\/hmg-prod\/images\/kenshiki-forum-plenary1-6577a8bdc4491.jpg?resize=1600:*\" class=\"pinterest css-on9hn5 e1c1bym14\"><img decoding=\"async\" data-dynamic-svg=\"true\" src=\"https:\/\/www.caranddriver.com\/_assets\/design-tokens\/fre\/static\/icons\/social\/pinterest.e8cf655.svg?primary=%2523ffffff\" loading=\"lazy\" data-testid=\"dynamic-svg-base\" height=\"auto\" width=\"auto\" alt=\"pinterest\" class=\"css-4lml0h e1mlxuuw1\"\/><\/a><\/p>\n<p>Toyota\/\/Car and Driver<\/p>\n<p data-journey-content=\"true\" data-node-id=\"22\" class=\"css-6wxqfj emevuu60\">Sin embargo, la segunda opci\u00f3n nos parece la m\u00e1s plausible, teniendo en cuenta que Akio Toyoda est\u00e1 hablando de un coche comprado por \u00e9l: <strong data-node-id=\"22.1\">un posible MR2 restomod con alg\u00fan detalle para captar la atenci\u00f3n de los m\u00e1s &#8216;petrolhead&#8217;<\/strong>. Tampoco ser\u00eda la primera vez, pues ya lo hizo en su d\u00eda con dos ejemplares de <a href=\"https:\/\/www.caranddriver.com\/es\/coches\/novedades\/a42518165\/toyota-ae86-electrico-hidrogeno-concept\/\" target=\"_blank\" data-vars-ga-outbound-link=\"https:\/\/www.caranddriver.com\/es\/coches\/novedades\/a42518165\/toyota-ae86-electrico-hidrogeno-concept\/\" data-vars-ga-ux-element=\"Hyperlink\" data-vars-ga-call-to-action=\"los c\u00e9lebres Corolla Levin y Sprinter Trueno\" data-node-id=\"22.3\" class=\"body-link css-168zq96 emevuu60\" rel=\"nofollow noopener\">los c\u00e9lebres Corolla Levin y Sprinter Trueno<\/a> de la generaci\u00f3n AE86.<\/p>\n<p><img decoding=\"async\" data-dynamic-svg=\"true\" src=\"https:\/\/www.caranddriver.com\/_assets\/design-tokens\/caranddriver\/static\/images\/logos\/lettermark.ac32a54.svg?primary=%2523000\" loading=\"lazy\" data-testid=\"dynamic-svg-base\" height=\"100\" width=\"100\" alt=\"Lettermark\" class=\"css-7mevzh ev8dhu50\"\/><\/p>\n<p>Especializado entusiasta en motor, competici\u00f3n, historia y t\u00e9cnica del autom\u00f3vil. Eterno aprendiz, tambi\u00e9n, en el novedoso sector de la movilidad sostenible. Licenciado en Periodismo con varios a\u00f1os de experiencia en esto de hablar sobre las cuatro ruedas.<\/p>\n","protected":false},"excerpt":{"rendered":"A pesar de dejar, hace unos a\u00f1os ya, la silla del CEO de Toyota en buenas manos, Akio&hellip;\n","protected":false},"author":2,"featured_media":325812,"comment_status":"","ping_status":"","sticky":false,"template":"","format":"standard","meta":{"footnotes":""},"categories":[80],"tags":[82,253,95,94,25,24,23],"class_list":{"0":"post-325811","1":"post","2":"type-post","3":"status-publish","4":"format-standard","5":"has-post-thumbnail","7":"category-economia","8":"tag-business","9":"tag-discover","10":"tag-economia","11":"tag-economy","12":"tag-es","13":"tag-espana","14":"tag-spain"},"share_on_mastodon":{"url":"https:\/\/pubeurope.com\/@es\/115847592111499361","error":""},"_links":{"self":[{"href":"https:\/\/www.europesays.com\/es\/wp-json\/wp\/v2\/posts\/325811","targetHints":{"allow":["GET"]}}],"collection":[{"href":"https:\/\/www.europesays.com\/es\/wp-json\/wp\/v2\/posts"}],"about":[{"href":"https:\/\/www.europesays.com\/es\/wp-json\/wp\/v2\/types\/post"}],"author":[{"embeddable":true,"href":"https:\/\/www.europesays.com\/es\/wp-json\/wp\/v2\/users\/2"}],"replies":[{"embeddable":true,"href":"https:\/\/www.europesays.com\/es\/wp-json\/wp\/v2\/comments?post=325811"}],"version-history":[{"count":0,"href":"https:\/\/www.europesays.com\/es\/wp-json\/wp\/v2\/posts\/325811\/revisions"}],"wp:featuredmedia":[{"embeddable":true,"href":"https:\/\/www.europesays.com\/es\/wp-json\/wp\/v2\/media\/325812"}],"wp:attachment":[{"href":"https:\/\/www.europesays.com\/es\/wp-json\/wp\/v2\/media?parent=325811"}],"wp:term":[{"taxonomy":"category","embeddable":true,"href":"https:\/\/www.europesays.com\/es\/wp-json\/wp\/v2\/categories?post=325811"},{"taxonomy":"post_tag","embeddable":true,"href":"https:\/\/www.europesays.com\/es\/wp-json\/wp\/v2\/tags?post=325811"}],"curies":[{"name":"wp","href":"https:\/\/api.w.org\/{rel}","templated":true}]}}