{"id":325842,"date":"2026-01-06T10:29:45","date_gmt":"2026-01-06T10:29:45","guid":{"rendered":"https:\/\/www.europesays.com\/es\/325842\/"},"modified":"2026-01-06T10:29:45","modified_gmt":"2026-01-06T10:29:45","slug":"los-reyes-magos-llegan-a-barcelona-con-referencias-al-tour-de-francia-y-al-grand-depart-2026","status":"publish","type":"post","link":"https:\/\/www.europesays.com\/es\/325842\/","title":{"rendered":"Los Reyes Magos llegan a Barcelona con referencias al Tour de Francia y al Grand D\u00e9part 2026"},"content":{"rendered":"<p data-start=\"162\" data-end=\"471\">Barcelona volvi\u00f3 a vivir este 5 de enero una de las citas m\u00e1s emblem\u00e1ticas de su calendario festivo. Miles de familias llenaron aceras, avenidas y plazas para seguir la Cabalgata de Reyes, una edici\u00f3n marcada por la innovaci\u00f3n art\u00edstica, la potencia visual y un mensaje que proyecta la ciudad hacia el futuro.<\/p>\n<p data-start=\"473\" data-end=\"740\">Melchor, Gaspar y Baltasar recorrieron el trazado habitual con la participaci\u00f3n de m\u00e1s de 1.300 personas, encabezadas por los pajes Gregori, Estel y Omar, y reforzadas por los pajes carteros, que repartieron hasta seis toneladas de caramelos a lo largo del recorrido.<\/p>\n<p data-start=\"742\" data-end=\"1090\">Una de las principales novedades de este a\u00f1o fue la incorporaci\u00f3n de una carroza inspirada en los sue\u00f1os de los ni\u00f1os, que integr\u00f3 de manera simb\u00f3lica el sue\u00f1o colectivo del Grand D\u00e9part del Tour de Francia 2026. Bajo el lema \u00abBarcelona y el Tour, un buen t\u00e1ndem\u00bb, la Cabalgata hizo, por primera vez, una referencia expl\u00edcita a un evento de ciudad.<\/p>\n<p data-start=\"1092\" data-end=\"1603\">Esta carroza, integrada en el s\u00e9quito del rey Gaspar y concebida por el escen\u00f3grafo Ram\u00f3n de los Heros, incorpor\u00f3 el circo como nueva disciplina art\u00edstica, con camas gigantes, acrobacias y una atm\u00f3sfera on\u00edrica que invitaba a los ni\u00f1os a adentrarse en el mundo del descanso y la imaginaci\u00f3n. En este paisaje de ensue\u00f1o, una coreograf\u00eda de bicicletas simboliz\u00f3 la conexi\u00f3n entre Barcelona y el Tour de Francia, acompa\u00f1ada de nuevas composiciones musicales de Bernardo Roja creadas especialmente para esta escena.<\/p>\n<p data-start=\"1605\" data-end=\"2010\">La bicicleta tambi\u00e9n fue la protagonista de la carroza de Correos Reales. Como novedad, los pajes carteros estrenaron cinco bicicletas y buzones obra de los artistas y artesanos de la ciudad Carles Berga y Jordi Sala. La nueva estructura fue concebida para ser dirigida por dos personas, una detr\u00e1s y otra delante a diferentes alturas, e incorpor\u00f3 cuatro ruedas, luces y un buz\u00f3n creado por Jos\u00e9 Menchero.<\/p>\n<p data-start=\"2012\" data-end=\"2208\">De este modo, la Cabalgata conect\u00f3 la magia de la noche de Reyes con uno de los grandes eventos deportivos de 2026, haciendo llegar este mensaje a miles de barceloneses, barcelonesas y visitantes.<\/p>\n<p data-start=\"2210\" data-end=\"2449\">Entre luces, m\u00fasica, caramelos y bicicletas, Barcelona cerr\u00f3 una de las noches m\u00e1s esperadas del a\u00f1o mirando hacia adelante: fiel a la tradici\u00f3n, pero con la capacidad intacta de reinventarla y convertirla en un sue\u00f1o colectivo compartido.<\/p>\n","protected":false},"excerpt":{"rendered":"Barcelona volvi\u00f3 a vivir este 5 de enero una de las citas m\u00e1s emblem\u00e1ticas de su calendario festivo.&hellip;\n","protected":false},"author":2,"featured_media":325843,"comment_status":"","ping_status":"","sticky":false,"template":"","format":"standard","meta":{"footnotes":""},"categories":[8],"tags":[17,18,25,24,13,14,11,19,20,9,10,15,16,23,12,21,22],"class_list":{"0":"post-325842","1":"post","2":"type-post","3":"status-publish","4":"format-standard","5":"has-post-thumbnail","7":"category-espana","8":"tag-breaking-news","9":"tag-breakingnews","10":"tag-es","11":"tag-espana","12":"tag-featured-news","13":"tag-featurednews","14":"tag-headlines","15":"tag-latest-news","16":"tag-latestnews","17":"tag-news","18":"tag-noticias","19":"tag-noticias-destacadas","20":"tag-noticiasdestacadas","21":"tag-spain","22":"tag-titulares","23":"tag-ultimas-noticias","24":"tag-ultimasnoticias"},"share_on_mastodon":{"url":"https:\/\/pubeurope.com\/@es\/115847690032687952","error":""},"_links":{"self":[{"href":"https:\/\/www.europesays.com\/es\/wp-json\/wp\/v2\/posts\/325842","targetHints":{"allow":["GET"]}}],"collection":[{"href":"https:\/\/www.europesays.com\/es\/wp-json\/wp\/v2\/posts"}],"about":[{"href":"https:\/\/www.europesays.com\/es\/wp-json\/wp\/v2\/types\/post"}],"author":[{"embeddable":true,"href":"https:\/\/www.europesays.com\/es\/wp-json\/wp\/v2\/users\/2"}],"replies":[{"embeddable":true,"href":"https:\/\/www.europesays.com\/es\/wp-json\/wp\/v2\/comments?post=325842"}],"version-history":[{"count":0,"href":"https:\/\/www.europesays.com\/es\/wp-json\/wp\/v2\/posts\/325842\/revisions"}],"wp:featuredmedia":[{"embeddable":true,"href":"https:\/\/www.europesays.com\/es\/wp-json\/wp\/v2\/media\/325843"}],"wp:attachment":[{"href":"https:\/\/www.europesays.com\/es\/wp-json\/wp\/v2\/media?parent=325842"}],"wp:term":[{"taxonomy":"category","embeddable":true,"href":"https:\/\/www.europesays.com\/es\/wp-json\/wp\/v2\/categories?post=325842"},{"taxonomy":"post_tag","embeddable":true,"href":"https:\/\/www.europesays.com\/es\/wp-json\/wp\/v2\/tags?post=325842"}],"curies":[{"name":"wp","href":"https:\/\/api.w.org\/{rel}","templated":true}]}}