{"id":325886,"date":"2026-01-06T11:04:19","date_gmt":"2026-01-06T11:04:19","guid":{"rendered":"https:\/\/www.europesays.com\/es\/325886\/"},"modified":"2026-01-06T11:04:19","modified_gmt":"2026-01-06T11:04:19","slug":"estilo-organico-una-casa-elegante-llena-de-serena-cohesion","status":"publish","type":"post","link":"https:\/\/www.europesays.com\/es\/325886\/","title":{"rendered":"Estilo org\u00e1nico, una casa elegante llena de serena cohesi\u00f3n"},"content":{"rendered":"<p>Cuando la arquitecta de interiores Aur\u00e9lie Penneman de Bosscheyde <strong>visit\u00f3 esta casa hist\u00f3rica de estilo org\u00e1nico<\/strong>, ya hab\u00eda sido escenario de muchas actividades personales y creativas. Los propietarios, dos abogados con hijos mayores, criaron a su familia en este animado barrio de Kortrijk, una peque\u00f1a ciudad de B\u00e9lgica, pero actualmente disfrutan de una vida m\u00e1s tranquila. \u201cViven en esta casa desde hace mucho tiempo\u201d, recuerda Penneman. \u201cY ya hab\u00eda sido restaurada varias veces\u201d.<\/p>\n<p>Cuando la pareja se puso en contacto con Penneman el pasado marzo y la invit\u00f3 a entrar, qued\u00f3 impresionada por la belleza de la propiedad y el potencial que los anteriores profesionales hab\u00edan desaprovechado. La puerta de entrada, de estilo art d\u00e9co, era de acero y cristal martillado, y se abr\u00eda a un suelo de terrazo bordeado por un mosaico colocado a mano. En el interior, las habitaciones, oscuras e inconexas, se confund\u00edan con los a\u00f1adidos y los vecinos las cerraban al sol. Sin embargo, esos espacios ten\u00edan detalles que tambi\u00e9n merec\u00edan ser conservados, siempre y cuando su equipo se empleara a fondo. Cuando Penneman lleg\u00f3 a la fachada trasera, que da al r\u00edo Leie, imagin\u00f3 una renovaci\u00f3n que respetara mejor lo que hab\u00eda antes. \u201cQuer\u00edamos resaltar los elementos originales y deshacernos de la decoraci\u00f3n a\u00f1adida que no ten\u00eda sentido con la historia arquitect\u00f3nica\u201d, dice.<\/p>\n<p><img decoding=\"async\" alt=\"pasillo estilo orgnico\" loading=\"lazy\" class=\"ResponsiveImageContainer-eNxvmU cfBbTk responsive-image__image\"   src=\"https:\/\/www.europesays.com\/es\/wp-content\/uploads\/2026\/01\/BELFAST0195.jpg\"\/><\/p>\n<p>Un cuadro de Nicolas Mehdi Pour Vahid cuelga sobre un jarr\u00f3n de Marion Benoit. La l\u00e1mpara Dalo y el taburete Poul Hundevad proceden de Sandy Toupenet.<\/p>\n<p>Dani\u00eblle Siobh\u00e1n<img decoding=\"async\" alt=\"pasillo estilo orgnico\" loading=\"lazy\" class=\"ResponsiveImageContainer-eNxvmU cfBbTk responsive-image__image\"   src=\"https:\/\/www.europesays.com\/es\/wp-content\/uploads\/2026\/01\/BELFAST0648.jpg\"\/><\/p>\n<p>La silla tejida, el taburete y el jarr\u00f3n son de Chambost, de la Casa Barcia. Debajo, una m\u00e1scara de Marianne Eriksen Scott-Hansen, de la galer\u00eda Spaceless, frente a una consola de Ph\u00e9romones.<\/p>\n<p>Dani\u00eblle Siobh\u00e1n<\/p>\n","protected":false},"excerpt":{"rendered":"Cuando la arquitecta de interiores Aur\u00e9lie Penneman de Bosscheyde visit\u00f3 esta casa hist\u00f3rica de estilo org\u00e1nico, ya hab\u00eda&hellip;\n","protected":false},"author":2,"featured_media":325887,"comment_status":"","ping_status":"","sticky":false,"template":"","format":"standard","meta":{"footnotes":""},"categories":[173],"tags":[229,233,231,230,3738,232,234,146,147,25,24,12234,23],"class_list":{"0":"post-325886","1":"post","2":"type-post","3":"status-publish","4":"format-standard","5":"has-post-thumbnail","7":"category-arte-y-diseno","8":"tag-arte","9":"tag-arte-y-diseno","10":"tag-arts","11":"tag-arts-and-design","12":"tag-casas","13":"tag-design","14":"tag-diseno","15":"tag-entertainment","16":"tag-entretenimiento","17":"tag-es","18":"tag-espana","19":"tag-interiorismo","20":"tag-spain"},"share_on_mastodon":{"url":"https:\/\/pubeurope.com\/@es\/115847827533097392","error":""},"_links":{"self":[{"href":"https:\/\/www.europesays.com\/es\/wp-json\/wp\/v2\/posts\/325886","targetHints":{"allow":["GET"]}}],"collection":[{"href":"https:\/\/www.europesays.com\/es\/wp-json\/wp\/v2\/posts"}],"about":[{"href":"https:\/\/www.europesays.com\/es\/wp-json\/wp\/v2\/types\/post"}],"author":[{"embeddable":true,"href":"https:\/\/www.europesays.com\/es\/wp-json\/wp\/v2\/users\/2"}],"replies":[{"embeddable":true,"href":"https:\/\/www.europesays.com\/es\/wp-json\/wp\/v2\/comments?post=325886"}],"version-history":[{"count":0,"href":"https:\/\/www.europesays.com\/es\/wp-json\/wp\/v2\/posts\/325886\/revisions"}],"wp:featuredmedia":[{"embeddable":true,"href":"https:\/\/www.europesays.com\/es\/wp-json\/wp\/v2\/media\/325887"}],"wp:attachment":[{"href":"https:\/\/www.europesays.com\/es\/wp-json\/wp\/v2\/media?parent=325886"}],"wp:term":[{"taxonomy":"category","embeddable":true,"href":"https:\/\/www.europesays.com\/es\/wp-json\/wp\/v2\/categories?post=325886"},{"taxonomy":"post_tag","embeddable":true,"href":"https:\/\/www.europesays.com\/es\/wp-json\/wp\/v2\/tags?post=325886"}],"curies":[{"name":"wp","href":"https:\/\/api.w.org\/{rel}","templated":true}]}}