{"id":325981,"date":"2026-01-06T12:21:11","date_gmt":"2026-01-06T12:21:11","guid":{"rendered":"https:\/\/www.europesays.com\/es\/325981\/"},"modified":"2026-01-06T12:21:11","modified_gmt":"2026-01-06T12:21:11","slug":"el-nuevo-cribado-cardiovascular-de-osakidetza-incluira-un-analisis-renal-por-su-relacion-con-infartos-e-ictus","status":"publish","type":"post","link":"https:\/\/www.europesays.com\/es\/325981\/","title":{"rendered":"El nuevo cribado cardiovascular de Osakidetza incluir\u00e1 un an\u00e1lisis renal por su relaci\u00f3n con infartos e ictus"},"content":{"rendered":"<p>El cribado piloto que Osakidetza prev\u00e9 llevar a cabo despu\u00e9s del verano en Elgoibar para detectar factores de riesgo cardiovascular en personas sanas (o que  &#8230; al menos no presentan s\u00edntomas) y que servir\u00e1 como mecanismo de prevenci\u00f3n de futuros infartos, ictus y otras patolog\u00edas coronarias, no se centrar\u00e1 \u00fanicamente en el coraz\u00f3n, sino que incluir\u00e1 un an\u00e1lisis renal por la relaci\u00f3n que tiene este sistema con el circulatorio. <\/p>\n<p class=\"v-p\">Fuentes del departamento de Salud del Gobierno Vasco explican que la presencia de da\u00f1o en el sistema urinario, incluso en fases muy iniciales y con funci\u00f3n renal aparentemente conservada, \u00abse asocia a un incremento claro del riesgo de infarto, ictus y mortalidad prematura\u00bb. Y a\u00f1aden en este sentido que \u00abuno de los marcadores m\u00e1s precoces y sensibles de este da\u00f1o y un potente predictor de riesgo cardiovascular es la albuminuria\u00bb, que se puede detectar \u00abmediante una sencilla prueba de orina\u00bb.<\/p>\n<p class=\"v-p\">Y es que una presencia anormal en la orina de alb\u00famina (una prote\u00edna importante) indica que los filtros de los ri\u00f1ones no funcionan correctamente y permiten que esta sustancia se escape de la sangre a la orina, siendo por ello un marcador temprano de enfermedades como la diabetes y la hipertensi\u00f3n.<\/p>\n<p>Cribado piloto de vigilancia cardiovascular<\/p>\n<ul class=\"v-u\">\n<li class=\"v-u__l\">\n<p class=\"v-p\">\nCaracter\u00edsticas b\u00e1sicas\n<\/p>\n<\/li>\n<li class=\"v-u__l\">\n<p class=\"v-p\">\nObjetivo:<br \/>\nDescubrir factores de riesgo cardiovascular en la poblaci\u00f3n para prevenir riesgos de infarto, ictus, insuficiencia card\u00edaca&#8230;\n<\/p>\n<\/li>\n<li class=\"v-u__l\">\n<p class=\"v-p\">\nCu\u00e1ndo:<br \/>\nDespu\u00e9s del verano, a partir de una fecha a\u00fan por concretar.\n<\/p>\n<\/li>\n<li class=\"v-u__l\">\n<p class=\"v-p\">\nD\u00f3nde:<br \/>\nAmbulatorio de Elgoibar.\n<\/p>\n<\/li>\n<li class=\"v-u__l\">\n<p class=\"v-p\">\nPerfil:<br \/>\nSe seleccionar\u00e1 a poblaci\u00f3n adulta, especialmente a partir de la mediana edad.\n<\/p>\n<\/li>\n<li class=\"v-u__l\">\n<p class=\"v-p\">\nTiempo:<br \/>\nEn una \u00fanica visita se tomar\u00e1n diferentes pruebas y los resultados se comunicar\u00e1n de forma inmediata.\n<\/p>\n<\/li>\n<li class=\"v-u__l\">\n<p class=\"v-p\">\nConsecuencias:<br \/>\nEn caso de detectarse factores de riesgo no conocidos o mal controlados, se activar\u00e1 un seguimiento cl\u00ednico y se ofrecer\u00e1n pautas personalizadas para mejorar el estado del paciente a trav\u00e9s de un estilo de vida m\u00e1s saludable.\n<\/p>\n<\/li>\n<li class=\"v-u__l\">\n<p class=\"v-p\">\nLas pruebas\n<\/p>\n<\/li>\n<li class=\"v-u__l\">\n<p class=\"v-p\">\nIndicadores esenciales:<br \/>\nMedici\u00f3n de presi\u00f3n arterial, peso, talla e \u00edndice de masa corporal.\n<\/p>\n<\/li>\n<li class=\"v-u__l\">\n<p class=\"v-p\">\nAnal\u00edticas:<br \/>\nColesterol, glucemia y hemoglobina glicosilada.\n<\/p>\n<\/li>\n<li class=\"v-u__l\">\n<p class=\"v-p\">\nRi\u00f1\u00f3n.<br \/>\nDeterminaci\u00f3n de albuminuria en la orina para la detecci\u00f3n precoz de posibles enfermedades renales.\n<\/p>\n<\/li>\n<li class=\"v-u__l\">\n<p class=\"v-p\">\nCuestionario:<br \/>\nValoraci\u00f3n de los h\u00e1bitos de vida del paciente, incluyendo actividad f\u00edsica, alimentaci\u00f3n, consumo de tabaco y alcohol.\n<\/p>\n<\/li>\n<\/ul>\n<p class=\"v-p\">La puesta en marcha de un cribado piloto sobre riesgos cardiovasculares fue anunciada este domingo por el consejero de Salud, Alberto Mart\u00ednez, en una <a href=\"https:\/\/www.diariovasco.com\/sociedad\/salud\/testaremos-gipuzkoa-cribado-prevenir-infartos-ictus-mujeres-20260104001556-nt.html\" title=\"www.diariovasco.com\" data-voc-vtm-id=\"in-text-traffic\" data-mrf-link=\"www.diariovasco.com\" rel=\"nofollow noopener\" target=\"_blank\">entrevista con DV<\/a>. El testeo se llevar\u00e1 a cabo en el ambulatorio de Elgoibar despu\u00e9s del verano. Comenzar\u00e1 previsiblemente en octubre, aunque la fecha y otros detalles, como el n\u00famero de personas invitadas al an\u00e1lisis, a partir de qu\u00e9 edad, etc., est\u00e1n a\u00fan por determinar. La elecci\u00f3n de la comarca del Bajo Deba obedece a las caracter\u00edsticas del ambulatorio de Elgoibar y su capacidad para asumir esta experiencia, y a que se trata de una zona con unos niveles medios de incidencia de estas patolog\u00edas. <\/p>\n<p class=\"v-p\">Mart\u00ednez ya anticip\u00f3 que se seleccionar\u00e1 a personas adultas, a partir de la mediana edad. Se citar\u00e1 tanto a hombres como a mujeres, y no solo a mujeres, como reflejaba la informaci\u00f3n. <\/p>\n<p>Salto en prevenci\u00f3n<\/p>\n<p class=\"v-p\">Este cribado supone un salto cualitativo en las pol\u00edticas de detecci\u00f3n precoz de enfermedades y prevenci\u00f3n de la salud de Osakidetza. Es el primero de naturaleza no oncol\u00f3gica que se realiza en Euskadi y una iniciativa pionera en el Estado, pues seg\u00fan apuntaba el consejero en la entrevista, \u00absolo se ha hecho algo parecido a peque\u00f1a escala en Madrid\u00bb. <\/p>\n<p class=\"v-p\">El programa responde adem\u00e1s a uno de los mandatos del pacto de salud de Euskadi, uno de cuyos puntos insta a reforzar los programas de detecci\u00f3n precoz y control de estas enfermedades. <\/p>\n<p class=\"v-p\">Y es que las patolog\u00edas vinculadas con el coraz\u00f3n y el sistema circulatorio son la segunda causa de muerte en Gipuzkoa y Euskadi tras el c\u00e1ncer, pero la primera entre mujeres. En el caso de Gipuzkoa, de los 5.293 fallecimientos registrados en 2024 (\u00faltimo a\u00f1o completo con datos disponibles), 2.019 fueron por c\u00e1ncer y 1.876 por patolog\u00edas cardiovasculares. Entre la poblaci\u00f3n femenina, en cambio, las segundas se cobraron 948 vidas, por encima de las 821 como consecuencia de tumores.<\/p>\n<p class=\"v-p\">Las enfermedades cardiovasculares engloban un conjunto de patolog\u00edas que afectan al coraz\u00f3n y a los vasos sangu\u00edneos, como la cardiopat\u00eda isqu\u00e9mica (infarto), el ictus, la insuficiencia cardiaca o la enfermedad arterial perif\u00e9rica. En la mayor\u00eda de casos, explican responsables m\u00e9dicos, \u00abestas enfermedades no aparecen de forma brusca, sino que son el resultado de un proceso progresivo de a\u00f1os de evoluci\u00f3n, estrechamente ligado a la presencia de factores de riesgo modificables, como la hipertensi\u00f3n arterial, el colesterol elevado, la diabetes, el tabaquismo, la obesidad o el sedentarismo\u00bb.<\/p>\n<p class=\"v-p\">A esta realidad, a\u00f1aden, se suma la enfermedad renal cr\u00f3nica, una patolog\u00eda \u00abtambi\u00e9n silenciosa y altamente prevalente que multiplica el riesgo cardiovascular y acelera la aparici\u00f3n de eventos graves. Coraz\u00f3n y ri\u00f1\u00f3n mantienen una relaci\u00f3n muy estrecha: cuando uno de ellos se deteriora, el riesgo de que el otro enferme aumenta de forma significativa\u00bb. <\/p>\n<p class=\"v-p\">El an\u00e1lisis consistir\u00e1 en una \u00fanica visita al ambulatorio, donde al paciente se le medir\u00e1n indicativos como presi\u00f3n arterial, peso, talla e \u00edndice de masa corporal; recibir\u00e1 an\u00e1lisis de colesterol, glucemia, hemoglobina glicosilada, y albuminuria en la orina; y se le preguntara por h\u00e1bitos de vida (alimentaci\u00f3n, actividad f\u00edsica, consumo de tabaco y alcohol&#8230;).<\/p>\n<p class=\"v-p\">En caso de detectarse factores de riesgo no conocidos o mal controlados, se activar\u00e1 un seguimiento cl\u00ednico y se ofrecer\u00e1n pautas personalizadas para mejorar el estado del paciente a trav\u00e9s de un estilo de vida m\u00e1s saludable. <\/p>\n","protected":false},"excerpt":{"rendered":"El cribado piloto que Osakidetza prev\u00e9 llevar a cabo despu\u00e9s del verano en Elgoibar para detectar factores de&hellip;\n","protected":false},"author":2,"featured_media":325982,"comment_status":"","ping_status":"","sticky":false,"template":"","format":"standard","meta":{"footnotes":""},"categories":[92],"tags":[1705,19531,1449,25,24,165,12369,57057,29380,524,6115,5977,59252,166,23],"class_list":{"0":"post-325981","1":"post","2":"type-post","3":"status-publish","4":"format-standard","5":"has-post-thumbnail","7":"category-salud","8":"tag-analisis","9":"tag-cardiovascular","10":"tag-cribado","11":"tag-es","12":"tag-espana","13":"tag-health","14":"tag-ictus","15":"tag-incluira","16":"tag-infartos","17":"tag-nuevo","18":"tag-osakidetza","19":"tag-relacion","20":"tag-renal","21":"tag-salud","22":"tag-spain"},"share_on_mastodon":{"url":"https:\/\/pubeurope.com\/@es\/115848130283922877","error":""},"_links":{"self":[{"href":"https:\/\/www.europesays.com\/es\/wp-json\/wp\/v2\/posts\/325981","targetHints":{"allow":["GET"]}}],"collection":[{"href":"https:\/\/www.europesays.com\/es\/wp-json\/wp\/v2\/posts"}],"about":[{"href":"https:\/\/www.europesays.com\/es\/wp-json\/wp\/v2\/types\/post"}],"author":[{"embeddable":true,"href":"https:\/\/www.europesays.com\/es\/wp-json\/wp\/v2\/users\/2"}],"replies":[{"embeddable":true,"href":"https:\/\/www.europesays.com\/es\/wp-json\/wp\/v2\/comments?post=325981"}],"version-history":[{"count":0,"href":"https:\/\/www.europesays.com\/es\/wp-json\/wp\/v2\/posts\/325981\/revisions"}],"wp:featuredmedia":[{"embeddable":true,"href":"https:\/\/www.europesays.com\/es\/wp-json\/wp\/v2\/media\/325982"}],"wp:attachment":[{"href":"https:\/\/www.europesays.com\/es\/wp-json\/wp\/v2\/media?parent=325981"}],"wp:term":[{"taxonomy":"category","embeddable":true,"href":"https:\/\/www.europesays.com\/es\/wp-json\/wp\/v2\/categories?post=325981"},{"taxonomy":"post_tag","embeddable":true,"href":"https:\/\/www.europesays.com\/es\/wp-json\/wp\/v2\/tags?post=325981"}],"curies":[{"name":"wp","href":"https:\/\/api.w.org\/{rel}","templated":true}]}}