{"id":325988,"date":"2026-01-06T12:25:08","date_gmt":"2026-01-06T12:25:08","guid":{"rendered":"https:\/\/www.europesays.com\/es\/325988\/"},"modified":"2026-01-06T12:25:08","modified_gmt":"2026-01-06T12:25:08","slug":"tengo-la-sensacion-de-que-delcy-rodriguez-esta-cooperando-ama-a-su-pais","status":"publish","type":"post","link":"https:\/\/www.europesays.com\/es\/325988\/","title":{"rendered":"\u201cTengo la sensaci\u00f3n de que Delcy Rodr\u00edguez est\u00e1 cooperando, ama a su pa\u00eds\u201d"},"content":{"rendered":"<p class=\"article-text\">\n        El presidente estadounidense, Donald Trump, ha dicho esta noche en <a href=\"https:\/\/www.nbcnews.com\/politics\/donald-trump\/trump-says-us-not-war-venezuela-rcna252427\" target=\"_blank\" data-mrf-recirculation=\"links-noticia\" class=\"link\" rel=\"nofollow noopener\">una entrevista en NBC News<\/a> que la presidenta encargada de Venezuela, Delcy Rodr\u00edguez, est\u00e1 \u201ccooperando\u201d con las autoridades estadounidenses.\n    <\/p>\n<p class=\"article-text\">\n        \u201cTengo la sensaci\u00f3n de que est\u00e1 cooperando. Necesitan ayuda. Y tengo la sensaci\u00f3n de que  ama a su pa\u00eds y quiere que su pa\u00eds sobreviva\u201d, ha dicho Trump sobre quien era vicepresidenta de Nicol\u00e1s Maduro antes de su secuestro el 3 de enero por parte de las fuerzas estadounidenses.\n    <\/p>\n<p class=\"article-text\">\n        El mandatario ha asegurado que no hubo contacto desde Washington con Rodr\u00edguez, que jur\u00f3 su cargo este lunes como presidenta encargada del pa\u00eds, antes de la operaci\u00f3n militar: \u201cNo es as\u00ed\u201d, ha dicho, al ser preguntado por las informaciones que apuntaban a negociaciones previas.\n    <\/p>\n<p class=\"article-text\">\n        Trump, que ha evitado aclarar si ha hablado con Rodr\u00edguez en los \u00faltimos d\u00edas, ha explicado que su secretario de Estado, Marco Rubio, est\u00e1 manteniendo una \u201cintensa relaci\u00f3n\u201d con la dirigente venezolana porque el jefe de la diplomacia estadounidense, de origen cubano, habla \u201ccon ella en un espa\u00f1ol fluido\u201d.\n    <\/p>\n<p class=\"article-text\">\n        En cualquier caso y ante la pregunta de qui\u00e9n est\u00e1 al frente del pa\u00eds, Trump ha asegurado que quien dirige Venezuela es \u00e9l. \u201cYo estoy al mando\u201d, ha dicho.\n    <\/p>\n<p class=\"article-text\">\n        De hecho, y en l\u00ednea con sus amenazas previas, el presidente estadounidense no ha descartado un nuevo ataque contra Venezuela si Rodr\u00edguez no se pliega a sus demandas, aunque he a\u00f1adido que no cree que sea necesario: \u201cEn todo caso, estamos preparados. Ten\u00edamos previsto hacerlo\u201d.\n    <\/p>\n<p>    Descarta elecciones<\/p>\n<p class=\"article-text\">\n        Durante la entrevista, Trump ha confirmado que no habr\u00e1 elecciones en el pa\u00eds en los pr\u00f3ximos 30 d\u00edas, tal y como recoge la legislaci\u00f3n venezolana.\n    <\/p>\n<p class=\"article-text\">\n        \u201cTenemos que arreglar el pa\u00eds antes. No podemos celebrar unas elecciones. No hay forma de que la gente pueda incluso votar\u201d, ha dicho. \u201cVamos a necesitar tiempo para algo as\u00ed. Antes tenemos que conseguir que el pa\u00eds se recupere\u201d.\n    <\/p>\n<p class=\"article-text\">\n        Hablando de plazos, Trump ha fijado en a\u00f1o y medio el tiempo que calcula que necesitar\u00e1n las empresas petroleras de EEUU para explotar las reservas venezolanas en mejores condiciones, un elemento que no oculta que ha sido central para la operaci\u00f3n.\n    <\/p>\n<p>    <a href=\"https:\/\/www.eldiario.es\/internacional\/trump-necesita-delcy-rodriguez-corina-machado_1_12887148.html\" data-mrf-recirculation=\"saber-mas-abajo\" data-dl-event=\"saber-mas-abajo\" rel=\"nofollow noopener\" target=\"_blank\"><\/p>\n<p class=\"know-more__title\">Por qu\u00e9 Trump necesita m\u00e1s a Delcy Rodr\u00edguez que a Corina Machado\n<\/p>\n<p>            <img decoding=\"async\" class=\"lazy\" loading=\"lazy\" data-src=\"https:\/\/static.eldiario.es\/clip\/3a3cb36a-f809-49a9-aeb6-6363d0be2c29_16-9-aspect-ratio_default_0.jpg\" src=\"data:image\/svg+xml,%3Csvg xmlns=\" http:=\"\" viewbox=\"0 0 880 495\" alt=\"Por qu\u00e9 Trump necesita m\u00e1s a Delcy Rodr\u00edguez que a Corina Machado\"\/><\/p>\n<p>                        <\/a><\/p>\n<p class=\"article-text\">\n        \u201cSe va a tener que gastar much\u00edsimo dinero y las compa\u00f1\u00edas petroleras van a gastarlo. Y esas cantidades ser\u00e1n reembolsadas por los beneficios que obtengan o por nosotros\u201d, ha dicho sin descartar alg\u00fan tipo de apoyo financiero de su administraci\u00f3n a las compa\u00f1\u00edas petroleras de EEUU por invertir en Venezuela y explotar sus reservas, consideradas las mayores del mundo.\n    <\/p>\n","protected":false},"excerpt":{"rendered":"El presidente estadounidense, Donald Trump, ha dicho esta noche en una entrevista en NBC News que la presidenta&hellip;\n","protected":false},"author":2,"featured_media":325989,"comment_status":"","ping_status":"","sticky":false,"template":"","format":"standard","meta":{"footnotes":""},"categories":[42],"tags":[66212,17,18,75443,67701,13,14,11,61,62,63,64,19,20,9,10,15,16,698,416,14749,12,936,21,22,65,66,67],"class_list":{"0":"post-325988","1":"post","2":"type-post","3":"status-publish","4":"format-standard","5":"has-post-thumbnail","7":"category-internacional","8":"tag-ama","9":"tag-breaking-news","10":"tag-breakingnews","11":"tag-cooperando","12":"tag-delcy","13":"tag-featured-news","14":"tag-featurednews","15":"tag-headlines","16":"tag-internacional","17":"tag-international","18":"tag-international-news","19":"tag-internationalnews","20":"tag-latest-news","21":"tag-latestnews","22":"tag-news","23":"tag-noticias","24":"tag-noticias-destacadas","25":"tag-noticiasdestacadas","26":"tag-pais","27":"tag-rodriguez","28":"tag-sensacion","29":"tag-titulares","30":"tag-trump","31":"tag-ultimas-noticias","32":"tag-ultimasnoticias","33":"tag-world","34":"tag-world-news","35":"tag-worldnews"},"share_on_mastodon":{"url":"https:\/\/pubeurope.com\/@es\/115848146027359758","error":""},"_links":{"self":[{"href":"https:\/\/www.europesays.com\/es\/wp-json\/wp\/v2\/posts\/325988","targetHints":{"allow":["GET"]}}],"collection":[{"href":"https:\/\/www.europesays.com\/es\/wp-json\/wp\/v2\/posts"}],"about":[{"href":"https:\/\/www.europesays.com\/es\/wp-json\/wp\/v2\/types\/post"}],"author":[{"embeddable":true,"href":"https:\/\/www.europesays.com\/es\/wp-json\/wp\/v2\/users\/2"}],"replies":[{"embeddable":true,"href":"https:\/\/www.europesays.com\/es\/wp-json\/wp\/v2\/comments?post=325988"}],"version-history":[{"count":0,"href":"https:\/\/www.europesays.com\/es\/wp-json\/wp\/v2\/posts\/325988\/revisions"}],"wp:featuredmedia":[{"embeddable":true,"href":"https:\/\/www.europesays.com\/es\/wp-json\/wp\/v2\/media\/325989"}],"wp:attachment":[{"href":"https:\/\/www.europesays.com\/es\/wp-json\/wp\/v2\/media?parent=325988"}],"wp:term":[{"taxonomy":"category","embeddable":true,"href":"https:\/\/www.europesays.com\/es\/wp-json\/wp\/v2\/categories?post=325988"},{"taxonomy":"post_tag","embeddable":true,"href":"https:\/\/www.europesays.com\/es\/wp-json\/wp\/v2\/tags?post=325988"}],"curies":[{"name":"wp","href":"https:\/\/api.w.org\/{rel}","templated":true}]}}