{"id":325990,"date":"2026-01-06T12:26:09","date_gmt":"2026-01-06T12:26:09","guid":{"rendered":"https:\/\/www.europesays.com\/es\/325990\/"},"modified":"2026-01-06T12:26:09","modified_gmt":"2026-01-06T12:26:09","slug":"miles-de-personas-abarrotan-las-calles-para-seguir-la-cabalgata-de-reyes-de-alcala","status":"publish","type":"post","link":"https:\/\/www.europesays.com\/es\/325990\/","title":{"rendered":"Miles de personas abarrotan las calles para seguir la Cabalgata de Reyes de Alcal\u00e1"},"content":{"rendered":"<p style=\"text-align: justify;\">Miles de alcala\u00ednos se han echado este lunes a la calle para seguir de la tradicional Gran Cabalgata de Reyes en una de las noches m\u00e1s m\u00e1gicas del a\u00f1o. El desfile parti\u00f3 desde la rotonda de la calle Luis de Medina con V\u00eda Complutense y recorri\u00f3 distintos puntos del casco urbano, pasando por Marqu\u00e9s de Alonso Mart\u00ednez, Ronda Ancha, Giner de los R\u00edos, la rotonda de Aguadores y la calle Colegios, para finalizar en la Plaza de Cervantes, frente al Ayuntamiento, donde Sus Majestades los Reyes Magos se despidieron del p\u00fablico asistente.<\/p>\n<p style=\"text-align: justify;\">Durante el recorrido se distribuyeron alrededor de 7.000 kilos de caramelos blandos sin gluten, 2.500 kilos m\u00e1s que el pasado a\u00f1o. <\/p>\n<p style=\"text-align: justify;\">La comitiva estuvo integrada por 13 carrozas, de las cuales tres correspondieron a los tronos reales, mientras que las diez restantes estuvieron dedicadas a tem\u00e1ticas infantiles inspiradas en pel\u00edculas y personajes de animaci\u00f3n.<\/p>\n<p style=\"text-align: justify;\">La Cabalgata cont\u00f3 tambi\u00e9n con la participaci\u00f3n de diversas comparsas sin carroza, entre ellas las escuelas de danza Pilar Barbancho, Bel\u00e9n Rodr\u00edguez, la Asociaci\u00f3n Cultural Taller de Danza Alcal\u00e1, Isalore Escuela de Danza y Xpression Dance Studio. Asimismo, desfilaron entidades que participaron en el concurso de comparsas con carroza, como Provida, la Asociaci\u00f3n Juvenil Ballet Alb\u00e9niz y la Hermandad de Jes\u00fas Despojado, junto a otros colectivos locales, como el Centro Extreme\u00f1o de Alcal\u00e1, con su tradicional Bel\u00e9n, o el colectivo contra el acoso escolar \u2018La Cueva de la pintura: Ning\u00fan ni\u00f1o solo\u2019 y la Asociaci\u00f3n de Mujeres de Nueva Alcal\u00e1.<\/p>\n<p style=\"text-align: justify;\">El desfile estuvo encabezado por la comparsa navide\u00f1a de Gigantes de los Reyes Magos, una de las pocas existentes en Espa\u00f1a, seguida por los Bomberos, y cont\u00f3 con la implicaci\u00f3n de las pe\u00f1as festivas de la ciudad, adem\u00e1s de un gran pasacalles previo a los tronos reales y otros dos pasacalles protagonizados por colectivos locales.<\/p>\n<p style=\"text-align: justify;\">A la llegada de la comitiva a la Plaza de Cervantes donde sus Majestades fueron recibidos por la Corporaci\u00f3n municipal, encabezada por la alcaldesa Judith Piquet. Un DJ anim\u00f3 el ambiente y tuvo lugar la actuaci\u00f3n de Mireia, exconcursante de Operaci\u00f3n Triunfo, quien interpret\u00f3 un repertorio de canciones de Disney dirigidas al p\u00fablico infantil.<\/p>\n","protected":false},"excerpt":{"rendered":"Miles de alcala\u00ednos se han echado este lunes a la calle para seguir de la tradicional Gran Cabalgata&hellip;\n","protected":false},"author":2,"featured_media":325991,"comment_status":"","ping_status":"","sticky":false,"template":"","format":"standard","meta":{"footnotes":""},"categories":[8],"tags":[16155,12633,17,18,74741,25,24,13,14,11,19,20,9,10,15,16,23,12,21,22],"class_list":{"0":"post-325990","1":"post","2":"type-post","3":"status-publish","4":"format-standard","5":"has-post-thumbnail","7":"category-espana","8":"tag-alcala","9":"tag-alcala-de-henares","10":"tag-breaking-news","11":"tag-breakingnews","12":"tag-cabalgata-de-reyes","13":"tag-es","14":"tag-espana","15":"tag-featured-news","16":"tag-featurednews","17":"tag-headlines","18":"tag-latest-news","19":"tag-latestnews","20":"tag-news","21":"tag-noticias","22":"tag-noticias-destacadas","23":"tag-noticiasdestacadas","24":"tag-spain","25":"tag-titulares","26":"tag-ultimas-noticias","27":"tag-ultimasnoticias"},"share_on_mastodon":{"url":"https:\/\/pubeurope.com\/@es\/115848150031009182","error":""},"_links":{"self":[{"href":"https:\/\/www.europesays.com\/es\/wp-json\/wp\/v2\/posts\/325990","targetHints":{"allow":["GET"]}}],"collection":[{"href":"https:\/\/www.europesays.com\/es\/wp-json\/wp\/v2\/posts"}],"about":[{"href":"https:\/\/www.europesays.com\/es\/wp-json\/wp\/v2\/types\/post"}],"author":[{"embeddable":true,"href":"https:\/\/www.europesays.com\/es\/wp-json\/wp\/v2\/users\/2"}],"replies":[{"embeddable":true,"href":"https:\/\/www.europesays.com\/es\/wp-json\/wp\/v2\/comments?post=325990"}],"version-history":[{"count":0,"href":"https:\/\/www.europesays.com\/es\/wp-json\/wp\/v2\/posts\/325990\/revisions"}],"wp:featuredmedia":[{"embeddable":true,"href":"https:\/\/www.europesays.com\/es\/wp-json\/wp\/v2\/media\/325991"}],"wp:attachment":[{"href":"https:\/\/www.europesays.com\/es\/wp-json\/wp\/v2\/media?parent=325990"}],"wp:term":[{"taxonomy":"category","embeddable":true,"href":"https:\/\/www.europesays.com\/es\/wp-json\/wp\/v2\/categories?post=325990"},{"taxonomy":"post_tag","embeddable":true,"href":"https:\/\/www.europesays.com\/es\/wp-json\/wp\/v2\/tags?post=325990"}],"curies":[{"name":"wp","href":"https:\/\/api.w.org\/{rel}","templated":true}]}}