{"id":326062,"date":"2026-01-06T13:24:26","date_gmt":"2026-01-06T13:24:26","guid":{"rendered":"https:\/\/www.europesays.com\/es\/326062\/"},"modified":"2026-01-06T13:24:26","modified_gmt":"2026-01-06T13:24:26","slug":"lujo-a-la-colombiana-este-departamento-es-una-oda-a-la-elegancia","status":"publish","type":"post","link":"https:\/\/www.europesays.com\/es\/326062\/","title":{"rendered":"Lujo a la colombiana, este departamento es una oda a la elegancia"},"content":{"rendered":"<p>El nuevo dise\u00f1o se aleja de la fragmentaci\u00f3n habitual de las remodelaciones del edificio que convierten los amplios espacios en un rompecabezas de habitaciones diminutas. <strong>Mej\u00eda prefiri\u00f3 preservar lo amplio y <a href=\"https:\/\/www.admagazine.com\/articulos\/luz-natural-en-la-recamara-como-integrarla\" rel=\"nofollow noopener\" target=\"_blank\">la iluminaci\u00f3n natural<\/a> como ejes de la experiencia espacial.<\/strong> \u201cNunca perder la amplitud y la iluminaci\u00f3n; que sientas la libertad en cada parte\u201d, subray\u00f3.<\/p>\n<p>El concepto de lujo que gu\u00eda el proyecto no recurre a artificios, sino a la honestidad material. <strong>Piedra, madera y m\u00e1rmol se imponen sin imitar ni disfrazar imperfecciones.<\/strong> \u201cSiempre trato de que los materiales no sean una imitaci\u00f3n\u2026 as\u00ed tengan vetas, as\u00ed tengan nudos, as\u00ed sean r\u00fasticos\u201d, coment\u00f3. <strong>El resultado es un lenguaje sobrio, neutro y elegante<\/strong> que deja que <a href=\"https:\/\/www.admagazine.com\/articulos\/muebles-de-color-la-gran-apuesta-para-2026\" rel=\"nofollow noopener\" target=\"_blank\">el mobiliario, el arte y los objetos sean los encargados de aportar color y car\u00e1cter.<\/a><\/p>\n<p><img decoding=\"async\" alt=\"Interior r\u00fastico con ventanales que van del piso al techo.\" loading=\"lazy\" class=\"ResponsiveImageContainer-eNxvmU cfBbTk responsive-image__image\"   src=\"https:\/\/www.europesays.com\/es\/wp-content\/uploads\/2026\/01\/susana-mejia-interiors-photo-monica-barreneche-04_R.jpg\"\/><\/p>\n<p>Susana Mej\u00eda decidi\u00f3 preservar la amplitud y la iluminaci\u00f3n natural.M\u00f3nica Barreneche.<\/p>\n<p><img decoding=\"async\" alt=\"Sobre la mesa de la sala las cermicas de la artesana santandereana Bernardita de Guane desarrolladas en colaboraci\u00f3n con...\" loading=\"lazy\" class=\"ResponsiveImageContainer-eNxvmU cfBbTk responsive-image__image\"   src=\"https:\/\/www.europesays.com\/es\/wp-content\/uploads\/2026\/01\/susana-mejia-interiors-photo-monica-barreneche-09_R.jpg\"\/><\/p>\n<p>Sobre la mesa de la sala, las cer\u00e1micas de la artesana santandereana Bernardita de Guane, desarrolladas en colaboraci\u00f3n con Susana Mej\u00eda.M\u00f3nica Barreneche.<\/p>\n<p>El gesto m\u00e1s arriesgado fue cubrir el \u00e1rea social con un piso de piedra negra dispuesto en espiga, <strong>una decisi\u00f3n poco habitual que otorg\u00f3 fuerza y sofisticaci\u00f3n.<\/strong> \u201cEs la primera vez que hago un espacio con piso negro\u2026 la gente me dec\u00eda que era atrevido, pero creo que le da m\u00e1s car\u00e1cter\u201d, confes\u00f3. En contraste, las habitaciones recibieron <a href=\"https:\/\/www.admagazine.com\/articulos\/piso-de-madera-una-buena-idea-para-tu-cuarto-de-bano\" rel=\"nofollow noopener\" target=\"_blank\">un piso de madera<\/a> de ingenier\u00eda m\u00e1s c\u00e1lido y t\u00e1ctil, mientras que los ba\u00f1os se revistieron con piedra y un jacuzzi que convierte la suite principal en un spa privado.<\/p>\n<p><img decoding=\"async\" alt=\"Cocina con piso negro isla de mrmol y vitrina con electrodomsticos expuestos.\" loading=\"lazy\" class=\"ResponsiveImageContainer-eNxvmU cfBbTk responsive-image__image\"   src=\"https:\/\/www.europesays.com\/es\/wp-content\/uploads\/2026\/01\/susana-mejia-interiors-photo-monica-barreneche-27_R.jpg\"\/><\/p>\n<p>Una cocina que refuerza la dualidad entre sobriedad y funcionalidad.M\u00f3nica Barreneche.<\/p>\n<p><strong>La cocina, concebida como el centro neur\u00e1lgico del hogar, es la verdadera declaraci\u00f3n de intenciones.<\/strong> <a href=\"https:\/\/www.admagazine.com\/articulos\/colores-verdes-para-decorar-los-interiores-de-tu-hogar\" rel=\"nofollow noopener\" target=\"_blank\">Una isla en cuarcita de tonos verdes<\/a> y morados dialoga con el roble oscuro de los muebles; vitrinas exhiben piezas de La Chamba, talladas en madera de Rodrigo Pinchado o cer\u00e1micas de Bernardita de Guane. \u201cLa cocina es demasiado especial, no solo es para cocinar, es una vitrina de arte y artesan\u00edas\u201d, afirm\u00f3 Mej\u00eda. <a href=\"https:\/\/www.admagazine.com\/articulos\/breville-y-los-6-electrodomesticos-para-tener-una-cocina-a-la-vanguardia\" rel=\"nofollow noopener\" target=\"_blank\">La integraci\u00f3n de electrodom\u00e9sticos de alta gama<\/a>, ocultos tras paneles que limpian visualmente el conjunto, refuerza la dualidad entre sobriedad y funcionalidad.<\/p>\n<p><img decoding=\"async\" alt=\"En la habitaci\u00f3n de invitados la maceta de gran formato en madera tallada del artesano Rodrigo Pinchado para Diamantina ...\" loading=\"lazy\" class=\"ResponsiveImageContainer-eNxvmU cfBbTk responsive-image__image\"   src=\"https:\/\/www.europesays.com\/es\/wp-content\/uploads\/2026\/01\/susana-mejia-interiors-photo-monica-barreneche-10_R.jpg\"\/><\/p>\n<p>En la habitaci\u00f3n de invitados, la maceta de gran formato en madera tallada del artesano Rodrigo Pinchado para Diamantina &amp; La Perla sobresale gracias a su inusual tama\u00f1o y finura artesanal.M\u00f3nica Barreneche.<\/p>\n","protected":false},"excerpt":{"rendered":"El nuevo dise\u00f1o se aleja de la fragmentaci\u00f3n habitual de las remodelaciones del edificio que convierten los amplios&hellip;\n","protected":false},"author":2,"featured_media":326063,"comment_status":"","ping_status":"","sticky":false,"template":"","format":"standard","meta":{"footnotes":""},"categories":[173],"tags":[229,233,231,230,1803,10615,232,234,30518,146,147,25,24,23],"class_list":{"0":"post-326062","1":"post","2":"type-post","3":"status-publish","4":"format-standard","5":"has-post-thumbnail","7":"category-arte-y-diseno","8":"tag-arte","9":"tag-arte-y-diseno","10":"tag-arts","11":"tag-arts-and-design","12":"tag-colombia","13":"tag-departamento","14":"tag-design","15":"tag-diseno","16":"tag-diseno-interior","17":"tag-entertainment","18":"tag-entretenimiento","19":"tag-es","20":"tag-espana","21":"tag-spain"},"share_on_mastodon":{"url":"https:\/\/pubeurope.com\/@es\/115848378032600736","error":""},"_links":{"self":[{"href":"https:\/\/www.europesays.com\/es\/wp-json\/wp\/v2\/posts\/326062","targetHints":{"allow":["GET"]}}],"collection":[{"href":"https:\/\/www.europesays.com\/es\/wp-json\/wp\/v2\/posts"}],"about":[{"href":"https:\/\/www.europesays.com\/es\/wp-json\/wp\/v2\/types\/post"}],"author":[{"embeddable":true,"href":"https:\/\/www.europesays.com\/es\/wp-json\/wp\/v2\/users\/2"}],"replies":[{"embeddable":true,"href":"https:\/\/www.europesays.com\/es\/wp-json\/wp\/v2\/comments?post=326062"}],"version-history":[{"count":0,"href":"https:\/\/www.europesays.com\/es\/wp-json\/wp\/v2\/posts\/326062\/revisions"}],"wp:featuredmedia":[{"embeddable":true,"href":"https:\/\/www.europesays.com\/es\/wp-json\/wp\/v2\/media\/326063"}],"wp:attachment":[{"href":"https:\/\/www.europesays.com\/es\/wp-json\/wp\/v2\/media?parent=326062"}],"wp:term":[{"taxonomy":"category","embeddable":true,"href":"https:\/\/www.europesays.com\/es\/wp-json\/wp\/v2\/categories?post=326062"},{"taxonomy":"post_tag","embeddable":true,"href":"https:\/\/www.europesays.com\/es\/wp-json\/wp\/v2\/tags?post=326062"}],"curies":[{"name":"wp","href":"https:\/\/api.w.org\/{rel}","templated":true}]}}