{"id":326082,"date":"2026-01-06T13:36:08","date_gmt":"2026-01-06T13:36:08","guid":{"rendered":"https:\/\/www.europesays.com\/es\/326082\/"},"modified":"2026-01-06T13:36:08","modified_gmt":"2026-01-06T13:36:08","slug":"loteria-del-nino-2026-comprueba-la-lista-oficial-de-premios-del-sorteo-de-la-loteria-del-dia-de-reyes","status":"publish","type":"post","link":"https:\/\/www.europesays.com\/es\/326082\/","title":{"rendered":"Loter\u00eda del Ni\u00f1o 2026: comprueba la lista oficial de premios del sorteo de la Loter\u00eda del D\u00eda de Reyes"},"content":{"rendered":"<p class=\"ev-title\">\u00bfD\u00f3nde se ha vendido el primer premio?<\/p>\n<p>El 07603, primer premio de la Loter\u00eda del Ni\u00f1o, ha estado muy repartido. Se ha vendido en Mar\u00edn (Pontevedra), Terrassa (Barcelona), Matar\u00f3 (Barcelona), Belicena (Granada), Riogordo (M\u00e1laga), Cintru\u00e9nigo (Navarra), Pamplona (Navarra), Villares de la Reina (Salamanca), Oiartzun (Guip\u00fazcoa), San Cristobal de Segovia (Segovia), Vitoria-Gasteiz (\u00c1lava), Madrid capital, Motilla del Palancar (Cuenca), Barcelona capital, San Sebasti\u00e1n (Guip\u00fazcoa), \u00dabeda (Ja\u00e9n), M\u00e1laga capital, Quart de Poblet (Valencia), Castell\u00f3 de Rugat (Valencia), Bilbao (Vizcaya), Zaragoza capital, Cornell\u00e0 de Llobregat (Barcelona), El Prat de Llobregat (Barcelona), Manises (Valencia), Benasque (Huesca), Guadiana (Badajoz), Cornell\u00e0 de Llobregat (Barcelona), Sanl\u00facar de Barrameda (C\u00e1diz), Moral de Calatrava (Ciudad Real), Tacoronte (Tenerife), Utrillas (Teruel), Madrigueras (Albacete), Rub\u00ed (Barcelona), Matar\u00f3 (Barcelona), Motilla del Palancar (Cuenca), Astorga (Le\u00f3n), O Porri\u00f1o (Pontevedra), Tenerife capital, Cruz Santa (Tenerife), Alfafar (Valencia), Valladolid capital, Escaldes-Engordany (Andorra), Albacete capital, Tobarra (Albacete), Denia (Alicante), San Juan de Alicante (Alicante), Benidorm (Alicante), San Vicente del Raspeig (Alicante), Alicante capital, San Miguel de Salinas (Alicante), Tabernas, Campohermoso, Urbanizaci\u00f3n Roquetas de Mar y Dal\u00edas (Almer\u00eda), Avil\u00e9s y Colloto (Asturias), Fontiveros (\u00c1vila), Almendralejo y Azuaga (Badajoz), S\u00f3ller (Baleares), Matar\u00f3, Mollet del Vall\u00e9s, Les Roquetes, Terrassa, Castelldefels, Sabadell y\u00a0Barcelona capital (Barcelona), Jerez de la Frontera, Algeciras y C\u00e1diz capital (C\u00e1diz), Burriana, Onda, Alcora, Benicassim y Castell\u00f3n de la Plana (Castell\u00f3n), Villanueva del Duque y Carde\u00f1a (C\u00f3rdoba), As Pontes de Garc\u00eda Rodr\u00edguez y Zas (A Coru\u00f1a), Cuenca capital, Salobre\u00f1a (Granada), Sig\u00fcenza, y Guadalajara capital (Guadalajara), La Antilla, Almonte, y Moguer (Huelva), Logro\u00f1o (La Rioja), Playa de Arinaga, Firgas, Moya y Las Palmas capital (Las Palmas), Monforte de Lemos (Lugo), El \u00c1lamo, Alcal\u00e1 de Henares, Parla, Madrid capital y San Lorenzo de El Escorial (Madrid), Torre del Mar, M\u00e1laga capital y Torremolinos (M\u00e1laga), Yecla y San Pedro del Pinatar (Murcia), Pamplona, Villafranca y Cordovilla (Navarra), Xinzo de Limia, Mar\u00edn y Pontevedra capital (Pontevedra), Salamanca capital (Salamanca), Marchena, San Juan de Aznalfarache y Sevilla capital (Sevilla), El Tanque, Guargacho, Arico, Tenerife capital, San Crist\u00f3bal de la Laguna, Taco, Las Caletillas, Garachico, Icod de los Vinos y Granadilla de Abona (Tenerife), Salou (Tarragona), Sese\u00f1a y\u00a0Puente del Arzobispo (Toledo), La Pobla del Duc, Oliva, Xirivella, Paiporta, Gavarda y Castell\u00f3 del Rugat (Valencia), Bilbao y Elorrio (Vizcaya) y Benavente (Zamora).<\/p>\n","protected":false},"excerpt":{"rendered":"\u00bfD\u00f3nde se ha vendido el primer premio? El 07603, primer premio de la Loter\u00eda del Ni\u00f1o, ha estado&hellip;\n","protected":false},"author":2,"featured_media":326083,"comment_status":"","ping_status":"","sticky":false,"template":"","format":"standard","meta":{"footnotes":""},"categories":[5],"tags":[17,18,25,24,13,14,11,19,20,9,10,15,16,23,12,21,22],"class_list":{"0":"post-326082","1":"post","2":"type-post","3":"status-publish","4":"format-standard","5":"has-post-thumbnail","7":"category-titulares","8":"tag-breaking-news","9":"tag-breakingnews","10":"tag-es","11":"tag-espana","12":"tag-featured-news","13":"tag-featurednews","14":"tag-headlines","15":"tag-latest-news","16":"tag-latestnews","17":"tag-news","18":"tag-noticias","19":"tag-noticias-destacadas","20":"tag-noticiasdestacadas","21":"tag-spain","22":"tag-titulares","23":"tag-ultimas-noticias","24":"tag-ultimasnoticias"},"share_on_mastodon":{"url":"https:\/\/pubeurope.com\/@es\/115848425173193132","error":""},"_links":{"self":[{"href":"https:\/\/www.europesays.com\/es\/wp-json\/wp\/v2\/posts\/326082","targetHints":{"allow":["GET"]}}],"collection":[{"href":"https:\/\/www.europesays.com\/es\/wp-json\/wp\/v2\/posts"}],"about":[{"href":"https:\/\/www.europesays.com\/es\/wp-json\/wp\/v2\/types\/post"}],"author":[{"embeddable":true,"href":"https:\/\/www.europesays.com\/es\/wp-json\/wp\/v2\/users\/2"}],"replies":[{"embeddable":true,"href":"https:\/\/www.europesays.com\/es\/wp-json\/wp\/v2\/comments?post=326082"}],"version-history":[{"count":0,"href":"https:\/\/www.europesays.com\/es\/wp-json\/wp\/v2\/posts\/326082\/revisions"}],"wp:featuredmedia":[{"embeddable":true,"href":"https:\/\/www.europesays.com\/es\/wp-json\/wp\/v2\/media\/326083"}],"wp:attachment":[{"href":"https:\/\/www.europesays.com\/es\/wp-json\/wp\/v2\/media?parent=326082"}],"wp:term":[{"taxonomy":"category","embeddable":true,"href":"https:\/\/www.europesays.com\/es\/wp-json\/wp\/v2\/categories?post=326082"},{"taxonomy":"post_tag","embeddable":true,"href":"https:\/\/www.europesays.com\/es\/wp-json\/wp\/v2\/tags?post=326082"}],"curies":[{"name":"wp","href":"https:\/\/api.w.org\/{rel}","templated":true}]}}