{"id":326116,"date":"2026-01-06T14:07:16","date_gmt":"2026-01-06T14:07:16","guid":{"rendered":"https:\/\/www.europesays.com\/es\/326116\/"},"modified":"2026-01-06T14:07:16","modified_gmt":"2026-01-06T14:07:16","slug":"varios-clubes-apuestan-por-esperar-a-la-nba-europa-con-el-unicaja-posicionado-con-la-fiba-desde-2022","status":"publish","type":"post","link":"https:\/\/www.europesays.com\/es\/326116\/","title":{"rendered":"Varios clubes apuestan por esperar a la NBA Europa, con el Unicaja posicionado con la FIBA desde 2022"},"content":{"rendered":"<p class=\"ft-text\"><strong>El mapa del <\/strong><a class=\"ft-link ft-link--decoration\" href=\"https:\/\/www.laopiniondemalaga.es\/tags\/baloncesto\/\" target=\"_blank\" rel=\"nofollow noopener\"><strong>baloncesto<\/strong><\/a><strong> europeo vuelve a moverse<\/strong>. Este mes de enero parece que <a class=\"ft-link ft-link--decoration\" href=\"https:\/\/www.laopiniondemalaga.es\/unicaja\/2025\/11\/24\/fiba-admite-hay-85-probabilidades-124071135.html\" rel=\"nofollow noopener\" target=\"_blank\">el proyecto de la futura NBA Europa se acelerar\u00e1<\/a> con la presencia del comisionado de la NBA, <strong>Adam Silver<\/strong>, en Londres, con motivo del partido Memphis Grizzlies-Orlando Magic que se jugar\u00e1 en el O2 Arena.<\/p>\n<p class=\"ft-text\">El proyecto de esa<strong> nueva competici\u00f3n bajo el amparo de la FIBA y la NBA es ya imparable<\/strong> y sigue sumando pretendientes de peso, mientras la Euroliga observa c\u00f3mo algunos de sus pilares hist\u00f3ricos evitan comprometer su futuro con la hasta ahora gran competici\u00f3n del baloncesto continental.<\/p>\n<p>Fenerbahce, Real Madrid y Bar\u00e7a<\/p>\n<p class=\"ft-text\">La se\u00f1al m\u00e1s clara del terremoto que se avecina es que <strong>Fenerbahce, Real Madrid y Bar\u00e7a no han firmado su renovaci\u00f3n con la Euroliga.<\/strong><a class=\"ft-link ft-link--decoration\" href=\"https:\/\/www.laopiniondemalaga.es\/unicaja\/2025\/10\/31\/baloncesto-barca-real-madrid-bcl-abandonar-euroliga-123209511.html\" rel=\"nofollow noopener\" target=\"_blank\"> Tres gigantes del baloncesto europeo que, por ahora, mantienen todas las puertas abiertas<\/a> y que podr\u00edan acabar formando parte de esa futura competici\u00f3n impulsada por la NBA en colaboraci\u00f3n con la FIBA. No es un detalle menor: sin ellos, la Euroliga perder\u00eda gran parte de su peso deportivo, comercial y medi\u00e1tico.<\/p>\n<p><img decoding=\"async\" src=\"https:\/\/www.europesays.com\/es\/wp-content\/uploads\/2026\/01\/ee97c709-c4fd-48b6-839d-49f89e2d62ab_alta-libre-aspect-ratio_default_0.jpg\" width=\"1200\" height=\"830\" alt=\"Saras Jasikevicius celebra el t\u00edtulo de la Euroliga que ha ganado con el Fenerbahce.\" class=\"ft-helper-img-rd\" loading=\"lazy\"\/><\/p>\n<p class=\"ft-helper-fontColor-quaternary ft-helper-fontSize-body-S ft-helper-spacer-t-xxs\">Saras Jasikevicius, entrenador del Fenerbahce, celebra el t\u00edtulo de la Euroliga.  \/ RYAN LIM \/ EFE<\/p>\n<p>Asvel, el pr\u00f3ximo en cambiar de acera<\/p>\n<p class=\"ft-text\">Mientras algunos dudan, otros ya se posicionan<strong>. El Alba Berl\u00edn ya es equipo FIBA desde el pasado verano,<\/strong> participando este curso en la BCL y no en la Euroliga. <strong>El Asvel Villeurbanne es otro que va a cruzar de acera en los pr\u00f3ximos meses<\/strong>. El club franc\u00e9s, presidido por Tony Parker, ya ha dejado claro su deseo de formar parte de la NBA Europa, un proyecto que encaja perfectamente con la estrategia de expansi\u00f3n de <a class=\"ft-link ft-link--decoration\" href=\"https:\/\/www.laopiniondemalaga.es\/deportes\/futbol\/primera-division\/clasificacion-liga.html\" target=\"_blank\" rel=\"nofollow noopener\">la liga<\/a> norteamericana en mercados clave como Francia.<\/p>\n<p><img decoding=\"async\" src=\"https:\/\/www.europesays.com\/es\/wp-content\/uploads\/2026\/01\/22c7f64b-16f1-4a76-8895-509eb90daeab_alta-libre-aspect-ratio_default_0.jpg\" width=\"1200\" height=\"800\" alt=\"Plantilla del Asvel 2025 2026.\" class=\"ft-helper-img-rd\" loading=\"lazy\"\/><\/p>\n<p class=\"ft-helper-fontColor-quaternary ft-helper-fontSize-body-S ft-helper-spacer-t-xxs\">Plantilla del Asvel 2025 2026.  \/ Euroleague<\/p>\n<p>El Valencia Basket tambi\u00e9n se lo piensa<\/p>\n<p class=\"ft-text\">En Espa\u00f1a, <strong>el Valencia Basket tambi\u00e9n aparece ahora en el foco<\/strong>. Seg\u00fan adelant\u00f3 la Cadena SER en Valencia, el club taronja tiene firmada con la Euroliga una cl\u00e1usula que le permitir\u00eda abandonar la competici\u00f3n el verano de 2027, a pesar de haber firmado contrato hasta 2028. Un detalle que confirma que el equipo valenciano se est\u00e1 protegiendo ante un posible cambio de modelo.<\/p>\n<p><img decoding=\"async\" src=\"https:\/\/www.europesays.com\/es\/wp-content\/uploads\/2026\/01\/539848b5-57d5-4680-9f60-5e36ba34161a_alta-libre-aspect-ratio_default_0.jpg\" width=\"1200\" height=\"733\" alt=\"Kameron Taylor celebra con alegr\u00eda la victoria del Valencia Basket.\" class=\"ft-helper-img-rd\" loading=\"lazy\"\/><\/p>\n<p class=\"ft-helper-fontColor-quaternary ft-helper-fontSize-body-S ft-helper-spacer-t-xxs\">Kameron Taylor celebra con alegr\u00eda la victoria del Valencia Basket en la Supercopa.  \/ ACBPhoto-Mariano Pozo<\/p>\n<p>El Unicaja, alineado con la FIBA<\/p>\n<p class=\"ft-text\">En ese contexto de incertidumbre, <strong>el Unicaja, lejos del ruido medi\u00e1tico, aparece como uno de los clubes mejor colocados para afrontar lo que venga.<\/strong> El club de Los Guindos observa el tablero desde una situaci\u00f3n muy distinta a la de otros clubes espa\u00f1oles. El conjunto malague\u00f1o dio un paso clave en 2022 al alinearse con la FIBA, apostando decididamente por la Basketball Champions League. <a class=\"ft-link ft-link--decoration\" href=\"https:\/\/www.laopiniondemalaga.es\/unicaja\/2025\/12\/09\/fiba-torneo-clasificatorio-nba-europa-unicaja-124613176.html\" rel=\"nofollow noopener\" target=\"_blank\">Una decisi\u00f3n que en su momento fue muy discutida, pero que en este momento puede convertirse en estrat\u00e9gica.<\/a><\/p>\n<p><img decoding=\"async\" src=\"https:\/\/www.europesays.com\/es\/wp-content\/uploads\/2025\/12\/c2305356-ec13-428c-91ef-35d054c41a54_alta-libre-aspect-ratio_default_0.jpg\" width=\"1200\" height=\"800\" alt=\"Los jugadores celebran su victoria en Atenas.\" class=\"ft-helper-img-rd\" loading=\"lazy\"\/><\/p>\n<p class=\"ft-helper-fontColor-quaternary ft-helper-fontSize-body-S ft-helper-spacer-t-xxs\">Los jugadores celebran su victoria en Atenas.  \/ BCL<\/p>\n<p class=\"ft-text\">Desde entonces, los resultados han acompa\u00f1ado. T\u00edtulos, r\u00e9cord de victorias seguidas y un crecimiento deportivo que ha reforzado el prestigio del club en Europa.<strong> Habr\u00e1 cuatro equipos en la nueva NBA Europa que llegar\u00e1n a la competici\u00f3n por m\u00e9ritos deportivos desde la BCL y el universo FIBA.<\/strong> Y ah\u00ed, a d\u00eda de hoy, el Unicaja est\u00e1 entre los favoritos. En un baloncesto europeo que camina hacia una profunda transformaci\u00f3n, el club apuesta por ser parte del nuevo estatus que se vislumbra en el deporte de la canasta en el Viejo Continente.<\/p>\n<p>La Euroliga, en una encrucijada<\/p>\n<p class=\"ft-text\"><strong>\u00bfQu\u00e9 har\u00e1 ahora la Euroliga? Es la gran pregunta.<\/strong> Su competici\u00f3n es muy s\u00f3lida en lo deportivo, pero deficitaria en lo econ\u00f3mico para sus participantes. La falta de renovaciones de varios equipos, las cl\u00e1usulas de salida y los movimientos estrat\u00e9gicos la dejan en una posici\u00f3n delicada. <a class=\"ft-link ft-link--decoration\" href=\"https:\/\/www.laopiniondemalaga.es\/unicaja\/2025\/11\/07\/nba-europa-anuncia-12-ciudades-unicaja-plazas-123478830.html\" rel=\"nofollow noopener\" target=\"_blank\">El proyecto NBA Europa promete estabilidad econ\u00f3mica, una marca global y un modelo m\u00e1s abierto, justo lo que muchos clubes llevan a\u00f1os reclamando<\/a>. Las pr\u00f3ximas semanas y meses ser\u00e1n decisivos para el nuevo panorama que est\u00e1 por venir.<\/p>\n","protected":false},"excerpt":{"rendered":"El mapa del baloncesto europeo vuelve a moverse. Este mes de enero parece que el proyecto de la&hellip;\n","protected":false},"author":2,"featured_media":326117,"comment_status":"","ping_status":"","sticky":false,"template":"","format":"standard","meta":{"footnotes":""},"categories":[269],"tags":[46095,299,2296,298,4842,15582,168,25,24,833,700,24503,1725,3048,65204,23,167,2246,2916],"class_list":{"0":"post-326116","1":"post","2":"type-post","3":"status-publish","4":"format-standard","5":"has-post-thumbnail","7":"category-baloncesto","8":"tag-asvel","9":"tag-baloncesto","10":"tag-barca","11":"tag-basketball","12":"tag-competicion","13":"tag-continental","14":"tag-deportes","15":"tag-es","16":"tag-espana","17":"tag-euroliga","18":"tag-europa","19":"tag-fenerbahce","20":"tag-nba","21":"tag-real-madrid","22":"tag-seduce","23":"tag-spain","24":"tag-sports","25":"tag-unicaja","26":"tag-valencia-basket"},"share_on_mastodon":{"url":"https:\/\/pubeurope.com\/@es\/115848547227053686","error":""},"_links":{"self":[{"href":"https:\/\/www.europesays.com\/es\/wp-json\/wp\/v2\/posts\/326116","targetHints":{"allow":["GET"]}}],"collection":[{"href":"https:\/\/www.europesays.com\/es\/wp-json\/wp\/v2\/posts"}],"about":[{"href":"https:\/\/www.europesays.com\/es\/wp-json\/wp\/v2\/types\/post"}],"author":[{"embeddable":true,"href":"https:\/\/www.europesays.com\/es\/wp-json\/wp\/v2\/users\/2"}],"replies":[{"embeddable":true,"href":"https:\/\/www.europesays.com\/es\/wp-json\/wp\/v2\/comments?post=326116"}],"version-history":[{"count":0,"href":"https:\/\/www.europesays.com\/es\/wp-json\/wp\/v2\/posts\/326116\/revisions"}],"wp:featuredmedia":[{"embeddable":true,"href":"https:\/\/www.europesays.com\/es\/wp-json\/wp\/v2\/media\/326117"}],"wp:attachment":[{"href":"https:\/\/www.europesays.com\/es\/wp-json\/wp\/v2\/media?parent=326116"}],"wp:term":[{"taxonomy":"category","embeddable":true,"href":"https:\/\/www.europesays.com\/es\/wp-json\/wp\/v2\/categories?post=326116"},{"taxonomy":"post_tag","embeddable":true,"href":"https:\/\/www.europesays.com\/es\/wp-json\/wp\/v2\/tags?post=326116"}],"curies":[{"name":"wp","href":"https:\/\/api.w.org\/{rel}","templated":true}]}}