{"id":326118,"date":"2026-01-06T14:08:17","date_gmt":"2026-01-06T14:08:17","guid":{"rendered":"https:\/\/www.europesays.com\/es\/326118\/"},"modified":"2026-01-06T14:08:17","modified_gmt":"2026-01-06T14:08:17","slug":"el-real-zaragoza-juvenil-la-unica-alegria-de-una-cantera-aniquilada","status":"publish","type":"post","link":"https:\/\/www.europesays.com\/es\/326118\/","title":{"rendered":"El Real Zaragoza juvenil, la \u00fanica alegr\u00eda de una cantera aniquilada"},"content":{"rendered":"<p>            El Real Zaragoza juvenil, la \u00fanica alegr\u00eda de una cantera aniquilada                <\/p>\n<p>El Real Zaragoza juvenil, la \u00fanica alegr\u00eda de una cantera aniquilada<\/p>\n<p class=\"epigraph\">El conjunto de Javier Garc\u00e9s se clasifica para la Copa del Rey y se medir\u00e1 con un campe\u00f3n entre Celta, Athletic, Espanyol, Betis, las Palmas y Valencia<\/p>\n<p class=\"paragraph\"><b>El conjunto juvenil del Real Zaragoza abandera la \u00fanica alegr\u00eda de la aniquilada cantera zaragocista<\/b>. Censado en el dificil\u00edsimo Grupo III de la Divisi\u00f3n de Honor, ha logrado la clasificaci\u00f3n al lograr la quinta plaza al cierre de la primera vuelta, momento en el que se realiza el corte copero. El m\u00e9rito que re\u00fane el grupo que prepara Javier Garc\u00e9s es enorme. Adem\u00e1s de haber sido destrozado por las fugas a canteras de clubes de Primera (hasta 10 jugadores de la generaci\u00f3n), son muchos los jugadores que han tenido que pasar al Arag\u00f3n, a su vez masacrado por los jugadores reclutados por el primer equipo&#8230; para no jugar en el primer equipo.<\/p>\n<p>            Conforme a los criterios de<br \/>\n            <a class=\"trustproject_img\" id=\"trustproject_img\" href=\"https:\/\/thetrustproject.org\/\" target=\"_blank\" rel=\"nofollow noopener\" aria-label=\"Trust Project\"><img decoding=\"async\" loading=\"lazy\" src=\"https:\/\/www.heraldo.es\/images\/Trust-Logo-Horizontal.svg\" alt=\"Logo Trust Project\" width=\"200\" height=\"34\"\/><\/a><\/p>\n<p>                <img decoding=\"async\" loading=\"lazy\" src=\"https:\/\/www.europesays.com\/es\/wp-content\/uploads\/2025\/11\/raul-lahoz.jpeg\" class=\"author-image\" width=\"120\" height=\"120\" alt=\"Ra\u00fal Lahoz\"\/><\/p>\n<p>        <a href=\"https:\/\/www.henneo.com\/\" title=\"Grupo Henneo\" class=\"logo\" rel=\"nofollow noopener\" target=\"_blank\"><br \/>\n            <img decoding=\"async\" src=\"https:\/\/www.heraldo.es\/images\/logo_henneo_gris.svg\" alt=\"Logo Henneo\" width=\"559\" height=\"389\" loading=\"lazy\"\/><br \/>\n        <\/a><\/p>\n<p>\u00a9 HERALDO DE ARAGON EDITORA, S.L.U.<br \/>Tel\u00e9fono 976 765 000 \/ &#8211; P\u00ba. Independencia, 29, 50001 Zaragoza &#8211; CIF: B99288763 &#8211; Inscrita en el Registro Mercantil de Zaragoza al Tomo 3796, Libro 0, Folio 177, Secci\u00f3n 8, Hoja Z-50564<br \/>Queda prohibida toda reproducci\u00f3n sin permiso escrito de la empresa a los efectos del art\u00edculo 32.1, p\u00e1rrafo segundo, de la Ley de Propiedad Intelectual<\/p>\n<p>\n                P\u00ba Independencia, 29, 50001 Zaragoza<br \/> Tel\u00e9fono 976 765 000\n            <\/p>\n<p>                    Actualmente tu navegador no permite ejecutar JavaScript. Para poder disfrutar de nuestro contenido es necesario que lo permita.<br \/>\n                                        <img decoding=\"async\" loading=\"lazy\" alt=\"Heraldo logo\" src=\"https:\/\/dkumiip2e9ary.cloudfront.net\/xalok\/heraldo\/especiales\/hola-de-nuevo\/logo-heraldo.svg\" width=\"215\" height=\"43\"\/><\/p>\n","protected":false},"excerpt":{"rendered":"El Real Zaragoza juvenil, la \u00fanica alegr\u00eda de una cantera aniquilada El Real Zaragoza juvenil, la \u00fanica alegr\u00eda&hellip;\n","protected":false},"author":2,"featured_media":326119,"comment_status":"","ping_status":"","sticky":false,"template":"","format":"standard","meta":{"footnotes":""},"categories":[268],"tags":[20708,75463,2512,168,25,24,280,282,3133,281,23,167,491],"class_list":{"0":"post-326118","1":"post","2":"type-post","3":"status-publish","4":"format-standard","5":"has-post-thumbnail","7":"category-futbol","8":"tag-alegria","9":"tag-aniquilada","10":"tag-cantera","11":"tag-deportes","12":"tag-es","13":"tag-espana","14":"tag-football","15":"tag-futbol","16":"tag-juvenil","17":"tag-soccer","18":"tag-spain","19":"tag-sports","20":"tag-zaragoza"},"share_on_mastodon":{"url":"https:\/\/pubeurope.com\/@es\/115848551273218454","error":""},"_links":{"self":[{"href":"https:\/\/www.europesays.com\/es\/wp-json\/wp\/v2\/posts\/326118","targetHints":{"allow":["GET"]}}],"collection":[{"href":"https:\/\/www.europesays.com\/es\/wp-json\/wp\/v2\/posts"}],"about":[{"href":"https:\/\/www.europesays.com\/es\/wp-json\/wp\/v2\/types\/post"}],"author":[{"embeddable":true,"href":"https:\/\/www.europesays.com\/es\/wp-json\/wp\/v2\/users\/2"}],"replies":[{"embeddable":true,"href":"https:\/\/www.europesays.com\/es\/wp-json\/wp\/v2\/comments?post=326118"}],"version-history":[{"count":0,"href":"https:\/\/www.europesays.com\/es\/wp-json\/wp\/v2\/posts\/326118\/revisions"}],"wp:featuredmedia":[{"embeddable":true,"href":"https:\/\/www.europesays.com\/es\/wp-json\/wp\/v2\/media\/326119"}],"wp:attachment":[{"href":"https:\/\/www.europesays.com\/es\/wp-json\/wp\/v2\/media?parent=326118"}],"wp:term":[{"taxonomy":"category","embeddable":true,"href":"https:\/\/www.europesays.com\/es\/wp-json\/wp\/v2\/categories?post=326118"},{"taxonomy":"post_tag","embeddable":true,"href":"https:\/\/www.europesays.com\/es\/wp-json\/wp\/v2\/tags?post=326118"}],"curies":[{"name":"wp","href":"https:\/\/api.w.org\/{rel}","templated":true}]}}