{"id":326139,"date":"2026-01-06T14:22:32","date_gmt":"2026-01-06T14:22:32","guid":{"rendered":"https:\/\/www.europesays.com\/es\/326139\/"},"modified":"2026-01-06T14:22:32","modified_gmt":"2026-01-06T14:22:32","slug":"trump-confirma-que-no-habra-elecciones-en-venezuela-en-30-dias-como-preve-la-legislacion-yo-estoy-al-mando","status":"publish","type":"post","link":"https:\/\/www.europesays.com\/es\/326139\/","title":{"rendered":"Trump confirma que no habr\u00e1 elecciones en Venezuela en 30 d\u00edas como prev\u00e9 la legislaci\u00f3n: \u00abYo estoy al mando\u00bb"},"content":{"rendered":"<p class=\"L6-news-detail__text\">El presidente estadounidense, Donald Trump, <b>ha descartado este lunes una convocatoria de elecciones<\/b> en Venezuela en los pr\u00f3ximos 30 d\u00edas hasta que el pa\u00eds andino \u00abrecupere su salud\u00bb.<\/p>\n<p class=\"L6-news-detail__text\">En una entrevista con la cadena NBC News concedida dos d\u00edas despu\u00e9s de que Washington <b><a title=\"capturara al presidente venezolano\" href=\"https:\/\/www.lasexta.com\/noticias\/internacional\/maduro-declara-inocente-promete-dar-batalla-judicial-eeuu-soy-presidente-venezuela-estoy-secuestrado_20260105695c24b222f0db7daf0651e6.html\" target=\"_blank\" rel=\"nofollow noopener\">capturara al presidente venezolano<\/a><\/b>, Nicol\u00e1s Maduro, y lo trasladara a EEUU para juzgarlo por narcoterrorismo, el mandatario ha dibujado una <b>transici\u00f3n en Venezuela a m\u00e1s largo plazo<\/b> y ha vuelto a insistir en que la prioridad es reparar las infraestructuras del pa\u00eds.<\/p>\n<p class=\"L6-news-detail__text\">\u00ab<b>Primero tenemos que arreglar el pa\u00eds<\/b>. No se pueden celebrar elecciones. No hay forma de que la gente pueda votar\u00bb, ha dicho Trump al ser preguntado sobre la posibilidad de comicios en el plazo de un mes. \u00abNo, llevar\u00e1 un tiempo. Tenemos que ayudar al pa\u00eds a recuperarse\u00bb, ha sentenciado.<\/p>\n<p class=\"L6-news-detail__text\">En los \u00faltimos d\u00edas Trump ha puesto en duda que la principal l\u00edder opositora venezolana, <b><a title=\"Mar\u00eda Corina Machado\" href=\"https:\/\/www.lasexta.com\/noticias\/internacional\/trump-descarto-maria-corina-machado-liderar-venezuela-renunciar-nobel-paz-favor-magnate_20260105695bae28af09df50109bd9e3.html\" target=\"_blank\" rel=\"nofollow noopener\">Mar\u00eda Corina Machado<\/a><\/b>, tenga capacidad para gobernar en Venezuela porque \u00abno tiene el respeto ni apoyo suficientes en el pa\u00eds\u00bb y ha dicho que su Gobierno est\u00e1 en contacto con la presidente encargada de Venezuela, <b><a title=\"Delcy Rodr\u00edguez\" href=\"https:\/\/www.lasexta.com\/noticias\/internacional\/eeuu-opta-pragmatismo-delcy-rodriguez-frente-vacio-que-supondria-preferir-maria-corina-machado_20260106695c447dea66eb7353277099.html\" target=\"_blank\" rel=\"nofollow noopener\">Delcy Rodr\u00edguez<\/a><\/b>, a la que ha advertido con un \u00absegundo ataque\u00bb si su Gobierno chavista \u00abno se porta bien\u00bb.<\/p>\n<p class=\"L6-news-detail__text\">El republicano, que ha dicho sin ambajes que Washington <b>est\u00e1 ahora mismo \u00aba cargo\u00bb de Venezuela<\/b>, ha afirmado en la entrevista de hoy que figuras como el secretario de Estado, Marco Rubio, el de Guerra, Pete Hegseth, su jefe adjunto de Gabinete, Stephen Miller, o el vicepresidente, JD Vance, <b>estar\u00e1n al frente de la gesti\u00f3n del pa\u00eds<\/b> caribe\u00f1o por un tiempo indeterminado.<\/p>\n<p class=\"L6-news-detail__text\">Ayer mismo, Trump pareci\u00f3 descartar ya la posibilidad de celebrar pronto elecciones en Venezuela. \u00abCreo que nos estamos enfocando m\u00e1s en arreglarlo, en prepararlo primero, porque es un desastre. <b>El pa\u00eds es un desastre<\/b>\u00ab, asegur\u00f3.<\/p>\n<p>Trump asegura que Delcy Rodr\u00edguez est\u00e1 \u00abcooperando\u00bb con EEUU<\/p>\n<p class=\"L6-news-detail__text\">En la entrevista con NBC News, Trump ha dicho que la presidenta encargada de Venezuela, Delcy Rodr\u00edguez, <b>est\u00e1 \u00abcooperando\u00bb con las autoridades estadounidenses<\/b>.<\/p>\n<p class=\"L6-news-detail__text\">\u00abTengo la sensaci\u00f3n de que est\u00e1 cooperando. Necesitan ayuda. Y tengo la sensaci\u00f3n de que (Rodr\u00edguez) <b>ama a su pa\u00eds y quiere que su pa\u00eds sobreviva<\/b>\u00ab, ha afirmado Trump sobre la que era vicepresidenta de Nicol\u00e1s Maduro antes de su captura el 3 de enero por parte de las fuerzas estadounidenses.<\/p>\n<p class=\"L6-news-detail__text\">El mandatario ha agregado que no hubo contacto desde Washington con Rodr\u00edguez antes de la <b><a title=\"operaci\u00f3n militar que detuvo a Maduro\" href=\"https:\/\/www.lasexta.com\/noticias\/internacional\/delta-force-unidad-elite-eeuu-que-persiguio-sadam-huseim-pablo-escobar-que-ahora-capturado-maduro_2026010369597aa1af09df50109a685d.html\" target=\"_blank\" rel=\"nofollow noopener\">operaci\u00f3n militar que detuvo a Maduro<\/a><\/b> y a su esposa, Cilia Flores, en su residencia de Caracas, en la que tambi\u00e9n se bombardearon varios puntos del territorio venezolano.<\/p>\n<p class=\"L6-news-detail__text\"><b><a title=\"Rodr\u00edguez jur\u00f3 este lunes su cargo de presidenta\" href=\"https:\/\/www.lasexta.com\/noticias\/internacional\/delcy-rodriguez-jura-cargo-como-presidenta-encargada-venezuela-dolor-agresion-ilegitima-eeuu_20260105695c0c34af09df50109c26a5.html\" target=\"_blank\" rel=\"nofollow noopener\">Rodr\u00edguez jur\u00f3 este lunes su cargo de presidenta<\/a><\/b> encargada de Venezuela frente a su hermano, el chavista Jorge Rodr\u00edguez, presidente de la Asamblea Nacional (AN, Parlamento) que este mismo lunes inaugur\u00f3 un nuevo periodo legislativo dominado por el oficialismo.<\/p>\n<p class=\"L6-news-detail__text\">\u00abVengo con dolor por el sufrimiento que se le ha causado al pueblo venezolano luego de una <b>agresi\u00f3n militar ileg\u00edtima<\/b> contra nuestra patria\u00bb, ha dicho Rodr\u00edguez durante el acto, y ha denunciado que Maduro y Flores son \u00abrehenes\u00bb en EEUU.<\/p>\n<p class=\"L6-news-detail__text\">La Administraci\u00f3n Trump ya hab\u00eda se\u00f1alado a Rodr\u00edguez como la interlocutora desde Caracas incluso antes de su juramento y <b><a title=\"por delante de la l\u00edder opositora Mar\u00eda Corina Machado\" href=\"https:\/\/www.lasexta.com\/noticias\/internacional\/trump-descarto-maria-corina-machado-liderar-venezuela-renunciar-nobel-paz-favor-magnate_20260105695bae28af09df50109bd9e3.html\" target=\"_blank\" rel=\"nofollow noopener\">por delante de la l\u00edder opositora Mar\u00eda Corina Machado<\/a><\/b> o de <b><a title=\"Edmundo Gonz\u00e1lez Urrutia\" href=\"https:\/\/www.lasexta.com\/noticias\/internacional\/bruselas-pide-transicion-venezuela-que-incluya-corina-machado-edmundo-gonzalez_20260105695ba7d7ea66eb735326f691.html\" target=\"_blank\" rel=\"nofollow noopener\">Edmundo Gonz\u00e1lez Urrutia<\/a><\/b>, el candidato que se enfrent\u00f3 a Maduro en las controvertidas elecciones presidenciales de 2024 y que la oposici\u00f3n considera presidente electo de Venezuela.<\/p>\n<p class=\"L6-news-detail__text\">Tanto Trump como el secretario de Estado de Estados Unidos, Marco Rubio, han advertido con dureza a Rodr\u00edguez de <b>consecuencias \u00abmucho peores\u00bb<\/b> que las que ha sufrido Maduro si la presidenta encargada no \u00abcumple\u00bb con los lineamientos de Washington. El presidente estadounidense tambi\u00e9n le pidi\u00f3 a Rodr\u00edguez \u00abacceso total\u00bb al petr\u00f3leo y otros recursos e infraestructuras venezolanas.<\/p>\n<p class=\"L6-news-detail__text\"><b><a title=\"*Sigue a laSexta en Google. Toda la actualidad y el mejor contenido aqu\u00ed.\" href=\"https:\/\/profile.google.com\/cp\/CgkvbS8wZG5xejA\" target=\"_blank\" rel=\"nofollow noopener\">*Sigue a laSexta en Google. Toda la actualidad y el mejor contenido aqu\u00ed.<\/a><\/b><\/p>\n<p class=\"L6-support-news-video__title\">Tras la captura de Maduro<\/p>\n<p>            <a href=\"https:\/\/www.lasexta.com\/noticias\/internacional\/maria-corina-machado-dispuesta-compartir-trump-nobel-paz-seguro-que-queremos-darselo_20260106695d0dbdaf09df50109cc120.html\" class=\"L6-news__link\" rel=\"nofollow noopener\" target=\"_blank\"><br \/>\n                Mar\u00eda Corina Machado, dispuesta a compartir con Trump su Nobel de la Paz: \u00abSeguro que queremos d\u00e1rselo a \u00e9l\u00bb<\/p>\n<p class=\"recirculation-video-desc\">El contexto La l\u00edder opositora venezolana ha dicho que quiere compartir con Trump su Premio Nobel de la Paz. Un premio que Trump considera suyo. Ya en octubre, el republicano expres\u00f3 su malestar porque la opositora venezolana no rechazara el Nobel para entreg\u00e1rselo a \u00e9l.<\/p>\n<p>            <\/a><\/p>\n","protected":false},"excerpt":{"rendered":"El presidente estadounidense, Donald Trump, ha descartado este lunes una convocatoria de elecciones en Venezuela en los pr\u00f3ximos&hellip;\n","protected":false},"author":2,"featured_media":326140,"comment_status":"","ping_status":"","sticky":false,"template":"","format":"standard","meta":{"footnotes":""},"categories":[5],"tags":[17,18,25,24,13,14,11,19,20,9,10,15,16,23,12,21,22],"class_list":{"0":"post-326139","1":"post","2":"type-post","3":"status-publish","4":"format-standard","5":"has-post-thumbnail","7":"category-titulares","8":"tag-breaking-news","9":"tag-breakingnews","10":"tag-es","11":"tag-espana","12":"tag-featured-news","13":"tag-featurednews","14":"tag-headlines","15":"tag-latest-news","16":"tag-latestnews","17":"tag-news","18":"tag-noticias","19":"tag-noticias-destacadas","20":"tag-noticiasdestacadas","21":"tag-spain","22":"tag-titulares","23":"tag-ultimas-noticias","24":"tag-ultimasnoticias"},"share_on_mastodon":{"url":"https:\/\/pubeurope.com\/@es\/115848606030659819","error":""},"_links":{"self":[{"href":"https:\/\/www.europesays.com\/es\/wp-json\/wp\/v2\/posts\/326139","targetHints":{"allow":["GET"]}}],"collection":[{"href":"https:\/\/www.europesays.com\/es\/wp-json\/wp\/v2\/posts"}],"about":[{"href":"https:\/\/www.europesays.com\/es\/wp-json\/wp\/v2\/types\/post"}],"author":[{"embeddable":true,"href":"https:\/\/www.europesays.com\/es\/wp-json\/wp\/v2\/users\/2"}],"replies":[{"embeddable":true,"href":"https:\/\/www.europesays.com\/es\/wp-json\/wp\/v2\/comments?post=326139"}],"version-history":[{"count":0,"href":"https:\/\/www.europesays.com\/es\/wp-json\/wp\/v2\/posts\/326139\/revisions"}],"wp:featuredmedia":[{"embeddable":true,"href":"https:\/\/www.europesays.com\/es\/wp-json\/wp\/v2\/media\/326140"}],"wp:attachment":[{"href":"https:\/\/www.europesays.com\/es\/wp-json\/wp\/v2\/media?parent=326139"}],"wp:term":[{"taxonomy":"category","embeddable":true,"href":"https:\/\/www.europesays.com\/es\/wp-json\/wp\/v2\/categories?post=326139"},{"taxonomy":"post_tag","embeddable":true,"href":"https:\/\/www.europesays.com\/es\/wp-json\/wp\/v2\/tags?post=326139"}],"curies":[{"name":"wp","href":"https:\/\/api.w.org\/{rel}","templated":true}]}}