{"id":326195,"date":"2026-01-06T15:07:07","date_gmt":"2026-01-06T15:07:07","guid":{"rendered":"https:\/\/www.europesays.com\/es\/326195\/"},"modified":"2026-01-06T15:07:07","modified_gmt":"2026-01-06T15:07:07","slug":"pascua-militar-2026-en-el-palacio-real-de-madrid","status":"publish","type":"post","link":"https:\/\/www.europesays.com\/es\/326195\/","title":{"rendered":"Pascua Militar 2026 en el Palacio Real de Madrid"},"content":{"rendered":"<p>Los <strong>reyes Felipe VI y Letizia, junto a la princesa Leonor<\/strong>, han presidido este martes la tradicional<strong> Pascua Militar. <\/strong>Como cada a\u00f1o, este acto castrense ha congregado al los principales representantes de los tres ej\u00e9rcitos y la Guardia Civil. <\/p>\n<p>En esta ocasi\u00f3n <strong>no ha asistido el presidente del Gobierno, Pedro S\u00e1nchez<\/strong>, porque ha estado presente en una cumbre en Par\u00eds en apoyo a Ucrania. En representaci\u00f3n del Ejecutivo han estado presentes la ministra de Defensa, Margarita Robles, y el titular de Interior, Fernando Grande-Marlaska.<\/p>\n<p>La ceremonia ha tenido lugar en el <strong>Palacio Real de Madrid<\/strong>, donde Felipe VI ha pasado revista a las tropas, ha condecorado a militares y civiles y ha pronunciado un discurso en el que ha alertado de la \u00absensaci\u00f3n creciente de amenaza\u00bb en Europa y defiende un orden global \u00abbasado en normas\u00bb.<\/p>\n<p>Estas son las mejores im\u00e1genes:<\/p>\n<p>El rey llega al Palacio Real y pasa revista en la plaza de la Armer\u00eda<\/p>\n<p>La Pascua Militar ha arrancado a las 12 horas en el Palacio Real. Se trata de una tradici\u00f3n que instaur\u00f3 Carlos III como felicitaci\u00f3n al ej\u00e9rcito despu\u00e9s de que Espa\u00f1a recuperara la localidad de Mah\u00f3n, en Menorca, de manos de los ingleses el 6 de enero de 1782.<\/p>\n<p>Durante el acto, se ha interpretado el himno nacional y se han lanzado 21 ca\u00f1onazos. Posteriormente, el rey ha pasado revista a las tropas acompa\u00f1ado del <strong>jefe de Estado Mayor de la Defensa (Jemad)<\/strong>, el almirante Teodoro L\u00f3pez Calder\u00f3n, y el jefe del Cuarto Militar de la Casa del Rey, Eduardo Diz Monje.<\/p>\n<p>El rey Felipe VI, acompa\u00f1ado por el jefe de Estado Mayor de la Defensa, Teodoro L\u00f3pez Calder\u00f3n, durante la ceremonia de la Pascua Militar.\u00a0EFE\/ Juanjo Mart\u00edn<\/p>\n<p>El Rey Felipe VI, durante la Pascua Militar, en el Palacio Real, pasa revista a las tropas.\u00a0Diego Radames\/POOL Diego Radam\u00e9s\/POOL<\/p>\n<p>Ausencia de Pedro S\u00e1nchez en la Pascua Militar de 2026<\/p>\n<p>En esta ocasi\u00f3n, no ha estado presente el presidente del Gobierno, Pedro S\u00e1nchez. Y es que este 6 de enero el jefe del Ejecutivo ha viajado <strong>a Par\u00eds<\/strong> para participar en la reuni\u00f3n de la <strong>Coalici\u00f3n de Voluntarios<\/strong> junto al presidente ucraniano Volodomir Zelenski. Se trata de la primera reuni\u00f3n del a\u00f1o de los socios europeos aliados de Kiev.<\/p>\n<p>En representaci\u00f3n del Ejecutivo <strong>han estado los ministros de Defensa, Margarita Robles, y el titular de Interior, Fernando Grande-Marlaska<\/strong>.<\/p>\n<p>El rey Felipe VI, la reina Letizia, la princesa Leonor, la ministra de Defensa, Margarita Robles y el ministro de Interior, Fernando Grande Marlaska, durante la Pascua Militar, en el Palacio Real.\u00a0Diego Radames\/POOL Diego Radam\u00e9s\/POOL<\/p>\n<p>Tercer a\u00f1o consecutivo de la princesa Leonor en este acto<\/p>\n<p>La princesa <strong>Leonor <\/strong>ha participado por tercera vez en la ceremonia de la Pascua Militar. Est\u00e1 inmersa en su formaci\u00f3n castrense, este a\u00f1o en la Academia General del Aire (San Javier, Murcia) para formarse en el Ej\u00e9rcito del Aire y del Espacio. <\/p>\n<p>La princesa Leonor, durante la Pascua Militar, en el Palacio Real. Es el tercer a\u00f1o consecutivo que participa en este acto.\u00a0Diego Radames\/POOL Diego Radam\u00e9s\/POOL<\/p>\n<p>El rey Felipe VI, la reina Letizia, y la princesa Leonor, durante la Pascua Militar, en el interior del Palacio Real.\u00a0Diego Radames\/POOL Diego Radam\u00e9s\/POOL<\/p>\n<p>Los reyes han recibido a los invitados en el Palacio Real<\/p>\n<p>Como es tradici\u00f3n, ya en el interior del Palacio Real, los reyes y la princesa han recibido uno a uno a todos los invitados. Este es el pr\u00f3logo del acto central en el Sal\u00f3n del Trono. <\/p>\n<p>El rey Felipe VI y la reina Letizia saludan a un alto mando militar en el Sal\u00f3n del Trono del Palacio Real en el marco de la ceremonia de la Pascua Militar.\u00a0EFE\/ J.J. Mart\u00edn<\/p>\n<p>Discursos del rey y la ministra de defensa<\/p>\n<p>El acto de la Pascua Militar termina con los discursos del monarca y de la ministra de Defensa, Margarita Robles. <\/p>\n<p>En el caso de Felipe VI, ha alertado de que el a\u00f1o 2025 \u201cnos deja una <strong>sensaci\u00f3n creciente de amenaza\u201d que afecta a Europa<\/strong> y que vuelve a evidenciar \u201ccu\u00e1n valioso\u201d es tener unas Fuerzas Armadas formadas. Al mismo tiempo, ha defendido un orden global \u201cbasado en normas\u201d, sin hacer referencia expl\u00edcita a la situaci\u00f3n que se ha abierto en Venezuela.<\/p>\n<p>El rey Felipe VI pronuncia su discurso durante la celebraci\u00f3n de la Pascua Militar en el Sal\u00f3n del Trono del Palacio Real.\u00a0EFE\/ J.J. Guill\u00e9n \/ POOL<\/p>\n<p>Por su parte, Margarira Robles ha avisado a Estados Unidos de que \u00abno hay actuaciones leg\u00edtimas posibles\u00bb fuera del ordenamiento jur\u00eddico internacional\u00bb, sin citar expl\u00edcitamente a la <strong>situaci\u00f3n en Venezuela. <\/strong><\/p>\n<p>La ministra de Defensa, Margarita Robles, pronuncia su discurso durante la celebraci\u00f3n de la Pascua Militar en el Sal\u00f3n del Trono del Palacio Real.\u00a0EFE\/ Jj Guill\u00e9n POOL<\/p>\n","protected":false},"excerpt":{"rendered":"Los reyes Felipe VI y Letizia, junto a la princesa Leonor, han presidido este martes la tradicional Pascua&hellip;\n","protected":false},"author":2,"featured_media":326196,"comment_status":"","ping_status":"","sticky":false,"template":"","format":"standard","meta":{"footnotes":""},"categories":[8],"tags":[17,18,25,24,13,14,11,19,20,9,10,15,16,23,12,21,22],"class_list":{"0":"post-326195","1":"post","2":"type-post","3":"status-publish","4":"format-standard","5":"has-post-thumbnail","7":"category-espana","8":"tag-breaking-news","9":"tag-breakingnews","10":"tag-es","11":"tag-espana","12":"tag-featured-news","13":"tag-featurednews","14":"tag-headlines","15":"tag-latest-news","16":"tag-latestnews","17":"tag-news","18":"tag-noticias","19":"tag-noticias-destacadas","20":"tag-noticiasdestacadas","21":"tag-spain","22":"tag-titulares","23":"tag-ultimas-noticias","24":"tag-ultimasnoticias"},"share_on_mastodon":{"url":"https:\/\/pubeurope.com\/@es\/115848783188307604","error":""},"_links":{"self":[{"href":"https:\/\/www.europesays.com\/es\/wp-json\/wp\/v2\/posts\/326195","targetHints":{"allow":["GET"]}}],"collection":[{"href":"https:\/\/www.europesays.com\/es\/wp-json\/wp\/v2\/posts"}],"about":[{"href":"https:\/\/www.europesays.com\/es\/wp-json\/wp\/v2\/types\/post"}],"author":[{"embeddable":true,"href":"https:\/\/www.europesays.com\/es\/wp-json\/wp\/v2\/users\/2"}],"replies":[{"embeddable":true,"href":"https:\/\/www.europesays.com\/es\/wp-json\/wp\/v2\/comments?post=326195"}],"version-history":[{"count":0,"href":"https:\/\/www.europesays.com\/es\/wp-json\/wp\/v2\/posts\/326195\/revisions"}],"wp:featuredmedia":[{"embeddable":true,"href":"https:\/\/www.europesays.com\/es\/wp-json\/wp\/v2\/media\/326196"}],"wp:attachment":[{"href":"https:\/\/www.europesays.com\/es\/wp-json\/wp\/v2\/media?parent=326195"}],"wp:term":[{"taxonomy":"category","embeddable":true,"href":"https:\/\/www.europesays.com\/es\/wp-json\/wp\/v2\/categories?post=326195"},{"taxonomy":"post_tag","embeddable":true,"href":"https:\/\/www.europesays.com\/es\/wp-json\/wp\/v2\/tags?post=326195"}],"curies":[{"name":"wp","href":"https:\/\/api.w.org\/{rel}","templated":true}]}}