{"id":326297,"date":"2026-01-06T16:31:16","date_gmt":"2026-01-06T16:31:16","guid":{"rendered":"https:\/\/www.europesays.com\/es\/326297\/"},"modified":"2026-01-06T16:31:16","modified_gmt":"2026-01-06T16:31:16","slug":"por-que-ob-la-di-ob-la-da-tardo-42-horas-en-grabarse-la-historia-detras-del-bloqueo-creativo-de-mccartney-y-el-giro-inesperado-que-dio-lennon","status":"publish","type":"post","link":"https:\/\/www.europesays.com\/es\/326297\/","title":{"rendered":"Por qu\u00e9 \u201cOb-La-Di, Ob-La-Da\u201d tard\u00f3 42 horas en grabarse: la historia detr\u00e1s del bloqueo creativo de McCartney y el giro inesperado que dio Lennon"},"content":{"rendered":"<p>La grabaci\u00f3n de &#8216;Ob-La-Di, Ob-La-Da&#8217; de The Beatles requiri\u00f3 42 horas y m\u00faltiples tomas ante el bloqueo creativo de la banda<\/p>\n<p class=\"paragraph\">Un d\u00eda de 1968, en los estudios de grabaci\u00f3n de Londres, el ambiente se torn\u00f3 tenso. <a rel=\"noopener noreferrer nofollow\" href=\"https:\/\/www.infobae.com\/america\/entretenimiento\/2022\/06\/18\/el-recorrido-musical-de-paul-mccartney-por-liverpool-en-el-carpool-karaoke-mas-emotivo-de-la-historia\/\" target=\"_blank\" title=\"https:\/\/www.infobae.com\/america\/entretenimiento\/2022\/06\/18\/el-recorrido-musical-de-paul-mccartney-por-liverpool-en-el-carpool-karaoke-mas-emotivo-de-la-historia\/\">Paul McCartney<\/a>, George Harrison y Ringo Starr intentaban finalizar <b>\u201cOb-La-Di, Ob-La-Da\u201d <\/b>para el <a rel=\"noopener noreferrer nofollow\" href=\"https:\/\/www.infobae.com\/america\/cultura-america\/2018\/11\/18\/50-anos-del-album-blanco-la-obra-maestra-que-marco-el-principio-del-fin-de-the-beatles\/\" target=\"_blank\" title=\"https:\/\/www.infobae.com\/america\/cultura-america\/2018\/11\/18\/50-anos-del-album-blanco-la-obra-maestra-que-marco-el-principio-del-fin-de-the-beatles\/\"><b>\u201cWhite Album\u201d<\/b><\/a>, pero la sesi\u00f3n se estanc\u00f3. John Lennon, ausente durante gran parte del proceso, irrumpi\u00f3 en el estudio y, con energ\u00eda, modific\u00f3 el rumbo de la grabaci\u00f3n. As\u00ed, la banda complet\u00f3 una de sus canciones m\u00e1s reconocidas. La escena marc\u00f3 un punto de inflexi\u00f3n en la creaci\u00f3n del tema, que luego recorri\u00f3 el mundo.<\/p>\n<p class=\"paragraph\">El proceso de grabaci\u00f3n de \u201cOb-La-Di, Ob-La-Da\u201d result\u00f3 intenso. La canci\u00f3n, escrita principalmente por McCartney, requiri\u00f3 <b>m\u00e1s de 40 horas de trabajo y m\u00faltiples tomas<\/b>. Seg\u00fan testimonios de integrantes y t\u00e9cnicos, el clima en el estudio se torn\u00f3 pesado a medida que avanzaba la grabaci\u00f3n. De acuerdo con Richard Lush, ingeniero de sonido, la banda decidi\u00f3 descartar versiones anteriores y empezar de nuevo varias veces. Esto gener\u00f3 cansancio y cierta frustraci\u00f3n en quienes participaban de las sesiones.<\/p>\n<p><img alt=\"La intervenci\u00f3n de John Lennon\" class=\"global-image\" decoding=\"async\" fetchpriority=\"low\" height=\"1080\" loading=\"lazy\" src=\"https:\/\/www.europesays.com\/es\/wp-content\/uploads\/2026\/01\/SXP57DORERGURNGK6PBOSPO5OQ.jpg\" width=\"1920\"\/>La intervenci\u00f3n de John Lennon result\u00f3 clave al cambiar el ritmo y la energ\u00eda de la canci\u00f3n en un momento de tensi\u00f3n entre los miembros (AP)<\/p>\n<p class=\"paragraph\">Seg\u00fan Lush, citado por American Songwriter, <b>la llegada de Lennon al estudio rompi\u00f3 la monoton\u00eda.<\/b> Lennon, seg\u00fan el ingeniero, se encontraba en un estado alterado y se dirigi\u00f3 al piano para tocar la melod\u00eda con fuerza y el doble de velocidad que las tomas anteriores. \u201cEsta es la versi\u00f3n\u201d, exclam\u00f3, y la banda adopt\u00f3 ese ritmo para el registro final. La intervenci\u00f3n fue decisiva y permiti\u00f3 avanzar con la grabaci\u00f3n.<\/p>\n<p class=\"paragraph\">El trabajo en \u201cOb-La-Di, Ob-La-Da\u201d result\u00f3 especialmente arduo para el grupo, acostumbrado a sesiones m\u00e1s fluidas. Seg\u00fan McCartney,<b> la canci\u00f3n exigi\u00f3 paciencia y perseverancia.<\/b> Harrison y Starr, por momentos, mostraron se\u00f1ales de agotamiento ante la cantidad de repeticiones y cambios. Sin embargo, la inesperada irrupci\u00f3n de Lennon funcion\u00f3 como un catalizador que renov\u00f3 la energ\u00eda en el estudio. Su aporte cambi\u00f3 la direcci\u00f3n musical del tema y aceler\u00f3 el proceso.<\/p>\n<p><img alt=\"Paul McCartney lider\u00f3 la composici\u00f3n\" class=\"global-image\" decoding=\"async\" fetchpriority=\"low\" height=\"1460\" loading=\"lazy\" src=\"https:\/\/www.europesays.com\/es\/wp-content\/uploads\/2026\/01\/LQTRDLKYABDPFKGS4JVYRMMZJU.jpg\" width=\"2596\"\/>Paul McCartney lider\u00f3 la composici\u00f3n de &#8216;Ob-La-Di, Ob-La-Da&#8217;, encontrando inspiraci\u00f3n en el m\u00fasico nigeriano Jimmy Scott y su frase caracter\u00edstica (Foto AP\/Archivo)<\/p>\n<p class=\"paragraph\">La versi\u00f3n final, con mayor velocidad y un ritmo m\u00e1s en\u00e9rgico, se incluy\u00f3 en el \u201cWhite Album\u201d, editado en 1968.<b> La canci\u00f3n, caracterizada por su melod\u00eda pegadiza, contrast\u00f3 con otros temas m\u00e1s introspectivos del disco.<\/b> En pa\u00edses como Estados Unidos y Reino Unido, la canci\u00f3n no se lanz\u00f3 como sencillo de inmediato. De acuerdo con la discograf\u00eda de la banda, el lanzamiento como single en esos mercados ocurri\u00f3 reci\u00e9n en 1976, acompa\u00f1ado por \u201cJulia\u201d en el lado B. En otras regiones, el sencillo sali\u00f3 junto a \u201cWhile My Guitar Gently Weeps\u201d.<\/p>\n<p class=\"paragraph\">La historia de \u201cOb-La-Di, Ob-La-Da\u201d incluy\u00f3 momentos inesperados muchos a\u00f1os despu\u00e9s de su aparici\u00f3n. Tras los ataques del 11 de septiembre de 2001, varias emisoras de radio estadounidenses decidieron prohibir la difusi\u00f3n de la canci\u00f3n. Seg\u00fan American Songwriter, la decisi\u00f3n respondi\u00f3 a que la letra, de tono alegre y despreocupado, resultaba inadecuada para el \u00e1nimo del pa\u00eds en ese momento. <b>\u201cOb-La-Di, Ob-La-Da\u201d se sum\u00f3 as\u00ed a una lista de temas vetados temporalmente en la radio.<\/b><\/p>\n<p><img alt=\"Las sesiones de grabaci\u00f3n en\" class=\"global-image\" decoding=\"async\" fetchpriority=\"low\" height=\"2100\" loading=\"lazy\" src=\"https:\/\/www.europesays.com\/es\/wp-content\/uploads\/2026\/01\/L2TASSQFB5FZTF5Q77ZRPT54SM.jpg\" width=\"3407\"\/>Las sesiones de grabaci\u00f3n en 1968 estuvieron marcadas por el cansancio y las versiones descartadas, seg\u00fan testimonios del ingeniero Richard Lush (AP Foto)<\/p>\n<p class=\"paragraph\">La inspiraci\u00f3n detr\u00e1s de la canci\u00f3n surgi\u00f3 del m\u00fasico nigeriano Jimmy Scott, quien acostumbraba a repetir la frase \u201cOb-La-Di, Ob-La-Da\u201d en los encuentros con McCartney.<b> El t\u00edtulo y la actitud ligera del tema reflejaron aquella influencia.<\/b> A pesar de las cr\u00edticas de Lennon, que consideraba la canci\u00f3n demasiado ligera, el grupo decidi\u00f3 incluirla en un \u00e1lbum fundamental de su trayectoria. Con el tiempo, la canci\u00f3n obtuvo reconocimiento internacional y se convirti\u00f3 en un cl\u00e1sico de la banda.<\/p>\n<p class=\"paragraph\">La historia de \u201cOb-La-Di, Ob-La-Da\u201d muestra la din\u00e1mica interna de The Beatles durante su etapa final. El perfeccionismo de McCartney y la espontaneidad de Lennon se fusionaron para dar vida a una canci\u00f3n que, pese a las diferencias, logr\u00f3 superar obst\u00e1culos y convertirse en un \u00e9xito. La participaci\u00f3n decisiva de Lennon en el momento cr\u00edtico de la grabaci\u00f3n consolid\u00f3 el esp\u00edritu colaborativo que caracteriz\u00f3 a la banda.<\/p>\n<p><img alt=\"El sencillo 'Ob-La-Di, Ob-La-Da' no\" class=\"global-image\" decoding=\"async\" fetchpriority=\"low\" height=\"3487\" loading=\"lazy\" src=\"https:\/\/www.europesays.com\/es\/wp-content\/uploads\/2026\/01\/USKUB62MDZH5XHHPE4HKRRAQ34.jpg\" width=\"5263\"\/>El sencillo &#8216;Ob-La-Di, Ob-La-Da&#8217; no se lanz\u00f3 de inmediato en Estados Unidos ni en Reino Unido, sino reci\u00e9n en 1976 acompa\u00f1ado de &#8216;Julia&#8217; (Photo by Mark and Colleen Hayward\/Redferns)<\/p>\n<p class=\"paragraph\">El recorrido de la canci\u00f3n, indic\u00f3 American Songwriter, desde sesiones agotadoras hasta la censura d\u00e9cadas despu\u00e9s, refuerza el impacto y la vigencia del legado de The Beatles. <b>\u201cOb-La-Di, Ob-La-Da\u201d contin\u00faa presente en la memoria colectiva<\/b>, como ejemplo de creatividad, perseverancia y adaptabilidad frente a la adversidad. La historia de su grabaci\u00f3n y posterior trayectoria revela c\u00f3mo una idea puede transformar el destino de una obra y marcar a generaciones enteras.<\/p>\n<p class=\"paragraph\"><b>The Beatles<\/b> lograron, con esta canci\u00f3n, unir diferentes estilos y perspectivas. El aporte de cada integrante, especialmente en situaciones adversas, permiti\u00f3 que el grupo consolidara su lugar en la historia de la m\u00fasica popular. <b>Sin la intervenci\u00f3n de Lennon, el resultado hubiera sido distinto<\/b>. \u201cOb-La-Di, Ob-La-Da\u201d permanece como testimonio de la fuerza de la colaboraci\u00f3n y del poder de una idea en el momento justo. La canci\u00f3n, que por momentos dividi\u00f3 opiniones dentro del grupo, acab\u00f3 representando la capacidad de reinventarse y de superar las dificultades en la b\u00fasqueda de un objetivo com\u00fan.<\/p>\n","protected":false},"excerpt":{"rendered":"La grabaci\u00f3n de &#8216;Ob-La-Di, Ob-La-Da&#8217; de The Beatles requiri\u00f3 42 horas y m\u00faltiples tomas ante el bloqueo creativo&hellip;\n","protected":false},"author":2,"featured_media":326298,"comment_status":"","ping_status":"","sticky":false,"template":"","format":"standard","meta":{"footnotes":""},"categories":[170],"tags":[2823,146,147,25,24,184,185,23,63533],"class_list":{"0":"post-326297","1":"post","2":"type-post","3":"status-publish","4":"format-standard","5":"has-post-thumbnail","7":"category-musica","8":"tag-apple","9":"tag-entertainment","10":"tag-entretenimiento","11":"tag-es","12":"tag-espana","13":"tag-music","14":"tag-musica","15":"tag-spain","16":"tag-the-beatles-anthology"},"share_on_mastodon":{"url":"https:\/\/pubeurope.com\/@es\/115849113602977281","error":""},"_links":{"self":[{"href":"https:\/\/www.europesays.com\/es\/wp-json\/wp\/v2\/posts\/326297","targetHints":{"allow":["GET"]}}],"collection":[{"href":"https:\/\/www.europesays.com\/es\/wp-json\/wp\/v2\/posts"}],"about":[{"href":"https:\/\/www.europesays.com\/es\/wp-json\/wp\/v2\/types\/post"}],"author":[{"embeddable":true,"href":"https:\/\/www.europesays.com\/es\/wp-json\/wp\/v2\/users\/2"}],"replies":[{"embeddable":true,"href":"https:\/\/www.europesays.com\/es\/wp-json\/wp\/v2\/comments?post=326297"}],"version-history":[{"count":0,"href":"https:\/\/www.europesays.com\/es\/wp-json\/wp\/v2\/posts\/326297\/revisions"}],"wp:featuredmedia":[{"embeddable":true,"href":"https:\/\/www.europesays.com\/es\/wp-json\/wp\/v2\/media\/326298"}],"wp:attachment":[{"href":"https:\/\/www.europesays.com\/es\/wp-json\/wp\/v2\/media?parent=326297"}],"wp:term":[{"taxonomy":"category","embeddable":true,"href":"https:\/\/www.europesays.com\/es\/wp-json\/wp\/v2\/categories?post=326297"},{"taxonomy":"post_tag","embeddable":true,"href":"https:\/\/www.europesays.com\/es\/wp-json\/wp\/v2\/tags?post=326297"}],"curies":[{"name":"wp","href":"https:\/\/api.w.org\/{rel}","templated":true}]}}