{"id":326315,"date":"2026-01-06T16:40:11","date_gmt":"2026-01-06T16:40:11","guid":{"rendered":"https:\/\/www.europesays.com\/es\/326315\/"},"modified":"2026-01-06T16:40:11","modified_gmt":"2026-01-06T16:40:11","slug":"cancelo-vuelve-al-barca-acuerdo-total","status":"publish","type":"post","link":"https:\/\/www.europesays.com\/es\/326315\/","title":{"rendered":"Cancelo vuelve al Bar\u00e7a: acuerdo total"},"content":{"rendered":"<p data-mrf-recirculation=\"Links P\u00e1rrafos\" class=\"ue-c-article__paragraph paragraph ue-c-article--first-letter-highlighted\">El Barcelona ha cerrado<strong> la incorporaci\u00f3n de Joan Cancelo<\/strong> para lo que queda de temporada. El acuerdo es total entre todas las partes y s\u00f3lo queda la redacci\u00f3n de los contratos y la firma de ambos clubes y del jugador. Antes, l<strong>a comisi\u00f3n m\u00e9dica de LaLiga tendr\u00e1 que dar el visto bueno a la baja por cuatro meses de Andreas Christensen,<\/strong> pero esto no supondr\u00e1 ning\u00fan problema porque la lesi\u00f3n es muy clara.<\/p>\n<p>\u00abCancelo es otro negocio turbio m\u00e1s de Laporta\u00bb<\/p>\n<p data-mrf-recirculation=\"Links P\u00e1rrafos\" class=\"ue-c-article__paragraph paragraph\">La operaci\u00f3n se ha precipitado en las \u00faltimas horas<strong> ante el empuje del Inter,<\/strong> que tambi\u00e9n pretend\u00eda la incorporaci\u00f3n del jugador y estaba apostando fuerte. No es la mejor opci\u00f3n para el Barcelona. <strong>Flick quer\u00eda un central para suplir la baja de larga duraci\u00f3n de Christensen<\/strong>, pero el mercado no ofrec\u00eda buenos jugadores en esta demarcaci\u00f3n.<\/p>\n<p><img decoding=\"async\" width=\"2998\" height=\"2000\" class=\"ue-c-article__image lazyload\" alt=\"Hansi Flick, entrenador del Barcelona.\" loading=\"lazy\" src=\"https:\/\/www.europesays.com\/es\/wp-content\/uploads\/2026\/01\/695ce9ccc8bac.jpeg\"\/><\/p>\n<p>Hansi Flick, entrenador del Barcelona.EFE<\/p>\n<p>El jugador quer\u00eda salir de Arabia<\/p>\n<p data-mrf-recirculation=\"Links P\u00e1rrafos\" class=\"ue-c-article__paragraph paragraph\">La opci\u00f3n de Cancelo estaba encima de la mesa desde hac\u00eda tiempo porque <strong>el jugador no estaba a gusto en Arabia y quer\u00eda volver al f\u00fatbol europeo.<\/strong> El Barcelona ten\u00eda un hueco en su posici\u00f3n porque el lateral derecho es una demarcaci\u00f3n que Flick no tiene doblada. Sin embargo, la plantilla estaba cerrada.<strong> La lesi\u00f3n de Christensen abri\u00f3 de nuevo esta posibilidad <\/strong>y Cancelo se ofreci\u00f3 nuevamente al club azulgrana.<\/p>\n<p>La polivalencia<\/p>\n<p data-mrf-recirculation=\"Links P\u00e1rrafos\" class=\"ue-c-article__paragraph paragraph\">La ventaja que ofrec\u00eda Cancelo es que es un jugador que conoce el club y, aunque no es central,<strong> su polivalencia para jugar en las dos bandas da opciones al entrenador alem\u00e1n<\/strong>. Gerard Mart\u00edn se va a quedar como central y, si hiciera falta, <strong>Kound\u00e9 podr\u00eda jugar ah\u00ed en un caso de emergencia<\/strong>, ya que su puesto estar\u00eda cubierto por Cancelo. Ante esta situaci\u00f3n, el Barcelona decidi\u00f3 ir a por el portugu\u00e9s.<\/p>\n<p><img decoding=\"async\" width=\"3000\" height=\"2000\" class=\"ue-c-article__image lazyload\" alt=\"Joao Cancelo y Joao F\u00e9lix, el d\u00eda de su presentaci\u00f3n.\" loading=\"lazy\" src=\"https:\/\/www.europesays.com\/es\/wp-content\/uploads\/2026\/01\/695ce9ff52b9f.jpeg\"\/><\/p>\n<p>Joao Cancelo y Joao F\u00e9lix, el d\u00eda de su presentaci\u00f3n.EFE<\/p>\n<p>Cesi\u00f3n hasta junio<\/p>\n<p data-mrf-recirculation=\"Links P\u00e1rrafos\" class=\"ue-c-article__paragraph paragraph\">El acuerdo para el club azulgrana es bueno. <strong>Cancelo llegar\u00e1 cedido hasta final de temporada<\/strong> y cobrar\u00e1 la parte proporcional de la ficha de Christensen que permite la reglamentaci\u00f3n. Es decir, <strong>la llegada del lateral no supone ning\u00fan coste a\u00f1adido para el Barcelona.<\/strong> En los pr\u00f3ximos d\u00edas se har\u00e1 oficial el acuerdo.<\/p>\n<p>Contratos e informe m\u00e9dico<\/p>\n<p data-mrf-recirculation=\"Links P\u00e1rrafos\" class=\"ue-c-article__paragraph paragraph\">Por una parte, tienen que resolverse los contratos entre todas las partes. <strong>En este momento se est\u00e1 procediendo a su redacci\u00f3n<\/strong> y, paralelamente, se enviar\u00e1 a LaLiga el informe m\u00e9dico, este martes no se ha hecho al ser la festividad de los Reyes Magos, para que d\u00e9 el visto bueno a la operaci\u00f3n. <strong>El Barcelona est\u00e1 dentro de plazo porque todav\u00eda dispone de una semana m\u00e1s<\/strong> para activar el fichaje.<\/p>\n","protected":false},"excerpt":{"rendered":"El Barcelona ha cerrado la incorporaci\u00f3n de Joan Cancelo para lo que queda de temporada. El acuerdo es&hellip;\n","protected":false},"author":2,"featured_media":326316,"comment_status":"","ping_status":"","sticky":false,"template":"","format":"standard","meta":{"footnotes":""},"categories":[5],"tags":[17,18,25,24,13,14,11,19,20,9,10,15,16,23,12,21,22],"class_list":{"0":"post-326315","1":"post","2":"type-post","3":"status-publish","4":"format-standard","5":"has-post-thumbnail","7":"category-titulares","8":"tag-breaking-news","9":"tag-breakingnews","10":"tag-es","11":"tag-espana","12":"tag-featured-news","13":"tag-featurednews","14":"tag-headlines","15":"tag-latest-news","16":"tag-latestnews","17":"tag-news","18":"tag-noticias","19":"tag-noticias-destacadas","20":"tag-noticiasdestacadas","21":"tag-spain","22":"tag-titulares","23":"tag-ultimas-noticias","24":"tag-ultimasnoticias"},"share_on_mastodon":{"url":"https:\/\/pubeurope.com\/@es\/115849148695274638","error":""},"_links":{"self":[{"href":"https:\/\/www.europesays.com\/es\/wp-json\/wp\/v2\/posts\/326315","targetHints":{"allow":["GET"]}}],"collection":[{"href":"https:\/\/www.europesays.com\/es\/wp-json\/wp\/v2\/posts"}],"about":[{"href":"https:\/\/www.europesays.com\/es\/wp-json\/wp\/v2\/types\/post"}],"author":[{"embeddable":true,"href":"https:\/\/www.europesays.com\/es\/wp-json\/wp\/v2\/users\/2"}],"replies":[{"embeddable":true,"href":"https:\/\/www.europesays.com\/es\/wp-json\/wp\/v2\/comments?post=326315"}],"version-history":[{"count":0,"href":"https:\/\/www.europesays.com\/es\/wp-json\/wp\/v2\/posts\/326315\/revisions"}],"wp:featuredmedia":[{"embeddable":true,"href":"https:\/\/www.europesays.com\/es\/wp-json\/wp\/v2\/media\/326316"}],"wp:attachment":[{"href":"https:\/\/www.europesays.com\/es\/wp-json\/wp\/v2\/media?parent=326315"}],"wp:term":[{"taxonomy":"category","embeddable":true,"href":"https:\/\/www.europesays.com\/es\/wp-json\/wp\/v2\/categories?post=326315"},{"taxonomy":"post_tag","embeddable":true,"href":"https:\/\/www.europesays.com\/es\/wp-json\/wp\/v2\/tags?post=326315"}],"curies":[{"name":"wp","href":"https:\/\/api.w.org\/{rel}","templated":true}]}}