{"id":326325,"date":"2026-01-06T16:51:18","date_gmt":"2026-01-06T16:51:18","guid":{"rendered":"https:\/\/www.europesays.com\/es\/326325\/"},"modified":"2026-01-06T16:51:18","modified_gmt":"2026-01-06T16:51:18","slug":"villa-1374-the-purple-ink-studio","status":"publish","type":"post","link":"https:\/\/www.europesays.com\/es\/326325\/","title":{"rendered":"Villa 1374 \/ The Purple Ink Studio"},"content":{"rendered":"<p><a class=\"js-image-size__link \" href=\"https:\/\/www.archdaily.cl\/cl\/1037464\/villa-1374-the-purple-ink-studio\/6945593bbe50560189f534a2-villa-1374-the-purple-ink-studio-photo\" rel=\"attachment nofollow noopener\" style=\"width: 100%; height: 100%;\" target=\"_blank\"><img decoding=\"async\" alt=\"Villa 1374  \/ The Purple Ink Studio - Imagen 1 de 23\" data-nr-picture-id=\"6945593bbe50560189f534a2\" fetchpriority=\"high\" height=\"580\" itemprop=\"image\" loading=\"eager\" longdesc=\"https:\/\/www.archdaily.cl\/cl\/1037464\/villa-1374-the-purple-ink-studio\/6945593bbe50560189f534a2-villa-1374-the-purple-ink-studio-photo\" src=\"https:\/\/www.europesays.com\/es\/wp-content\/uploads\/2026\/01\/villa-1374-the-purple-ink-studio_1.jpg\" style=\"min-height: var(--featured-height, auto); aspect-ratio: auto 393 \/ 580\" width=\"393\"\/><\/a>\u00a9 Ishita Sitwala<\/p>\n<p class=\"thumbs afd-desktop-e clearfix\"><a class=\"thumbs__link\" data-nr-picture-id=\"6945593c98d254017e013111\" href=\"https:\/\/www.archdaily.cl\/cl\/1037464\/villa-1374-the-purple-ink-studio\/6945593c98d254017e013111-villa-1374-the-purple-ink-studio-photo\" rel=\"attachment nofollow noopener\" target=\"_blank\"><img loading=\"lazy\" decoding=\"async\" alt=\"Villa 1374  \/ The Purple Ink Studio - Fotograf\u00eda exterior, Jard\u00edn, Patio interior\" class=\"thumbs__img b-lazy\" data-nr-picture-id=\"6945593c98d254017e013111\" data-pin-nopin=\"true\" src=\"https:\/\/www.europesays.com\/es\/wp-content\/uploads\/2026\/01\/villa-1374-the-purple-ink-studio_15.jpg\" height=\"125\" longdesc=\"https:\/\/www.archdaily.cl\/cl\/1037464\/villa-1374-the-purple-ink-studio\/6945593c98d254017e013111-villa-1374-the-purple-ink-studio-photo\" title=\"\u00a9 Ishita Sitwala\" width=\"125\"\/><\/a><a class=\"thumbs__link\" data-nr-picture-id=\"6945594298d254017e013113\" href=\"https:\/\/www.archdaily.cl\/cl\/1037464\/villa-1374-the-purple-ink-studio\/6945594298d254017e013113-villa-1374-the-purple-ink-studio-photo\" rel=\"attachment nofollow noopener\" target=\"_blank\"><img loading=\"lazy\" decoding=\"async\" alt=\"Villa 1374  \/ The Purple Ink Studio - Fotograf\u00eda interior, Sala de estar, Madera, Sillas, Jard\u00edn\" class=\"thumbs__img b-lazy\" data-nr-picture-id=\"6945594298d254017e013113\" data-pin-nopin=\"true\" src=\"https:\/\/www.europesays.com\/es\/wp-content\/uploads\/2026\/01\/villa-1374-the-purple-ink-studio_7.jpg\" height=\"125\" longdesc=\"https:\/\/www.archdaily.cl\/cl\/1037464\/villa-1374-the-purple-ink-studio\/6945594298d254017e013113-villa-1374-the-purple-ink-studio-photo\" title=\"\u00a9 Ishita Sitwala\" width=\"125\"\/><\/a><a class=\"thumbs__link\" data-nr-picture-id=\"6945593943c12a018920aa4a\" href=\"https:\/\/www.archdaily.cl\/cl\/1037464\/villa-1374-the-purple-ink-studio\/6945593943c12a018920aa4a-villa-1374-the-purple-ink-studio-photo\" rel=\"attachment nofollow noopener\" target=\"_blank\"><img loading=\"lazy\" decoding=\"async\" alt=\"Villa 1374  \/ The Purple Ink Studio - Fotograf\u00eda interior, Sillas\" class=\"thumbs__img b-lazy\" data-nr-picture-id=\"6945593943c12a018920aa4a\" data-pin-nopin=\"true\" src=\"https:\/\/www.europesays.com\/es\/wp-content\/uploads\/2026\/01\/villa-1374-the-purple-ink-studio_5.jpg\" height=\"125\" longdesc=\"https:\/\/www.archdaily.cl\/cl\/1037464\/villa-1374-the-purple-ink-studio\/6945593943c12a018920aa4a-villa-1374-the-purple-ink-studio-photo\" title=\"\u00a9 Ishita Sitwala\" width=\"125\"\/><\/a><a class=\"thumbs__link\" data-nr-picture-id=\"6945594d98d254017e013116\" href=\"https:\/\/www.archdaily.cl\/cl\/1037464\/villa-1374-the-purple-ink-studio\/6945594d98d254017e013116-villa-1374-the-purple-ink-studio-photo\" rel=\"attachment nofollow noopener\" target=\"_blank\"><img loading=\"lazy\" decoding=\"async\" alt=\"Villa 1374  \/ The Purple Ink Studio - Fotograf\u00eda exterior, Madera\" class=\"thumbs__img b-lazy\" data-nr-picture-id=\"6945594d98d254017e013116\" data-pin-nopin=\"true\" src=\"https:\/\/www.europesays.com\/es\/wp-content\/uploads\/2026\/01\/villa-1374-the-purple-ink-studio_3.jpg\" height=\"125\" longdesc=\"https:\/\/www.archdaily.cl\/cl\/1037464\/villa-1374-the-purple-ink-studio\/6945594d98d254017e013116-villa-1374-the-purple-ink-studio-photo\" title=\"\u00a9 Ishita Sitwala\" width=\"125\"\/><\/a><a class=\"gallery-link afd-desktop-e\" href=\"https:\/\/www.archdaily.cl\/cl\/1037464\/villa-1374-the-purple-ink-studio\/6945593bbe50560189f534a2-villa-1374-the-purple-ink-studio-photo\" rel=\"nofollow noopener\" target=\"_blank\"><img decoding=\"async\" alt=\"Villa 1374  \/ The Purple Ink Studio - M\u00e1s Im\u00e1genes\" class=\"thumbs__img b-lazy\" src=\"https:\/\/www.europesays.com\/es\/wp-content\/uploads\/2026\/01\/villa-1374-the-purple-ink-studio_1.jpg\" itemprop=\"image\" bad-src=\"data:image\/gif;base64,R0lGODlhAQABAIAAAAUEBAAAACwAAAAAAQABAAACAkQBADs=\"\/>+ 18<\/a><\/p>\n<p>    Compartir<\/p>\n<p>Compartir<\/p>\n<ul class=\"afd-share__networks clearfix\">\n<li class=\"afd-share__social\"><a aria-label=\"Facebook\" class=\"afd-share__button\" data-insights-category=\"share\" data-insights-label=\"facebook_sharing_options\" data-insights-value=\"1037464\" data-social=\"facebook\" href=\"https:\/\/www.facebook.com\/sharer\/sharer.php?u=https:\/\/www.archdaily.cl\/cl\/1037464\/villa-1374-the-purple-ink-studio\" rel=\"nofollow noopener\" target=\"_blank\"><\/a>\n<p>Facebook<\/p>\n<\/li>\n<li class=\"afd-share__social\"><a aria-label=\"Twitter\" class=\"afd-share__button\" data-insights-category=\"share\" data-insights-label=\"twitter_sharing_options\" data-insights-value=\"1037464\" data-social=\"twitter\" href=\"https:\/\/twitter.com\/intent\/tweet?text=Villa%201374%20%20%2F%20The%20Purple%20Ink%20Studio&amp;url=https:\/\/www.archdaily.cl\/cl\/1037464\/villa-1374-the-purple-ink-studio&amp;via=parq\" rel=\"nofollow noopener\" target=\"_blank\"><\/a>\n<p>Twitter<\/p>\n<\/li>\n<li class=\"afd-share__social\"><a class=\"afd-share__button\" data-insights-category=\"share\" data-insights-label=\"email_sharing_options\" data-insights-value=\"1037464\" data-social=\"email\" href=\"mailto:?subject=Villa 1374  \/ The Purple Ink Studio&amp;body=https:\/\/www.archdaily.cl\/cl\/1037464\/villa-1374-the-purple-ink-studio\"><\/a>\n<p>Mail<\/p>\n<\/li>\n<li class=\"afd-share__social\"><a aria-label=\"Pinterest\" class=\"afd-share__button\" data-insights-category=\"share\" data-insights-label=\"pinterest_sharing_options\" data-insights-value=\"1037464\" data-social=\"pinterest\" href=\"https:\/\/pinterest.com\/pin\/create\/button\/?url=https%3A%2F%2Fwww.archdaily.cl%2Fcl%2F1037464%2Fvilla-1374-the-purple-ink-studio&amp;media=https%3A%2F%2Fimages.adsttc.com%2Fmedia%2Fimages%2F6945%2F593b%2Fbe50%2F5601%2F89f5%2F34a2%2Flarge_jpg%2Fvilla-1374-the-purple-ink-studio_1.jpg%3F1766152564&amp;description=Villa%201374%20%20%2F%20The%20Purple%20Ink%20Studio\" rel=\"nofollow noopener\" target=\"_blank\"><\/a>\n<p>Pinterest<\/p>\n<\/li>\n<li class=\"afd-share__social\"><a aria-label=\"Whatsapp\" class=\"afd-share__button\" data-action=\"share\/whatsapp\/share\" data-insights-category=\"share\" data-insights-label=\"whatsapp_sharing_options\" data-insights-value=\"1037464\" data-social=\"whatsapp\" href=\"whatsapp:\/\/send?text=Villa+1374++%2F+The+Purple+Ink+Studio+%7C+https%3A%2F%2Fwww.archdaily.cl%2Fcl%2F1037464%2Fvilla-1374-the-purple-ink-studio%3Futm_source%3DWhatsapp%26utm_medium%3DIM%26utm_campaign%3Dshare-button\" rel=\"nofollow\"><\/a>\n<p>Whatsapp<\/p>\n<\/li>\n<\/ul>\n<p>O<\/p>\n<p>https:\/\/www.archdaily.cl\/cl\/1037464\/villa-1374-the-purple-ink-studio<\/p>\n<p>  Portapapeles<\/p>\n<p>              \u00abCOPY\u00bb<\/p>\n<p>Copiar<br \/>\n<a class=\"js-image-size__link lazy-anchor\" href=\"https:\/\/www.archdaily.cl\/cl\/1037464\/villa-1374-the-purple-ink-studio\/6945594a98d254017e013115-villa-1374-the-purple-ink-studio-photo\" rel=\"nofollow noopener\" target=\"_blank\"><img decoding=\"async\" alt=\"Villa 1374  \/ The Purple Ink Studio - Fotograf\u00eda exterior, Balc\u00f3n\" data-nr-picture-id=\"6945594a98d254017e013115\" height=\"427\" itemprop=\"image\" loading=\"lazy\" longdesc=\"https:\/\/www.archdaily.cl\/cl\/1037464\/villa-1374-the-purple-ink-studio\/6945594a98d254017e013115-villa-1374-the-purple-ink-studio-photo\" src=\"https:\/\/www.europesays.com\/es\/wp-content\/uploads\/2026\/01\/villa-1374-the-purple-ink-studio_2.jpg\" width=\"640\"\/>\u00a9 Ishita Sitwala<\/a><\/p>\n<p>Descripci\u00f3n enviada por el equipo del proyecto. El Proyecto 1374 est\u00e1 ubicado en una de las urbanizaciones parceladas del norte de <a href=\"https:\/\/www.archdaily.cl\/cl\/tag\/bangalore\" rel=\"nofollow noopener\" target=\"_blank\">Bangalore<\/a>, que se caracteriza por sitios bien delimitados, carreteras amplias y una infraestructura organizada. Los \u00e1rboles flanquean las amplias calles y con sus densas copas ofrecen avenidas sombreadas. Junto al terreno se ergu\u00eda un grupo de \u00e1rboles que incorporamos en el dise\u00f1o, extendiendo su presencia en la narrativa del hogar. <\/p>\n<p><a class=\"js-image-size__link lazy-anchor\" href=\"https:\/\/www.archdaily.cl\/cl\/1037464\/villa-1374-the-purple-ink-studio\/6945594298d254017e013113-villa-1374-the-purple-ink-studio-photo\" rel=\"nofollow noopener\" target=\"_blank\"><img decoding=\"async\" alt=\"Villa 1374  \/ The Purple Ink Studio - Fotograf\u00eda interior, Sala de estar, Madera, Sillas, Jard\u00edn\" data-nr-picture-id=\"6945594298d254017e013113\" height=\"427\" itemprop=\"image\" loading=\"lazy\" longdesc=\"https:\/\/www.archdaily.cl\/cl\/1037464\/villa-1374-the-purple-ink-studio\/6945594298d254017e013113-villa-1374-the-purple-ink-studio-photo\" src=\"https:\/\/www.europesays.com\/es\/wp-content\/uploads\/2026\/01\/1767718273_204_villa-1374-the-purple-ink-studio_7.jpg\" width=\"640\"\/>\u00a9 Ishita Sitwala<\/a><a class=\"js-image-size__link lazy-anchor\" href=\"https:\/\/www.archdaily.cl\/cl\/1037464\/villa-1374-the-purple-ink-studio\/6945594498d254017e013114-villa-1374-the-purple-ink-studio-photo\" rel=\"nofollow noopener\" target=\"_blank\"><img decoding=\"async\" alt=\"Villa 1374  \/ The Purple Ink Studio - Fotograf\u00eda interior, Sala de estar, Madera, Sillones, Mesas, Sillas\" data-nr-picture-id=\"6945594498d254017e013114\" height=\"427\" itemprop=\"image\" loading=\"lazy\" longdesc=\"https:\/\/www.archdaily.cl\/cl\/1037464\/villa-1374-the-purple-ink-studio\/6945594498d254017e013114-villa-1374-the-purple-ink-studio-photo\" src=\"https:\/\/www.europesays.com\/es\/wp-content\/uploads\/2026\/01\/villa-1374-the-purple-ink-studio_6.jpg\" width=\"640\"\/>\u00a9 Ishita Sitwala<\/a><\/p>\n<p>Una base s\u00f3lida, casi monol\u00edtica, ancla la casa al suelo. Mientras tanto, las capas superiores superpuestas parecen flotar, envolvi\u00e9ndose y desenroll\u00e1ndose para permitir que los vac\u00edos verdes se entrelacen. La masa construida retrocede, dando prioridad a los espacios abiertos y rompiendo con los l\u00edmites r\u00edgidos. La vivienda se despliega como una composici\u00f3n de vol\u00famenes escalonados, cuidadosamente posicionados para crear espacios construidos y sin construir. Sin limitarse por los muros, los niveles con patio se convierten en el centro de las experiencias compartidas. Los espacios sociales fluyen sin interrupciones en cada nivel, fomentando una profunda sensaci\u00f3n de conexi\u00f3n, mientras que los espacios privados est\u00e1n envueltos en un tranquilo aislamiento.<\/p>\n<p><a class=\"js-image-size__link lazy-anchor\" href=\"https:\/\/www.archdaily.cl\/cl\/1037464\/villa-1374-the-purple-ink-studio\/6945594943c12a018920aa4e-villa-1374-the-purple-ink-studio-photo\" rel=\"nofollow noopener\" target=\"_blank\"><img decoding=\"async\" alt=\"Villa 1374  \/ The Purple Ink Studio - Fotograf\u00eda exterior\" data-nr-picture-id=\"6945594943c12a018920aa4e\" height=\"427\" itemprop=\"image\" loading=\"lazy\" longdesc=\"https:\/\/www.archdaily.cl\/cl\/1037464\/villa-1374-the-purple-ink-studio\/6945594943c12a018920aa4e-villa-1374-the-purple-ink-studio-photo\" src=\"https:\/\/www.europesays.com\/es\/wp-content\/uploads\/2026\/01\/villa-1374-the-purple-ink-studio_9.jpg\" width=\"640\"\/>\u00a9 Ishita Sitwala<\/a><\/p>\n<p>Informal pero \u00edntima, esta cuidadosa orquestaci\u00f3n de vol\u00famenes crea capas que rompen con la forma r\u00edgida, conectando a sus habitantes con la presencia de la naturaleza. La disposici\u00f3n intercalada de vol\u00famenes de doble altura con patios crea oportunidades para la circulaci\u00f3n, desplegando un viaje que revela vistas enmarcadas, momentos de pausa y una conexi\u00f3n constante con el paisaje. La escalera se desarrolla en niveles, mientras que los pasillos se abren a patios, conect\u00e1ndose con las zonas m\u00e1s tranquilas y reservadas. Mientras que el paisaje se convierte en un compa\u00f1ero siempre presente, se establece un ritmo de vislumbres y quietud. Esta interacci\u00f3n no solo da forma a la experiencia espacial, sino que tambi\u00e9n se convierte en un lienzo para la luz y la sombra, revelando su car\u00e1cter en capas.<\/p>\n<p><a class=\"js-image-size__link lazy-anchor\" href=\"https:\/\/www.archdaily.cl\/cl\/1037464\/villa-1374-the-purple-ink-studio\/6945598a43c12a018920aa52-villa-1374-the-purple-ink-studio-first-floor-plan\" rel=\"nofollow noopener\" target=\"_blank\"><img decoding=\"async\" alt=\"Villa 1374  \/ The Purple Ink Studio - Imagen 20 de 23\" data-nr-picture-id=\"6945598a43c12a018920aa52\" height=\"427\" itemprop=\"image\" loading=\"lazy\" longdesc=\"https:\/\/www.archdaily.cl\/cl\/1037464\/villa-1374-the-purple-ink-studio\/6945598a43c12a018920aa52-villa-1374-the-purple-ink-studio-first-floor-plan\" src=\"https:\/\/www.europesays.com\/es\/wp-content\/uploads\/2026\/01\/02-first-floor-2.jpg\" width=\"640\"\/>Planta &#8211; 1er nivel<\/a><a class=\"js-image-size__link lazy-anchor\" href=\"https:\/\/www.archdaily.cl\/cl\/1037464\/villa-1374-the-purple-ink-studio\/6945598cbe50560189f534a4-villa-1374-the-purple-ink-studio-terrace-level-plan\" rel=\"nofollow noopener\" target=\"_blank\"><img decoding=\"async\" alt=\"Villa 1374  \/ The Purple Ink Studio - Imagen 23 de 23\" data-nr-picture-id=\"6945598cbe50560189f534a4\" height=\"427\" itemprop=\"image\" loading=\"lazy\" longdesc=\"https:\/\/www.archdaily.cl\/cl\/1037464\/villa-1374-the-purple-ink-studio\/6945598cbe50560189f534a4-villa-1374-the-purple-ink-studio-terrace-level-plan\" src=\"https:\/\/www.europesays.com\/es\/wp-content\/uploads\/2026\/01\/agarwal-villa-terrace-5.jpg\" width=\"640\"\/>Planta &#8211; Terraza<\/a><\/p>\n<p>Con la piscina y las zonas de entretenimiento, la terraza del nivel superior est\u00e1 concebida m\u00e1s como una prolongaci\u00f3n que como un final, un lugar donde el ritmo contin\u00faa desarroll\u00e1ndose. Un retiro elevado que combina el ocio con la apertura.<\/p>\n<p><a class=\"js-image-size__link lazy-anchor\" href=\"https:\/\/www.archdaily.cl\/cl\/1037464\/villa-1374-the-purple-ink-studio\/6945593c98d254017e013111-villa-1374-the-purple-ink-studio-photo\" rel=\"nofollow noopener\" target=\"_blank\"><img decoding=\"async\" alt=\"Villa 1374  \/ The Purple Ink Studio - Fotograf\u00eda exterior, Jard\u00edn, Patio interior\" data-nr-picture-id=\"6945593c98d254017e013111\" height=\"427\" itemprop=\"image\" loading=\"lazy\" longdesc=\"https:\/\/www.archdaily.cl\/cl\/1037464\/villa-1374-the-purple-ink-studio\/6945593c98d254017e013111-villa-1374-the-purple-ink-studio-photo\" src=\"https:\/\/www.europesays.com\/es\/wp-content\/uploads\/2026\/01\/1767718275_229_villa-1374-the-purple-ink-studio_15.jpg\" width=\"640\"\/>\u00a9 Ishita Sitwala<\/a><a class=\"js-image-size__link lazy-anchor\" href=\"https:\/\/www.archdaily.cl\/cl\/1037464\/villa-1374-the-purple-ink-studio\/6945593dbe50560189f534a3-villa-1374-the-purple-ink-studio-photo\" rel=\"nofollow noopener\" target=\"_blank\"><img decoding=\"async\" alt=\"Villa 1374  \/ The Purple Ink Studio - Fotograf\u00eda interior, Sala de estar, Sillas, Patio\" data-nr-picture-id=\"6945593dbe50560189f534a3\" height=\"427\" itemprop=\"image\" loading=\"lazy\" longdesc=\"https:\/\/www.archdaily.cl\/cl\/1037464\/villa-1374-the-purple-ink-studio\/6945593dbe50560189f534a3-villa-1374-the-purple-ink-studio-photo\" src=\"https:\/\/www.europesays.com\/es\/wp-content\/uploads\/2026\/01\/villa-1374-the-purple-ink-studio_17.jpg\" width=\"640\"\/>\u00a9 Ishita Sitwala<\/a><a class=\"js-image-size__link lazy-anchor\" href=\"https:\/\/www.archdaily.cl\/cl\/1037464\/villa-1374-the-purple-ink-studio\/69455939be50560189f534a1-villa-1374-the-purple-ink-studio-photo\" rel=\"nofollow noopener\" target=\"_blank\"><img decoding=\"async\" alt=\"Villa 1374  \/ The Purple Ink Studio - Fotograf\u00eda interior, Sillas, Balc\u00f3n, Patio, Patio interior\" data-nr-picture-id=\"69455939be50560189f534a1\" height=\"427\" itemprop=\"image\" loading=\"lazy\" longdesc=\"https:\/\/www.archdaily.cl\/cl\/1037464\/villa-1374-the-purple-ink-studio\/69455939be50560189f534a1-villa-1374-the-purple-ink-studio-photo\" src=\"https:\/\/www.europesays.com\/es\/wp-content\/uploads\/2026\/01\/villa-1374-the-purple-ink-studio_18.jpg\" width=\"640\"\/>\u00a9 Ishita Sitwala<\/a><\/p>\n<p>El paisaje como una presencia tranquila \u2013 Asegurando que el hogar est\u00e9 siempre en armon\u00eda con su entorno, los tonos verdes se convierten en un compa\u00f1ero tranquilo en la vida cotidiana. Las macetas, las plantas y el follaje eran parte integral de la anterior vivienda del cliente. En lugar de empezar de cero, optamos por reubicar estas plantas dentro de la nueva arquitectura, permiti\u00e9ndoles sembrar la narrativa del paisaje. Su presencia suaviz\u00f3 la transici\u00f3n y ofreci\u00f3 una sensaci\u00f3n de continuidad, tendiendo un puente entre el recuerdo y el presente.<\/p>\n<p><a class=\"js-image-size__link lazy-anchor\" href=\"https:\/\/www.archdaily.cl\/cl\/1037464\/villa-1374-the-purple-ink-studio\/6945594743c12a018920aa4d-villa-1374-the-purple-ink-studio-photo\" rel=\"nofollow noopener\" target=\"_blank\"><img decoding=\"async\" alt=\"Villa 1374  \/ The Purple Ink Studio - Fotograf\u00eda interior, Dormitorio, Camas, Iluminaci\u00f3n\" data-nr-picture-id=\"6945594743c12a018920aa4d\" height=\"427\" itemprop=\"image\" loading=\"lazy\" longdesc=\"https:\/\/www.archdaily.cl\/cl\/1037464\/villa-1374-the-purple-ink-studio\/6945594743c12a018920aa4d-villa-1374-the-purple-ink-studio-photo\" src=\"https:\/\/www.europesays.com\/es\/wp-content\/uploads\/2026\/01\/villa-1374-the-purple-ink-studio_10.jpg\" width=\"640\"\/>\u00a9 Ishita Sitwala<\/a><a class=\"js-image-size__link lazy-anchor\" href=\"https:\/\/www.archdaily.cl\/cl\/1037464\/villa-1374-the-purple-ink-studio\/6945594443c12a018920aa4c-villa-1374-the-purple-ink-studio-photo\" rel=\"nofollow noopener\" target=\"_blank\"><img decoding=\"async\" alt=\"Villa 1374  \/ The Purple Ink Studio - Fotograf\u00eda interior, Dormitorio, Madera, Sillas\" data-nr-picture-id=\"6945594443c12a018920aa4c\" height=\"427\" itemprop=\"image\" loading=\"lazy\" longdesc=\"https:\/\/www.archdaily.cl\/cl\/1037464\/villa-1374-the-purple-ink-studio\/6945594443c12a018920aa4c-villa-1374-the-purple-ink-studio-photo\" src=\"https:\/\/www.europesays.com\/es\/wp-content\/uploads\/2026\/01\/villa-1374-the-purple-ink-studio_8.jpg\" width=\"640\"\/>\u00a9 Ishita Sitwala<\/a><\/p>\n<p>En combinaci\u00f3n con la piedra caliza rugosa y los cilindros de gaviones, un umbral meditativo y una pausa tranquila en el nivel de la entrada difuminan la frontera entre el interior y el exterior. Las texturas rugosas fijan los espacios verdes, a\u00f1adiendo una sensaci\u00f3n de quietud, mientras que el follaje en cascada suaviza esos bordes.<\/p>\n<p><a class=\"js-image-size__link lazy-anchor\" href=\"https:\/\/www.archdaily.cl\/cl\/1037464\/villa-1374-the-purple-ink-studio\/6945593d98d254017e013112-villa-1374-the-purple-ink-studio-photo\" rel=\"nofollow noopener\" target=\"_blank\"><img decoding=\"async\" alt=\"Villa 1374  \/ The Purple Ink Studio - Fotograf\u00eda interior\" data-nr-picture-id=\"6945593d98d254017e013112\" height=\"427\" itemprop=\"image\" loading=\"lazy\" longdesc=\"https:\/\/www.archdaily.cl\/cl\/1037464\/villa-1374-the-purple-ink-studio\/6945593d98d254017e013112-villa-1374-the-purple-ink-studio-photo\" src=\"https:\/\/www.europesays.com\/es\/wp-content\/uploads\/2026\/01\/villa-1374-the-purple-ink-studio_13.jpg\" width=\"640\"\/>\u00a9 Ishita Sitwala<\/a><a class=\"js-image-size__link lazy-anchor\" href=\"https:\/\/www.archdaily.cl\/cl\/1037464\/villa-1374-the-purple-ink-studio\/6945594a43c12a018920aa4f-villa-1374-the-purple-ink-studio-photo\" rel=\"nofollow noopener\" target=\"_blank\"><img decoding=\"async\" alt=\"Villa 1374  \/ The Purple Ink Studio - Imagen 17 de 23\" data-nr-picture-id=\"6945594a43c12a018920aa4f\" height=\"427\" itemprop=\"image\" loading=\"lazy\" longdesc=\"https:\/\/www.archdaily.cl\/cl\/1037464\/villa-1374-the-purple-ink-studio\/6945594a43c12a018920aa4f-villa-1374-the-purple-ink-studio-photo\" src=\"https:\/\/www.europesays.com\/es\/wp-content\/uploads\/2026\/01\/villa-1374-the-purple-ink-studio_4.jpg\" width=\"640\"\/>\u00a9 Ishita Sitwala<\/a><\/p>\n<p>Al entrar, la materialidad define el tono y revela su intenci\u00f3n. La interacci\u00f3n entre lo crudo (superficies t\u00e1ctiles) y los verdes en los patios superiores invita a un compromiso sensorial, conduciendo suavemente hacia la presencia, atray\u00e9ndote hacia adentro. El follaje en cascada fluye libremente e introduce una suavidad que est\u00e1 profundamente arraigada en la vida del hogar.<\/p>\n<p><a class=\"js-image-size__link lazy-anchor\" href=\"https:\/\/www.archdaily.cl\/cl\/1037464\/villa-1374-the-purple-ink-studio\/6945594343c12a018920aa4b-villa-1374-the-purple-ink-studio-photo\" rel=\"nofollow noopener\" target=\"_blank\"><img decoding=\"async\" alt=\"Villa 1374  \/ The Purple Ink Studio - Fotograf\u00eda interior, Madera\" data-nr-picture-id=\"6945594343c12a018920aa4b\" height=\"427\" itemprop=\"image\" loading=\"lazy\" longdesc=\"https:\/\/www.archdaily.cl\/cl\/1037464\/villa-1374-the-purple-ink-studio\/6945594343c12a018920aa4b-villa-1374-the-purple-ink-studio-photo\" src=\"https:\/\/www.europesays.com\/es\/wp-content\/uploads\/2026\/01\/villa-1374-the-purple-ink-studio_16.jpg\" width=\"640\"\/>\u00a9 Ishita Sitwala<\/a><script async src=\"https:\/\/platform.twitter.com\/widgets.js\" charset=\"utf-8\"><\/script><\/p>\n","protected":false},"excerpt":{"rendered":"\u00a9 Ishita Sitwala + 18 Compartir Compartir Facebook Twitter Mail Pinterest Whatsapp O https:\/\/www.archdaily.cl\/cl\/1037464\/villa-1374-the-purple-ink-studio Portapapeles \u00abCOPY\u00bb Copiar \u00a9&hellip;\n","protected":false},"author":2,"featured_media":326326,"comment_status":"","ping_status":"","sticky":false,"template":"","format":"standard","meta":{"footnotes":""},"categories":[173],"tags":[801,802,229,233,231,230,75485,3738,232,234,146,147,25,24,23],"class_list":{"0":"post-326325","1":"post","2":"type-post","3":"status-publish","4":"format-standard","5":"has-post-thumbnail","7":"category-arte-y-diseno","8":"tag-arquitectura","9":"tag-arquitectura-residencial","10":"tag-arte","11":"tag-arte-y-diseno","12":"tag-arts","13":"tag-arts-and-design","14":"tag-bangalore","15":"tag-casas","16":"tag-design","17":"tag-diseno","18":"tag-entertainment","19":"tag-entretenimiento","20":"tag-es","21":"tag-espana","22":"tag-spain"},"share_on_mastodon":{"url":"https:\/\/pubeurope.com\/@es\/115849192370918921","error":""},"_links":{"self":[{"href":"https:\/\/www.europesays.com\/es\/wp-json\/wp\/v2\/posts\/326325","targetHints":{"allow":["GET"]}}],"collection":[{"href":"https:\/\/www.europesays.com\/es\/wp-json\/wp\/v2\/posts"}],"about":[{"href":"https:\/\/www.europesays.com\/es\/wp-json\/wp\/v2\/types\/post"}],"author":[{"embeddable":true,"href":"https:\/\/www.europesays.com\/es\/wp-json\/wp\/v2\/users\/2"}],"replies":[{"embeddable":true,"href":"https:\/\/www.europesays.com\/es\/wp-json\/wp\/v2\/comments?post=326325"}],"version-history":[{"count":0,"href":"https:\/\/www.europesays.com\/es\/wp-json\/wp\/v2\/posts\/326325\/revisions"}],"wp:featuredmedia":[{"embeddable":true,"href":"https:\/\/www.europesays.com\/es\/wp-json\/wp\/v2\/media\/326326"}],"wp:attachment":[{"href":"https:\/\/www.europesays.com\/es\/wp-json\/wp\/v2\/media?parent=326325"}],"wp:term":[{"taxonomy":"category","embeddable":true,"href":"https:\/\/www.europesays.com\/es\/wp-json\/wp\/v2\/categories?post=326325"},{"taxonomy":"post_tag","embeddable":true,"href":"https:\/\/www.europesays.com\/es\/wp-json\/wp\/v2\/tags?post=326325"}],"curies":[{"name":"wp","href":"https:\/\/api.w.org\/{rel}","templated":true}]}}